{"id":10958,"date":"2021-09-22T12:26:47","date_gmt":"2021-09-22T10:26:47","guid":{"rendered":"https:\/\/serveiseducatius.xtec.cat\/vallesoccidental3\/?p=10958"},"modified":"2021-09-22T12:31:46","modified_gmt":"2021-09-22T10:31:46","slug":"prevencio-i-gestio-dels-conflictes","status":"publish","type":"post","link":"https:\/\/serveiseducatius.xtec.cat\/vallesoccidental3\/portada\/prevencio-i-gestio-dels-conflictes\/","title":{"rendered":"Prevenci\u00f3 i gesti\u00f3 dels conflictes"},"content":{"rendered":"<p><a href=\"https:\/\/serveiseducatius.xtec.cat\/vallesoccidental3\/wp-content\/uploads\/usu1147\/2021\/09\/conflicte.png\"><img loading=\"lazy\" decoding=\"async\" class=\"wp-image-10959 alignright\" src=\"https:\/\/serveiseducatius.xtec.cat\/vallesoccidental3\/wp-content\/uploads\/usu1147\/2021\/09\/conflicte.png\" alt=\"\" width=\"145\" height=\"145\" srcset=\"https:\/\/serveiseducatius.xtec.cat\/vallesoccidental3\/wp-content\/uploads\/usu1147\/2021\/09\/conflicte.png 1200w, https:\/\/serveiseducatius.xtec.cat\/vallesoccidental3\/wp-content\/uploads\/usu1147\/2021\/09\/conflicte-300x300.png 300w, https:\/\/serveiseducatius.xtec.cat\/vallesoccidental3\/wp-content\/uploads\/usu1147\/2021\/09\/conflicte-1024x1024.png 1024w, https:\/\/serveiseducatius.xtec.cat\/vallesoccidental3\/wp-content\/uploads\/usu1147\/2021\/09\/conflicte-150x150.png 150w, https:\/\/serveiseducatius.xtec.cat\/vallesoccidental3\/wp-content\/uploads\/usu1147\/2021\/09\/conflicte-768x768.png 768w\" sizes=\"auto, (max-width: 145px) 100vw, 145px\" \/><\/a>El conflicte pot generar malestar i problemes entre les persones. E\u0301s un proc\u00e9s natural que apareix en la convive\u0300ncia. Si s\u2019afronta be\u0301, e\u0301s una oportunitat de canvi i creixement que possibilita l\u2019aprenentatge.<\/p>\n<p><strong>Cicle de confer\u00e8ncies (telem\u00e0tic)<\/strong> a c\u00e0rrec de <a href=\"http:\/\/coachingagenda.com\/mapa-web\/mireia-sero\/\" target=\"_blank\" rel=\"noopener\"><strong>Mireia Ser\u00f3<\/strong><\/a><\/p>\n<ul>\n<li style=\"list-style-type: none;\">\n<ul>\n<li>Sessi\u00f3 1: dilluns, 29\/11\/2021 (17:00-18:30)<\/li>\n<li>Sessi\u00f3 2: dilluns,17\/01\/2022 (17:00-18:30)<\/li>\n<li>Sessi\u00f3 3: dilluns, 31\/01\/2022 (17:00-18:30)<\/li>\n<li>Sessi\u00f3 4: dilluns,14\/02\/2022 (17:00-18:30)<\/li>\n<li>Sessi\u00f3 5: dilluns, 14\/03\/2022 (17:00-18:30)<\/li>\n<\/ul>\n<\/li>\n<\/ul>\n<p>Objectius<\/p>\n<ul>\n<li style=\"list-style-type: none;\">\n<ul>\n<li>Gestionar conflictes de manera directa a partir de la conversa conscient.<\/li>\n<li>Desenvolupar la intel\u00b7lig\u00e8ncia emocional per poder gestionar-la en la resoluci\u00f3 de conflictes.<\/li>\n<li>Con\u00e8ixer activitats (i els coneixements te\u00f2rics b\u00e0sics per poder realitzar-les), per desenvolupar la intel\u00b7lig\u00e8ncia intrapersonal dels alumnes, \u00e9s a dir el seu autoconeixement, com a base fonamental per desenvolupar una adequada intel\u00b7lig\u00e8ncia interpersonal que els permeti relacionar-se satisfact\u00f2riament amb els altres.<\/li>\n<li>Con\u00e8ixer sistemes de resoluci\u00f3 de conflictes que s\u2019estan aplicant en els centres escolars.<\/li>\n<\/ul>\n<\/li>\n<\/ul>\n<p><a href=\"https:\/\/aplicacions.gestioeducativa.gencat.cat\/pls\/soloas\/pk_for_mod_ins.p_for_exhaustiu_activitat?p_header=Llista%20d%27activitats^pk_for_mod_ins.p_for_cons_activitats?p_crp=403%26p_any=2021-2022%26p_totes=S%26p_inici=21%26p_excloure_crp_rec=T*Detall%20d%27activitat^pk_for_mod_ins.p_for_detall_activitat?p_codi=4030231403%26p_curs=2021-2022%26p_es_inscr=S&amp;p_codi=4030231403&amp;p_curs=2021-2022&amp;p_es_inscr=S\" target=\"_blank\" rel=\"noopener\">+ info<\/a><br \/>\n<a href=\"https:\/\/aplicacions.gestioeducativa.gencat.cat\/pls\/soloas\/pk_for_mod_ins.p_for_detall_activitat?p_header=Llista%20d%27activitats^pk_for_mod_ins.p_for_cons_activitats?p_crp=403%26p_any=2021-2022%26p_totes=S%26p_inici=21%26p_excloure_crp_rec=T&amp;p_codi=4030231403&amp;p_curs=2021-2022&amp;p_excloure_crp_rec=T\" target=\"_blank\" rel=\"noopener\"><strong>Inscripci\u00f3<\/strong><\/a><\/p>\n","protected":false},"excerpt":{"rendered":"<p>El conflicte pot generar malestar i problemes entre les persones. E\u0301s un proc\u00e9s natural que apareix en la convive\u0300ncia. Si s\u2019afronta be\u0301, e\u0301s una oportunitat de canvi i creixement que possibilita l\u2019aprenentatge. Cicle de confer\u00e8ncies (telem\u00e0tic) a c\u00e0rrec de Mireia Ser\u00f3 Sessi\u00f3 1: dilluns, 29\/11\/2021 (17:00-18:30) Sessi\u00f3 2: dilluns,17\/01\/2022 (17:00-18:30) Sessi\u00f3 3: dilluns, 31\/01\/2022 (17:00-18:30) [&hellip;]<\/p>\n","protected":false},"author":1,"featured_media":0,"comment_status":"closed","ping_status":"closed","sticky":false,"template":"","format":"standard","meta":{"_bbp_topic_count":0,"_bbp_reply_count":0,"_bbp_total_topic_count":0,"_bbp_total_reply_count":0,"_bbp_voice_count":0,"_bbp_anonymous_reply_count":0,"_bbp_topic_count_hidden":0,"_bbp_reply_count_hidden":0,"_bbp_forum_subforum_count":0,"site-sidebar-layout":"default","site-content-layout":"","ast-site-content-layout":"","site-content-style":"default","site-sidebar-style":"default","ast-global-header-display":"","ast-banner-title-visibility":"","ast-main-header-display":"","ast-hfb-above-header-display":"","ast-hfb-below-header-display":"","ast-hfb-mobile-header-display":"","site-post-title":"","ast-breadcrumbs-content":"","ast-featured-img":"","footer-sml-layout":"","theme-transparent-header-meta":"","adv-header-id-meta":"","stick-header-meta":"","header-above-stick-meta":"","header-main-stick-meta":"","header-below-stick-meta":"","astra-migrate-meta-layouts":"default","ast-page-background-enabled":"default","ast-page-background-meta":{"desktop":{"background-color":"var(--ast-global-color-4)","background-image":"","background-repeat":"repeat","background-position":"center center","background-size":"auto","background-attachment":"scroll","background-type":"","background-media":"","overlay-type":"","overlay-color":"","overlay-opacity":"","overlay-gradient":""},"tablet":{"background-color":"","background-image":"","background-repeat":"repeat","background-position":"center center","background-size":"auto","background-attachment":"scroll","background-type":"","background-media":"","overlay-type":"","overlay-color":"","overlay-opacity":"","overlay-gradient":""},"mobile":{"background-color":"","background-image":"","background-repeat":"repeat","background-position":"center center","background-size":"auto","background-attachment":"scroll","background-type":"","background-media":"","overlay-type":"","overlay-color":"","overlay-opacity":"","overlay-gradient":""}},"ast-content-background-meta":{"desktop":{"background-color":"var(--ast-global-color-5)","background-image":"","background-repeat":"repeat","background-position":"center center","background-size":"auto","background-attachment":"scroll","background-type":"","background-media":"","overlay-type":"","overlay-color":"","overlay-opacity":"","overlay-gradient":""},"tablet":{"background-color":"var(--ast-global-color-5)","background-image":"","background-repeat":"repeat","background-position":"center center","background-size":"auto","background-attachment":"scroll","background-type":"","background-media":"","overlay-type":"","overlay-color":"","overlay-opacity":"","overlay-gradient":""},"mobile":{"background-color":"var(--ast-global-color-5)","background-image":"","background-repeat":"repeat","background-position":"center center","background-size":"auto","background-attachment":"scroll","background-type":"","background-media":"","overlay-type":"","overlay-color":"","overlay-opacity":"","overlay-gradient":""}},"footnotes":""},"categories":[29],"tags":[876,878,1089],"class_list":["post-10958","post","type-post","status-publish","format-standard","hentry","category-portada","tag-educacio-primaria","tag-educacio-secundaria","tag-prevencio-i-resolucio-de-conflictes"],"post_mailing_queue_ids":[],"_links":{"self":[{"href":"https:\/\/serveiseducatius.xtec.cat\/vallesoccidental3\/wp-json\/wp\/v2\/posts\/10958","targetHints":{"allow":["GET"]}}],"collection":[{"href":"https:\/\/serveiseducatius.xtec.cat\/vallesoccidental3\/wp-json\/wp\/v2\/posts"}],"about":[{"href":"https:\/\/serveiseducatius.xtec.cat\/vallesoccidental3\/wp-json\/wp\/v2\/types\/post"}],"author":[{"embeddable":true,"href":"https:\/\/serveiseducatius.xtec.cat\/vallesoccidental3\/wp-json\/wp\/v2\/users\/1"}],"replies":[{"embeddable":true,"href":"https:\/\/serveiseducatius.xtec.cat\/vallesoccidental3\/wp-json\/wp\/v2\/comments?post=10958"}],"version-history":[{"count":3,"href":"https:\/\/serveiseducatius.xtec.cat\/vallesoccidental3\/wp-json\/wp\/v2\/posts\/10958\/revisions"}],"predecessor-version":[{"id":10964,"href":"https:\/\/serveiseducatius.xtec.cat\/vallesoccidental3\/wp-json\/wp\/v2\/posts\/10958\/revisions\/10964"}],"wp:attachment":[{"href":"https:\/\/serveiseducatius.xtec.cat\/vallesoccidental3\/wp-json\/wp\/v2\/media?parent=10958"}],"wp:term":[{"taxonomy":"category","embeddable":true,"href":"https:\/\/serveiseducatius.xtec.cat\/vallesoccidental3\/wp-json\/wp\/v2\/categories?post=10958"},{"taxonomy":"post_tag","embeddable":true,"href":"https:\/\/serveiseducatius.xtec.cat\/vallesoccidental3\/wp-json\/wp\/v2\/tags?post=10958"}],"curies":[{"name":"wp","href":"https:\/\/api.w.org\/{rel}","templated":true}]}}