{"id":10843,"date":"2021-09-13T08:39:24","date_gmt":"2021-09-13T06:39:24","guid":{"rendered":"https:\/\/serveiseducatius.xtec.cat\/vallesoccidental3\/?p=10843"},"modified":"2021-09-27T17:02:07","modified_gmt":"2021-09-27T15:02:07","slug":"sinicia-el-proces-dinscripcio-a-loferta-formativa-del-pfz","status":"publish","type":"post","link":"https:\/\/serveiseducatius.xtec.cat\/vallesoccidental3\/general\/sinicia-el-proces-dinscripcio-a-loferta-formativa-del-pfz\/","title":{"rendered":"S&#8217;inicia el proc\u00e9s d&#8217;inscripci\u00f3 a l&#8217;oferta formativa del PFZ"},"content":{"rendered":"<p><a href=\"https:\/\/serveiseducatius.xtec.cat\/vallesoccidental3\/formacio\/activitats\/\" target=\"_blank\" rel=\"noopener\"><img loading=\"lazy\" decoding=\"async\" class=\"alignleft size-thumbnail wp-image-10888\" src=\"https:\/\/serveiseducatius.xtec.cat\/vallesoccidental3\/wp-content\/uploads\/usu1147\/2021\/09\/Captura-de-Pantalla-2021-09-12-a-les-19.50.54-150x150.png\" alt=\"\" width=\"150\" height=\"150\" \/><\/a>A partir del dilluns dia 13 de setembre i fins el dia 26 , s&#8217;inicia el proc\u00e9s d&#8217;inscripci\u00f3 a\u00a0 les activitats del Pla de Formaci\u00f3 de Zona. Podeu consultar l&#8217;oferta formativa de Rub\u00ed i Castellbisbal en aquest <a href=\"https:\/\/serveiseducatius.xtec.cat\/vallesoccidental3\/formacio\/activitats\/\" target=\"_blank\" rel=\"noopener\"><strong>enlla\u00e7<\/strong><\/a>,<\/p>\n<p>A partir del dia 8 d&#8217;octubre podreu consultar, anul\u00b7lar o modificar les vostres sol\u00b7licituds des de la p\u00e0gina de <a href=\"http:\/\/xtec.gencat.cat\/ca\/formacio\/la-meva-formacio\/les-meves-activitats\/\" rel=\"nofollow\">les meves activitats .<\/a><\/p>\n<p>Recordeu que per sol\u00b7licitar pla\u00e7a a l\u2019oferta d\u2019activitats formatives \u00e9s\u00a0requisit indispensable disposar d\u2019usuari i contrasenya XTEC actualitzats. Si s\u2019ha de sol\u00b7licitar o es tenen problemes amb l\u2019identificador, es pot visitar la p\u00e0gina d\u2019<a href=\"http:\/\/xtec.gencat.cat\/ca\/at_usuari\/gestio\/\" rel=\"nofollow\">atenci\u00f3 a l\u2019usuari\/\u00e0ria XTEC<\/a>.<\/p>\n<p>Per a qualsevol consulta, podeu contactar amb nosaltres a trav\u00e9s del correu electr\u00f2nic: <a href=\"mailto:crp-rubi@xtec.cat\">crp-rubi@xtec.cat<\/a><\/p>\n<h3>Calendari de l\u2019oferta formativa 21\u201322<\/h3>\n<div class=\"table-responsive pd-15 pd-30 taula_0\">\n<table class=\"table\" style=\"width: 67.3641%;\">\n<tbody>\n<tr>\n<td style=\"width: 17.0516%;\"><\/td>\n<td style=\"width: 28.4194%;\"><strong>INSCRIPCIONS<\/strong><\/td>\n<td style=\"width: 23.1884%;\"><strong>CONSULTA<br \/>\nASSIGNACIONS<\/strong><\/td>\n<td style=\"width: 29.538%;\"><strong>INICI\u00a0<\/strong><\/td>\n<\/tr>\n<tr>\n<td style=\"width: 17.0516%;\"><strong>1r torn:<\/strong><\/td>\n<td style=\"width: 28.4194%;\">del 13 al 26\/09\/2021<\/td>\n<td style=\"width: 23.1884%;\">8\/10\/2021<\/td>\n<td style=\"width: 29.538%;\">a partir del 14\/10\/2021<\/td>\n<\/tr>\n<tr>\n<td style=\"width: 17.0516%;\"><strong>2n torn:<\/strong><\/td>\n<td style=\"width: 28.4194%;\">del 7 al 18\/01\/2022<\/td>\n<td style=\"width: 23.1884%;\">31\/01\/2022<\/td>\n<td style=\"width: 29.538%;\">a partir del 7\/02\/2022<\/td>\n<\/tr>\n<tr>\n<td style=\"width: 17.0516%;\"><strong>Torn estiu:<\/strong><\/td>\n<td style=\"width: 28.4194%;\">del 16 al 31\/05\/2022<\/td>\n<td style=\"width: 23.1884%;\">16\/06\/2022<\/td>\n<td style=\"width: 29.538%;\">a partir de l\u20191\/07\/2022<\/td>\n<\/tr>\n<\/tbody>\n<\/table>\n<\/div>\n","protected":false},"excerpt":{"rendered":"<p>A partir del dilluns dia 13 de setembre i fins el dia 26 , s&#8217;inicia el proc\u00e9s d&#8217;inscripci\u00f3 a\u00a0 les activitats del Pla de Formaci\u00f3 de Zona. Podeu consultar l&#8217;oferta formativa de Rub\u00ed i Castellbisbal en aquest enlla\u00e7, A partir del dia 8 d&#8217;octubre podreu consultar, anul\u00b7lar o modificar les vostres sol\u00b7licituds des de la [&hellip;]<\/p>\n","protected":false},"author":1,"featured_media":0,"comment_status":"closed","ping_status":"closed","sticky":false,"template":"","format":"standard","meta":{"_bbp_topic_count":0,"_bbp_reply_count":0,"_bbp_total_topic_count":0,"_bbp_total_reply_count":0,"_bbp_voice_count":0,"_bbp_anonymous_reply_count":0,"_bbp_topic_count_hidden":0,"_bbp_reply_count_hidden":0,"_bbp_forum_subforum_count":0,"site-sidebar-layout":"default","site-content-layout":"","ast-site-content-layout":"","site-content-style":"default","site-sidebar-style":"default","ast-global-header-display":"","ast-banner-title-visibility":"","ast-main-header-display":"","ast-hfb-above-header-display":"","ast-hfb-below-header-display":"","ast-hfb-mobile-header-display":"","site-post-title":"","ast-breadcrumbs-content":"","ast-featured-img":"","footer-sml-layout":"","theme-transparent-header-meta":"","adv-header-id-meta":"","stick-header-meta":"","header-above-stick-meta":"","header-main-stick-meta":"","header-below-stick-meta":"","astra-migrate-meta-layouts":"default","ast-page-background-enabled":"default","ast-page-background-meta":{"desktop":{"background-color":"var(--ast-global-color-4)","background-image":"","background-repeat":"repeat","background-position":"center center","background-size":"auto","background-attachment":"scroll","background-type":"","background-media":"","overlay-type":"","overlay-color":"","overlay-opacity":"","overlay-gradient":""},"tablet":{"background-color":"","background-image":"","background-repeat":"repeat","background-position":"center center","background-size":"auto","background-attachment":"scroll","background-type":"","background-media":"","overlay-type":"","overlay-color":"","overlay-opacity":"","overlay-gradient":""},"mobile":{"background-color":"","background-image":"","background-repeat":"repeat","background-position":"center center","background-size":"auto","background-attachment":"scroll","background-type":"","background-media":"","overlay-type":"","overlay-color":"","overlay-opacity":"","overlay-gradient":""}},"ast-content-background-meta":{"desktop":{"background-color":"var(--ast-global-color-5)","background-image":"","background-repeat":"repeat","background-position":"center center","background-size":"auto","background-attachment":"scroll","background-type":"","background-media":"","overlay-type":"","overlay-color":"","overlay-opacity":"","overlay-gradient":""},"tablet":{"background-color":"var(--ast-global-color-5)","background-image":"","background-repeat":"repeat","background-position":"center center","background-size":"auto","background-attachment":"scroll","background-type":"","background-media":"","overlay-type":"","overlay-color":"","overlay-opacity":"","overlay-gradient":""},"mobile":{"background-color":"var(--ast-global-color-5)","background-image":"","background-repeat":"repeat","background-position":"center center","background-size":"auto","background-attachment":"scroll","background-type":"","background-media":"","overlay-type":"","overlay-color":"","overlay-opacity":"","overlay-gradient":""}},"footnotes":""},"categories":[1,29],"tags":[496],"class_list":["post-10843","post","type-post","status-publish","format-standard","hentry","category-general","category-portada","tag-formacio-de-zona"],"post_mailing_queue_ids":[],"_links":{"self":[{"href":"https:\/\/serveiseducatius.xtec.cat\/vallesoccidental3\/wp-json\/wp\/v2\/posts\/10843","targetHints":{"allow":["GET"]}}],"collection":[{"href":"https:\/\/serveiseducatius.xtec.cat\/vallesoccidental3\/wp-json\/wp\/v2\/posts"}],"about":[{"href":"https:\/\/serveiseducatius.xtec.cat\/vallesoccidental3\/wp-json\/wp\/v2\/types\/post"}],"author":[{"embeddable":true,"href":"https:\/\/serveiseducatius.xtec.cat\/vallesoccidental3\/wp-json\/wp\/v2\/users\/1"}],"replies":[{"embeddable":true,"href":"https:\/\/serveiseducatius.xtec.cat\/vallesoccidental3\/wp-json\/wp\/v2\/comments?post=10843"}],"version-history":[{"count":3,"href":"https:\/\/serveiseducatius.xtec.cat\/vallesoccidental3\/wp-json\/wp\/v2\/posts\/10843\/revisions"}],"predecessor-version":[{"id":10933,"href":"https:\/\/serveiseducatius.xtec.cat\/vallesoccidental3\/wp-json\/wp\/v2\/posts\/10843\/revisions\/10933"}],"wp:attachment":[{"href":"https:\/\/serveiseducatius.xtec.cat\/vallesoccidental3\/wp-json\/wp\/v2\/media?parent=10843"}],"wp:term":[{"taxonomy":"category","embeddable":true,"href":"https:\/\/serveiseducatius.xtec.cat\/vallesoccidental3\/wp-json\/wp\/v2\/categories?post=10843"},{"taxonomy":"post_tag","embeddable":true,"href":"https:\/\/serveiseducatius.xtec.cat\/vallesoccidental3\/wp-json\/wp\/v2\/tags?post=10843"}],"curies":[{"name":"wp","href":"https:\/\/api.w.org\/{rel}","templated":true}]}}