{"id":10541,"date":"2021-06-01T10:57:40","date_gmt":"2021-06-01T08:57:40","guid":{"rendered":"https:\/\/serveiseducatius.xtec.cat\/vallesoccidental3\/?p=10541"},"modified":"2021-06-01T14:03:06","modified_gmt":"2021-06-01T12:03:06","slug":"cineastes-a-lescola-pau-casals-2","status":"publish","type":"post","link":"https:\/\/serveiseducatius.xtec.cat\/vallesoccidental3\/portada\/cineastes-a-lescola-pau-casals-2\/","title":{"rendered":"Cineastes a l&#8217;escola Pau Casals"},"content":{"rendered":"<p><a href=\"https:\/\/serveiseducatius.xtec.cat\/vallesoccidental3\/wp-content\/uploads\/usu1147\/2021\/06\/activitat-pau-casals.png\"><img loading=\"lazy\" decoding=\"async\" class=\" wp-image-10548 aligncenter\" src=\"https:\/\/serveiseducatius.xtec.cat\/vallesoccidental3\/wp-content\/uploads\/usu1147\/2021\/06\/activitat-pau-casals-300x189.png\" alt=\"\" width=\"374\" height=\"236\" srcset=\"https:\/\/serveiseducatius.xtec.cat\/vallesoccidental3\/wp-content\/uploads\/usu1147\/2021\/06\/activitat-pau-casals-300x189.png 300w, https:\/\/serveiseducatius.xtec.cat\/vallesoccidental3\/wp-content\/uploads\/usu1147\/2021\/06\/activitat-pau-casals-768x483.png 768w, https:\/\/serveiseducatius.xtec.cat\/vallesoccidental3\/wp-content\/uploads\/usu1147\/2021\/06\/activitat-pau-casals-1024x644.png 1024w, https:\/\/serveiseducatius.xtec.cat\/vallesoccidental3\/wp-content\/uploads\/usu1147\/2021\/06\/activitat-pau-casals.png 1077w\" sizes=\"auto, (max-width: 374px) 100vw, 374px\" \/><\/a><\/p>\n<p>El dilluns 31 de maig, la directora i realitzadora <a href=\"https:\/\/www.mostrafilmsdones.cat\/project\/marga-almirall\/\" target=\"_blank\" rel=\"noopener noreferrer\"><strong>Marga Almirall<\/strong><\/a> ha visitat l&#8217;escola Pau Casals en el marc de les activitats de centre &#8220;Cineastes a l&#8217;escola&#8221;. Enguany, els infants de 6\u00e8 preparen un curtmetratge sobre el seu pas per l&#8217;escola en format de carta filmada. Mitjan\u00e7ant preguntes, treballades a l&#8217;aula, han establert una conversa cinematogr\u00e0fica amb la directora-realitzadora acompanyada de na <strong>J\u00falia Betrian<\/strong>, formadora Magnet i cap dels <a href=\"https:\/\/www.filmoteca.cat\/web\/ca\/coneix-els-serveis-educatius\" target=\"_blank\" rel=\"noopener noreferrer\">serveis educatius de la Filmoteca de Catalunya<\/a>. L&#8217;activitat ha finalitzat amb un taller d&#8217;escriptura de guions que ha de permetre elaborar el curtmetratge que est\u00e0 previst estrenar el proper 15 de juny.<\/p>\n","protected":false},"excerpt":{"rendered":"<p>El dilluns 31 de maig, la directora i realitzadora Marga Almirall ha visitat l&#8217;escola Pau Casals en el marc de les activitats de centre &#8220;Cineastes a l&#8217;escola&#8221;. Enguany, els infants de 6\u00e8 preparen un curtmetratge sobre el seu pas per l&#8217;escola en format de carta filmada. Mitjan\u00e7ant preguntes, treballades a l&#8217;aula, han establert una conversa [&hellip;]<\/p>\n","protected":false},"author":1,"featured_media":0,"comment_status":"open","ping_status":"closed","sticky":false,"template":"","format":"standard","meta":{"_bbp_topic_count":0,"_bbp_reply_count":0,"_bbp_total_topic_count":0,"_bbp_total_reply_count":0,"_bbp_voice_count":0,"_bbp_anonymous_reply_count":0,"_bbp_topic_count_hidden":0,"_bbp_reply_count_hidden":0,"_bbp_forum_subforum_count":0,"site-sidebar-layout":"default","site-content-layout":"","ast-site-content-layout":"","site-content-style":"default","site-sidebar-style":"default","ast-global-header-display":"","ast-banner-title-visibility":"","ast-main-header-display":"","ast-hfb-above-header-display":"","ast-hfb-below-header-display":"","ast-hfb-mobile-header-display":"","site-post-title":"","ast-breadcrumbs-content":"","ast-featured-img":"","footer-sml-layout":"","theme-transparent-header-meta":"","adv-header-id-meta":"","stick-header-meta":"","header-above-stick-meta":"","header-main-stick-meta":"","header-below-stick-meta":"","astra-migrate-meta-layouts":"default","ast-page-background-enabled":"default","ast-page-background-meta":{"desktop":{"background-color":"var(--ast-global-color-4)","background-image":"","background-repeat":"repeat","background-position":"center center","background-size":"auto","background-attachment":"scroll","background-type":"","background-media":"","overlay-type":"","overlay-color":"","overlay-opacity":"","overlay-gradient":""},"tablet":{"background-color":"","background-image":"","background-repeat":"repeat","background-position":"center center","background-size":"auto","background-attachment":"scroll","background-type":"","background-media":"","overlay-type":"","overlay-color":"","overlay-opacity":"","overlay-gradient":""},"mobile":{"background-color":"","background-image":"","background-repeat":"repeat","background-position":"center center","background-size":"auto","background-attachment":"scroll","background-type":"","background-media":"","overlay-type":"","overlay-color":"","overlay-opacity":"","overlay-gradient":""}},"ast-content-background-meta":{"desktop":{"background-color":"var(--ast-global-color-5)","background-image":"","background-repeat":"repeat","background-position":"center center","background-size":"auto","background-attachment":"scroll","background-type":"","background-media":"","overlay-type":"","overlay-color":"","overlay-opacity":"","overlay-gradient":""},"tablet":{"background-color":"var(--ast-global-color-5)","background-image":"","background-repeat":"repeat","background-position":"center center","background-size":"auto","background-attachment":"scroll","background-type":"","background-media":"","overlay-type":"","overlay-color":"","overlay-opacity":"","overlay-gradient":""},"mobile":{"background-color":"var(--ast-global-color-5)","background-image":"","background-repeat":"repeat","background-position":"center center","background-size":"auto","background-attachment":"scroll","background-type":"","background-media":"","overlay-type":"","overlay-color":"","overlay-opacity":"","overlay-gradient":""}},"footnotes":""},"categories":[29,647],"tags":[],"class_list":["post-10541","post","type-post","status-publish","format-standard","hentry","category-portada","category-un-tomb-pels-centres"],"post_mailing_queue_ids":[],"_links":{"self":[{"href":"https:\/\/serveiseducatius.xtec.cat\/vallesoccidental3\/wp-json\/wp\/v2\/posts\/10541","targetHints":{"allow":["GET"]}}],"collection":[{"href":"https:\/\/serveiseducatius.xtec.cat\/vallesoccidental3\/wp-json\/wp\/v2\/posts"}],"about":[{"href":"https:\/\/serveiseducatius.xtec.cat\/vallesoccidental3\/wp-json\/wp\/v2\/types\/post"}],"author":[{"embeddable":true,"href":"https:\/\/serveiseducatius.xtec.cat\/vallesoccidental3\/wp-json\/wp\/v2\/users\/1"}],"replies":[{"embeddable":true,"href":"https:\/\/serveiseducatius.xtec.cat\/vallesoccidental3\/wp-json\/wp\/v2\/comments?post=10541"}],"version-history":[{"count":3,"href":"https:\/\/serveiseducatius.xtec.cat\/vallesoccidental3\/wp-json\/wp\/v2\/posts\/10541\/revisions"}],"predecessor-version":[{"id":10551,"href":"https:\/\/serveiseducatius.xtec.cat\/vallesoccidental3\/wp-json\/wp\/v2\/posts\/10541\/revisions\/10551"}],"wp:attachment":[{"href":"https:\/\/serveiseducatius.xtec.cat\/vallesoccidental3\/wp-json\/wp\/v2\/media?parent=10541"}],"wp:term":[{"taxonomy":"category","embeddable":true,"href":"https:\/\/serveiseducatius.xtec.cat\/vallesoccidental3\/wp-json\/wp\/v2\/categories?post=10541"},{"taxonomy":"post_tag","embeddable":true,"href":"https:\/\/serveiseducatius.xtec.cat\/vallesoccidental3\/wp-json\/wp\/v2\/tags?post=10541"}],"curies":[{"name":"wp","href":"https:\/\/api.w.org\/{rel}","templated":true}]}}