{"id":10529,"date":"2021-05-20T17:35:15","date_gmt":"2021-05-20T15:35:15","guid":{"rendered":"https:\/\/serveiseducatius.xtec.cat\/vallesoccidental3\/?p=10529"},"modified":"2021-05-20T17:35:15","modified_gmt":"2021-05-20T15:35:15","slug":"coral-regi-participa-a-la-cinquena-sessio-de-la-xiep","status":"publish","type":"post","link":"https:\/\/serveiseducatius.xtec.cat\/vallesoccidental3\/xarxa-xiep\/coral-regi-participa-a-la-cinquena-sessio-de-la-xiep\/","title":{"rendered":"Coral Reg\u00ed participa a la cinquena sessi\u00f3  de la XIEP"},"content":{"rendered":"<p><a href=\"https:\/\/serveiseducatius.xtec.cat\/vallesoccidental3\/wp-content\/uploads\/usu1147\/2021\/05\/xiepS5.png\"><img loading=\"lazy\" decoding=\"async\" class=\"alignleft size-medium wp-image-10531\" src=\"https:\/\/serveiseducatius.xtec.cat\/vallesoccidental3\/wp-content\/uploads\/usu1147\/2021\/05\/xiepS5-300x145.png\" alt=\"Xarxa XIEP. Sessi\u00f3 5\" width=\"300\" height=\"145\" srcset=\"https:\/\/serveiseducatius.xtec.cat\/vallesoccidental3\/wp-content\/uploads\/usu1147\/2021\/05\/xiepS5-300x145.png 300w, https:\/\/serveiseducatius.xtec.cat\/vallesoccidental3\/wp-content\/uploads\/usu1147\/2021\/05\/xiepS5-768x372.png 768w, https:\/\/serveiseducatius.xtec.cat\/vallesoccidental3\/wp-content\/uploads\/usu1147\/2021\/05\/xiepS5.png 992w\" sizes=\"auto, (max-width: 300px) 100vw, 300px\" \/><\/a>El dimarts 18 de maig s&#8217;ha realitzat la cinquena sessi\u00f3 de la XIEP del curs 2020-2021 en format virtual. En aquesta sessi\u00f3 hem pogut escoltar la veu de Coral Reg\u00ed, directora de l&#8217;escola Virolai que ens ha parlat d&#8217;<strong>Educar pel futur, Educar per la vida. El perqu\u00e8 abans del com.<\/strong><\/p>\n<p>&nbsp;<\/p>\n<p>A la sessi\u00f3 tamb\u00e9 s&#8217;ha realitzat una valoraci\u00f3 conjunta del desenvolupament de la xarxa al llarg del curs i s&#8217;han recollit propostes per seguir avan\u00e7ant en aquest cam\u00ed iniciat de manera compartida.<\/p>\n<p>Trobareu tota la informaci\u00f3 de la sessi\u00f3 en aquest <a href=\"https:\/\/sites.google.com\/view\/xiep\/sessions\/cinquena-sessi%C3%B3?authuser=0\" target=\"_blank\" rel=\"noopener noreferrer\">enlla\u00e7<\/a><\/p>\n","protected":false},"excerpt":{"rendered":"<p>El dimarts 18 de maig s&#8217;ha realitzat la cinquena sessi\u00f3 de la XIEP del curs 2020-2021 en format virtual. En aquesta sessi\u00f3 hem pogut escoltar la veu de Coral Reg\u00ed, directora de l&#8217;escola Virolai que ens ha parlat d&#8217;Educar pel futur, Educar per la vida. El perqu\u00e8 abans del com. &nbsp; A la sessi\u00f3 tamb\u00e9 [&hellip;]<\/p>\n","protected":false},"author":1,"featured_media":0,"comment_status":"open","ping_status":"closed","sticky":false,"template":"","format":"standard","meta":{"_bbp_topic_count":0,"_bbp_reply_count":0,"_bbp_total_topic_count":0,"_bbp_total_reply_count":0,"_bbp_voice_count":0,"_bbp_anonymous_reply_count":0,"_bbp_topic_count_hidden":0,"_bbp_reply_count_hidden":0,"_bbp_forum_subforum_count":0,"site-sidebar-layout":"default","site-content-layout":"","ast-site-content-layout":"","site-content-style":"default","site-sidebar-style":"default","ast-global-header-display":"","ast-banner-title-visibility":"","ast-main-header-display":"","ast-hfb-above-header-display":"","ast-hfb-below-header-display":"","ast-hfb-mobile-header-display":"","site-post-title":"","ast-breadcrumbs-content":"","ast-featured-img":"","footer-sml-layout":"","theme-transparent-header-meta":"","adv-header-id-meta":"","stick-header-meta":"","header-above-stick-meta":"","header-main-stick-meta":"","header-below-stick-meta":"","astra-migrate-meta-layouts":"default","ast-page-background-enabled":"default","ast-page-background-meta":{"desktop":{"background-color":"var(--ast-global-color-4)","background-image":"","background-repeat":"repeat","background-position":"center center","background-size":"auto","background-attachment":"scroll","background-type":"","background-media":"","overlay-type":"","overlay-color":"","overlay-opacity":"","overlay-gradient":""},"tablet":{"background-color":"","background-image":"","background-repeat":"repeat","background-position":"center center","background-size":"auto","background-attachment":"scroll","background-type":"","background-media":"","overlay-type":"","overlay-color":"","overlay-opacity":"","overlay-gradient":""},"mobile":{"background-color":"","background-image":"","background-repeat":"repeat","background-position":"center center","background-size":"auto","background-attachment":"scroll","background-type":"","background-media":"","overlay-type":"","overlay-color":"","overlay-opacity":"","overlay-gradient":""}},"ast-content-background-meta":{"desktop":{"background-color":"var(--ast-global-color-5)","background-image":"","background-repeat":"repeat","background-position":"center center","background-size":"auto","background-attachment":"scroll","background-type":"","background-media":"","overlay-type":"","overlay-color":"","overlay-opacity":"","overlay-gradient":""},"tablet":{"background-color":"var(--ast-global-color-5)","background-image":"","background-repeat":"repeat","background-position":"center center","background-size":"auto","background-attachment":"scroll","background-type":"","background-media":"","overlay-type":"","overlay-color":"","overlay-opacity":"","overlay-gradient":""},"mobile":{"background-color":"var(--ast-global-color-5)","background-image":"","background-repeat":"repeat","background-position":"center center","background-size":"auto","background-attachment":"scroll","background-type":"","background-media":"","overlay-type":"","overlay-color":"","overlay-opacity":"","overlay-gradient":""}},"footnotes":""},"categories":[442],"tags":[],"class_list":["post-10529","post","type-post","status-publish","format-standard","hentry","category-xarxa-xiep"],"post_mailing_queue_ids":[],"_links":{"self":[{"href":"https:\/\/serveiseducatius.xtec.cat\/vallesoccidental3\/wp-json\/wp\/v2\/posts\/10529","targetHints":{"allow":["GET"]}}],"collection":[{"href":"https:\/\/serveiseducatius.xtec.cat\/vallesoccidental3\/wp-json\/wp\/v2\/posts"}],"about":[{"href":"https:\/\/serveiseducatius.xtec.cat\/vallesoccidental3\/wp-json\/wp\/v2\/types\/post"}],"author":[{"embeddable":true,"href":"https:\/\/serveiseducatius.xtec.cat\/vallesoccidental3\/wp-json\/wp\/v2\/users\/1"}],"replies":[{"embeddable":true,"href":"https:\/\/serveiseducatius.xtec.cat\/vallesoccidental3\/wp-json\/wp\/v2\/comments?post=10529"}],"version-history":[{"count":1,"href":"https:\/\/serveiseducatius.xtec.cat\/vallesoccidental3\/wp-json\/wp\/v2\/posts\/10529\/revisions"}],"predecessor-version":[{"id":10532,"href":"https:\/\/serveiseducatius.xtec.cat\/vallesoccidental3\/wp-json\/wp\/v2\/posts\/10529\/revisions\/10532"}],"wp:attachment":[{"href":"https:\/\/serveiseducatius.xtec.cat\/vallesoccidental3\/wp-json\/wp\/v2\/media?parent=10529"}],"wp:term":[{"taxonomy":"category","embeddable":true,"href":"https:\/\/serveiseducatius.xtec.cat\/vallesoccidental3\/wp-json\/wp\/v2\/categories?post=10529"},{"taxonomy":"post_tag","embeddable":true,"href":"https:\/\/serveiseducatius.xtec.cat\/vallesoccidental3\/wp-json\/wp\/v2\/tags?post=10529"}],"curies":[{"name":"wp","href":"https:\/\/api.w.org\/{rel}","templated":true}]}}