{"id":10463,"date":"2021-05-19T13:48:02","date_gmt":"2021-05-19T11:48:02","guid":{"rendered":"https:\/\/serveiseducatius.xtec.cat\/vallesoccidental3\/?p=10463"},"modified":"2021-05-20T09:14:52","modified_gmt":"2021-05-20T07:14:52","slug":"memoria-programa-apadrinem-el-nostre-patrimoni-pels-centres-pin-2018-2021","status":"publish","type":"post","link":"https:\/\/serveiseducatius.xtec.cat\/vallesoccidental3\/apadrinem-el-nostre-patrimoni\/memoria-programa-apadrinem-el-nostre-patrimoni-pels-centres-pin-2018-2021\/","title":{"rendered":"Mem\u00f2ria programa Apadrinem el nostre patrimoni per als centres PIN 2018-2021"},"content":{"rendered":"<p>En finalitzar el tercer curs en el programa, cal presentar una mem\u00f2ria d\u2019activitat. Consulteu les\u00a0<a title=\"Orientacions per a l\u2019elaboraci\u00f3 del document de mem\u00f2ria del programa &quot;Apadrinem el nostre patrimoni&quot;\u200b.\" href=\"https:\/\/espai.educacio.gencat.cat\/Centres\/Innovacio-pedagogica\/Programes\/Apadrinem-nostre-patrimoni\/Documents\/A910.pdf\" target=\"_blank\" rel=\"noopener noreferrer\">Orientacions per a la confecci\u00f3 del document de mem\u00f2ria del programa d&#8217;innovaci\u00f3 &#8220;Apadrinem el nostre patrimoni&#8221;<\/a>\u200b<a title=\"Orientacions per a l\u2019elaboraci\u00f3 del document de mem\u00f2ria del programa &quot;Apadrinem el nostre patrimoni&quot;\u200b.\" href=\"https:\/\/espai.educacio.gencat.cat\/Centres\/Innovacio-pedagogica\/Programes\/Apadrinem-nostre-patrimoni\/Documents\/A910.pdf\" target=\"_blank\" rel=\"noopener noreferrer\">\u200b<\/a>.<\/p>\n<p>El\u00a0<strong>30 de juny de 2021 \u00e9s la data l\u00edmit per presentar la mem\u00f2ria<\/strong>, o, si escau, la sol\u00b7licitud <a href=\"https:\/\/documents.espai.educacio.gencat.cat\/FormularisModels\/InnovacioPedagogica\/A921.pdf\" target=\"_blank\" rel=\"noopener noreferrer\">d\u2019un curs de pr\u00f2rroga en el programa<\/a>. Trobareu tota la informaci\u00f3 de com fer-ne la tramesa en aquest <a href=\"https:\/\/espai.educacio.gencat.cat\/Centres\/Innovacio-pedagogica\/Programes\/Apadrinem-nostre-patrimoni\/Pagines\/default.aspx#!#h212\" target=\"_blank\" rel=\"noopener noreferrer\">enlla\u00e7.<\/a><\/p>\n","protected":false},"excerpt":{"rendered":"<p>En finalitzar el tercer curs en el programa, cal presentar una mem\u00f2ria d\u2019activitat. Consulteu les\u00a0Orientacions per a la confecci\u00f3 del document de mem\u00f2ria del programa d&#8217;innovaci\u00f3 &#8220;Apadrinem el nostre patrimoni&#8221;\u200b\u200b. El\u00a030 de juny de 2021 \u00e9s la data l\u00edmit per presentar la mem\u00f2ria, o, si escau, la sol\u00b7licitud d\u2019un curs de pr\u00f2rroga en el programa. [&hellip;]<\/p>\n","protected":false},"author":1,"featured_media":0,"comment_status":"closed","ping_status":"closed","sticky":false,"template":"","format":"standard","meta":{"_bbp_topic_count":0,"_bbp_reply_count":0,"_bbp_total_topic_count":0,"_bbp_total_reply_count":0,"_bbp_voice_count":0,"_bbp_anonymous_reply_count":0,"_bbp_topic_count_hidden":0,"_bbp_reply_count_hidden":0,"_bbp_forum_subforum_count":0,"site-sidebar-layout":"default","site-content-layout":"","ast-site-content-layout":"","site-content-style":"default","site-sidebar-style":"default","ast-global-header-display":"","ast-banner-title-visibility":"","ast-main-header-display":"","ast-hfb-above-header-display":"","ast-hfb-below-header-display":"","ast-hfb-mobile-header-display":"","site-post-title":"","ast-breadcrumbs-content":"","ast-featured-img":"","footer-sml-layout":"","theme-transparent-header-meta":"","adv-header-id-meta":"","stick-header-meta":"","header-above-stick-meta":"","header-main-stick-meta":"","header-below-stick-meta":"","astra-migrate-meta-layouts":"default","ast-page-background-enabled":"default","ast-page-background-meta":{"desktop":{"background-color":"var(--ast-global-color-4)","background-image":"","background-repeat":"repeat","background-position":"center center","background-size":"auto","background-attachment":"scroll","background-type":"","background-media":"","overlay-type":"","overlay-color":"","overlay-opacity":"","overlay-gradient":""},"tablet":{"background-color":"","background-image":"","background-repeat":"repeat","background-position":"center center","background-size":"auto","background-attachment":"scroll","background-type":"","background-media":"","overlay-type":"","overlay-color":"","overlay-opacity":"","overlay-gradient":""},"mobile":{"background-color":"","background-image":"","background-repeat":"repeat","background-position":"center center","background-size":"auto","background-attachment":"scroll","background-type":"","background-media":"","overlay-type":"","overlay-color":"","overlay-opacity":"","overlay-gradient":""}},"ast-content-background-meta":{"desktop":{"background-color":"var(--ast-global-color-5)","background-image":"","background-repeat":"repeat","background-position":"center center","background-size":"auto","background-attachment":"scroll","background-type":"","background-media":"","overlay-type":"","overlay-color":"","overlay-opacity":"","overlay-gradient":""},"tablet":{"background-color":"var(--ast-global-color-5)","background-image":"","background-repeat":"repeat","background-position":"center center","background-size":"auto","background-attachment":"scroll","background-type":"","background-media":"","overlay-type":"","overlay-color":"","overlay-opacity":"","overlay-gradient":""},"mobile":{"background-color":"var(--ast-global-color-5)","background-image":"","background-repeat":"repeat","background-position":"center center","background-size":"auto","background-attachment":"scroll","background-type":"","background-media":"","overlay-type":"","overlay-color":"","overlay-opacity":"","overlay-gradient":""}},"footnotes":""},"categories":[79],"tags":[],"class_list":["post-10463","post","type-post","status-publish","format-standard","hentry","category-apadrinem-el-nostre-patrimoni"],"post_mailing_queue_ids":[],"_links":{"self":[{"href":"https:\/\/serveiseducatius.xtec.cat\/vallesoccidental3\/wp-json\/wp\/v2\/posts\/10463","targetHints":{"allow":["GET"]}}],"collection":[{"href":"https:\/\/serveiseducatius.xtec.cat\/vallesoccidental3\/wp-json\/wp\/v2\/posts"}],"about":[{"href":"https:\/\/serveiseducatius.xtec.cat\/vallesoccidental3\/wp-json\/wp\/v2\/types\/post"}],"author":[{"embeddable":true,"href":"https:\/\/serveiseducatius.xtec.cat\/vallesoccidental3\/wp-json\/wp\/v2\/users\/1"}],"replies":[{"embeddable":true,"href":"https:\/\/serveiseducatius.xtec.cat\/vallesoccidental3\/wp-json\/wp\/v2\/comments?post=10463"}],"version-history":[{"count":3,"href":"https:\/\/serveiseducatius.xtec.cat\/vallesoccidental3\/wp-json\/wp\/v2\/posts\/10463\/revisions"}],"predecessor-version":[{"id":10507,"href":"https:\/\/serveiseducatius.xtec.cat\/vallesoccidental3\/wp-json\/wp\/v2\/posts\/10463\/revisions\/10507"}],"wp:attachment":[{"href":"https:\/\/serveiseducatius.xtec.cat\/vallesoccidental3\/wp-json\/wp\/v2\/media?parent=10463"}],"wp:term":[{"taxonomy":"category","embeddable":true,"href":"https:\/\/serveiseducatius.xtec.cat\/vallesoccidental3\/wp-json\/wp\/v2\/categories?post=10463"},{"taxonomy":"post_tag","embeddable":true,"href":"https:\/\/serveiseducatius.xtec.cat\/vallesoccidental3\/wp-json\/wp\/v2\/tags?post=10463"}],"curies":[{"name":"wp","href":"https:\/\/api.w.org\/{rel}","templated":true}]}}