{"id":10201,"date":"2021-04-16T13:45:26","date_gmt":"2021-04-16T11:45:26","guid":{"rendered":"https:\/\/serveiseducatius.xtec.cat\/vallesoccidental3\/?p=10201"},"modified":"2021-04-16T13:57:35","modified_gmt":"2021-04-16T11:57:35","slug":"sem-sec-s5","status":"publish","type":"post","link":"https:\/\/serveiseducatius.xtec.cat\/vallesoccidental3\/sem-sec-20-21-s5\/sem-sec-s5\/","title":{"rendered":"SEM SEC S5"},"content":{"rendered":"<ol>\n<li>Informacions:\n<ul>\n<li>Canvi en les persones referents en gesti\u00f3 econ\u00f2mica als ST. Amb la marxa de l&#8217;Elena Gonz\u00e1lez, de moment s\u00f3n:\n<ul>\n<li><span style=\"font-size: 10pt;\"><strong>Anna Sanz <\/strong>(<span class=\"il\">annasanz@gencat.cat) <\/span>i <strong>Cristina Bonet <\/strong>(cristina.bonet@gencat.cat)<\/span><\/li>\n<li><span style=\"font-size: 10pt;\">vall_gestioeconomica.educacio@gencat.cat<\/span><\/li>\n<li><span style=\"font-size: 10pt;\">Tfn 93 748 44 55\u00a0 Ext. 6030<\/span><\/li>\n<\/ul>\n<\/li>\n<\/ul>\n<\/li>\n<li><a href=\"https:\/\/serveiseducatius.xtec.cat\/vallesoccidental3\/sem-sec-20-21-s5\/consulta-sobre-gestio-beques-nee-mec-en-la-situacio-covid-19\/\" target=\"_blank\" rel=\"noopener noreferrer\">Consulta sobre Gesti\u00f3 beques NEE (MEC) en la situaci\u00f3 Covid 19<\/a><\/li>\n<li class=\"entry-title\"><a title=\"Fitxa de centre (informaci\u00f3 actualitzada al Portal de centres el 15\/03\/2021)\" href=\"https:\/\/serveiseducatius.xtec.cat\/vallesoccidental3\/formacio\/seminari-secretaria\/fitxa-de-centre\/\" rel=\"bookmark\">Fitxa de centre (informaci\u00f3 actualitzada al Portal de centres el 15\/03\/2021)<\/a><\/li>\n<li class=\"entry-title\"><a title=\"Quins documents s\u2019han de publicar a la web?\" href=\"https:\/\/serveiseducatius.xtec.cat\/vallesoccidental3\/sem-sec-20-21-s5\/quins-documents-shan-de-publicar-a-la-web\/\" rel=\"bookmark\">Quins documents s\u2019han de publicar a la web?<\/a><\/li>\n<\/ol>\n","protected":false},"excerpt":{"rendered":"<p>Informacions: Canvi en les persones referents en gesti\u00f3 econ\u00f2mica als ST. Amb la marxa de l&#8217;Elena Gonz\u00e1lez, de moment s\u00f3n: Anna Sanz (annasanz@gencat.cat) i Cristina Bonet (cristina.bonet@gencat.cat) vall_gestioeconomica.educacio@gencat.cat Tfn 93 748 44 55\u00a0 Ext. 6030 Consulta sobre Gesti\u00f3 beques NEE (MEC) en la situaci\u00f3 Covid 19 Fitxa de centre (informaci\u00f3 actualitzada al Portal de centres [&hellip;]<\/p>\n","protected":false},"author":1,"featured_media":0,"comment_status":"closed","ping_status":"closed","sticky":true,"template":"","format":"standard","meta":{"_bbp_topic_count":0,"_bbp_reply_count":0,"_bbp_total_topic_count":0,"_bbp_total_reply_count":0,"_bbp_voice_count":0,"_bbp_anonymous_reply_count":0,"_bbp_topic_count_hidden":0,"_bbp_reply_count_hidden":0,"_bbp_forum_subforum_count":0,"site-sidebar-layout":"default","site-content-layout":"","ast-site-content-layout":"","site-content-style":"default","site-sidebar-style":"default","ast-global-header-display":"","ast-banner-title-visibility":"","ast-main-header-display":"","ast-hfb-above-header-display":"","ast-hfb-below-header-display":"","ast-hfb-mobile-header-display":"","site-post-title":"","ast-breadcrumbs-content":"","ast-featured-img":"","footer-sml-layout":"","theme-transparent-header-meta":"","adv-header-id-meta":"","stick-header-meta":"","header-above-stick-meta":"","header-main-stick-meta":"","header-below-stick-meta":"","astra-migrate-meta-layouts":"default","ast-page-background-enabled":"default","ast-page-background-meta":{"desktop":{"background-color":"var(--ast-global-color-4)","background-image":"","background-repeat":"repeat","background-position":"center center","background-size":"auto","background-attachment":"scroll","background-type":"","background-media":"","overlay-type":"","overlay-color":"","overlay-opacity":"","overlay-gradient":""},"tablet":{"background-color":"","background-image":"","background-repeat":"repeat","background-position":"center center","background-size":"auto","background-attachment":"scroll","background-type":"","background-media":"","overlay-type":"","overlay-color":"","overlay-opacity":"","overlay-gradient":""},"mobile":{"background-color":"","background-image":"","background-repeat":"repeat","background-position":"center center","background-size":"auto","background-attachment":"scroll","background-type":"","background-media":"","overlay-type":"","overlay-color":"","overlay-opacity":"","overlay-gradient":""}},"ast-content-background-meta":{"desktop":{"background-color":"var(--ast-global-color-5)","background-image":"","background-repeat":"repeat","background-position":"center center","background-size":"auto","background-attachment":"scroll","background-type":"","background-media":"","overlay-type":"","overlay-color":"","overlay-opacity":"","overlay-gradient":""},"tablet":{"background-color":"var(--ast-global-color-5)","background-image":"","background-repeat":"repeat","background-position":"center center","background-size":"auto","background-attachment":"scroll","background-type":"","background-media":"","overlay-type":"","overlay-color":"","overlay-opacity":"","overlay-gradient":""},"mobile":{"background-color":"var(--ast-global-color-5)","background-image":"","background-repeat":"repeat","background-position":"center center","background-size":"auto","background-attachment":"scroll","background-type":"","background-media":"","overlay-type":"","overlay-color":"","overlay-opacity":"","overlay-gradient":""}},"footnotes":""},"categories":[1054],"tags":[],"class_list":["post-10201","post","type-post","status-publish","format-standard","hentry","category-sem-sec-20-21-s5"],"post_mailing_queue_ids":[],"_links":{"self":[{"href":"https:\/\/serveiseducatius.xtec.cat\/vallesoccidental3\/wp-json\/wp\/v2\/posts\/10201","targetHints":{"allow":["GET"]}}],"collection":[{"href":"https:\/\/serveiseducatius.xtec.cat\/vallesoccidental3\/wp-json\/wp\/v2\/posts"}],"about":[{"href":"https:\/\/serveiseducatius.xtec.cat\/vallesoccidental3\/wp-json\/wp\/v2\/types\/post"}],"author":[{"embeddable":true,"href":"https:\/\/serveiseducatius.xtec.cat\/vallesoccidental3\/wp-json\/wp\/v2\/users\/1"}],"replies":[{"embeddable":true,"href":"https:\/\/serveiseducatius.xtec.cat\/vallesoccidental3\/wp-json\/wp\/v2\/comments?post=10201"}],"version-history":[{"count":3,"href":"https:\/\/serveiseducatius.xtec.cat\/vallesoccidental3\/wp-json\/wp\/v2\/posts\/10201\/revisions"}],"predecessor-version":[{"id":10208,"href":"https:\/\/serveiseducatius.xtec.cat\/vallesoccidental3\/wp-json\/wp\/v2\/posts\/10201\/revisions\/10208"}],"wp:attachment":[{"href":"https:\/\/serveiseducatius.xtec.cat\/vallesoccidental3\/wp-json\/wp\/v2\/media?parent=10201"}],"wp:term":[{"taxonomy":"category","embeddable":true,"href":"https:\/\/serveiseducatius.xtec.cat\/vallesoccidental3\/wp-json\/wp\/v2\/categories?post=10201"},{"taxonomy":"post_tag","embeddable":true,"href":"https:\/\/serveiseducatius.xtec.cat\/vallesoccidental3\/wp-json\/wp\/v2\/tags?post=10201"}],"curies":[{"name":"wp","href":"https:\/\/api.w.org\/{rel}","templated":true}]}}