{"id":10173,"date":"2021-04-16T10:38:08","date_gmt":"2021-04-16T08:38:08","guid":{"rendered":"https:\/\/serveiseducatius.xtec.cat\/vallesoccidental3\/?p=10173"},"modified":"2021-04-16T19:57:07","modified_gmt":"2021-04-16T17:57:07","slug":"saltem-a-corda","status":"publish","type":"post","link":"https:\/\/serveiseducatius.xtec.cat\/vallesoccidental3\/portada\/saltem-a-corda\/","title":{"rendered":"Saltem a corda?"},"content":{"rendered":"<p><a href=\"https:\/\/serveiseducatius.xtec.cat\/vallesoccidental3\/wp-content\/uploads\/usu1147\/2021\/04\/Captura-de-Pantalla-2021-04-16-a-les-19.51.36.png\"><img loading=\"lazy\" decoding=\"async\" class=\"alignleft wp-image-10209\" src=\"https:\/\/serveiseducatius.xtec.cat\/vallesoccidental3\/wp-content\/uploads\/usu1147\/2021\/04\/Captura-de-Pantalla-2021-04-16-a-les-19.51.36-251x300.png\" alt=\"Saltem a corda?\" width=\"200\" height=\"239\" srcset=\"https:\/\/serveiseducatius.xtec.cat\/vallesoccidental3\/wp-content\/uploads\/usu1147\/2021\/04\/Captura-de-Pantalla-2021-04-16-a-les-19.51.36-251x300.png 251w, https:\/\/serveiseducatius.xtec.cat\/vallesoccidental3\/wp-content\/uploads\/usu1147\/2021\/04\/Captura-de-Pantalla-2021-04-16-a-les-19.51.36.png 267w\" sizes=\"auto, (max-width: 200px) 100vw, 200px\" \/><\/a>El projecte <b><a href=\"https:\/\/drive.google.com\/file\/d\/1qonaYKHc_QMPFGlimtR3mtaDJ9womTXj\/view\" target=\"_blank\" rel=\"noopener noreferrer\" data-saferedirecturl=\"https:\/\/www.google.com\/url?q=https:\/\/xtec-dot-yamm-track.appspot.com\/Redirect?ukey%3D1u8Q8Z13xxveHO69ivld41BtC5F84HG_prm209SvZuew-0%26key%3DYAMMID-84903180%26link%3Dhttps%253A%252F%252Fsites.google.com%252Fxtec.cat%252Fsaltem-a-corda%252Fp%2525C3%2525A0gina-principal&amp;source=gmail&amp;ust=1618646957500000&amp;usg=AFQjCNHXeIyr2L6ud6tc80PEDYZRGiEUNg\">Saltem a Corda?<\/a><\/b>, elaborat per docents del Maresme, pret\u00e9n proporcionar a l&#8217;alumnat i als centres noves can\u00e7ons per saltar a corda. \u00c9s una proposta de Lola Casas, desenvolupada amb Xavier Rodon (m\u00fasica), Rub\u00e9n Bravo (il\u00b7lustracions) i Rosa Maria Vidal (edici\u00f3 de so).<\/p>\n<p class=\"gmail_default\"><a href=\"https:\/\/serveiseducatius.xtec.cat\/vallesoccidental3\/wp-content\/uploads\/usu1147\/2021\/04\/saltem-a-corda-crp-I-matar\u00f3.png\"><img loading=\"lazy\" decoding=\"async\" class=\"wp-image-10174 alignright\" src=\"https:\/\/serveiseducatius.xtec.cat\/vallesoccidental3\/wp-content\/uploads\/usu1147\/2021\/04\/saltem-a-corda-crp-I-matar\u00f3-300x74.png\" alt=\"\" width=\"227\" height=\"56\" srcset=\"https:\/\/serveiseducatius.xtec.cat\/vallesoccidental3\/wp-content\/uploads\/usu1147\/2021\/04\/saltem-a-corda-crp-I-matar\u00f3-300x74.png 300w, https:\/\/serveiseducatius.xtec.cat\/vallesoccidental3\/wp-content\/uploads\/usu1147\/2021\/04\/saltem-a-corda-crp-I-matar\u00f3.png 505w\" sizes=\"auto, (max-width: 227px) 100vw, 227px\" \/><\/a>A m\u00e9s del text de les can\u00e7ons amb la partitura, la il\u00b7lustraci\u00f3 i l&#8217;enregistrament, hi trobareu poemes per treballar, relacionats amb el tema de cada can\u00e7\u00f3, i els documents imprimibles, per can\u00e7ons i el projecte sencer.<\/p>\n<p>&nbsp;<\/p>\n<p><a href=\"https:\/\/sites.google.com\/xtec.cat\/saltem-a-corda\/p%C3%A0gina-principal\" target=\"_blank\" rel=\"noopener noreferrer\"><img loading=\"lazy\" decoding=\"async\" class=\"wp-image-10175 aligncenter\" src=\"https:\/\/serveiseducatius.xtec.cat\/vallesoccidental3\/wp-content\/uploads\/usu1147\/2021\/04\/can\u00e7ons-saltem-a-corda-300x262.png\" alt=\"\" width=\"627\" height=\"548\" srcset=\"https:\/\/serveiseducatius.xtec.cat\/vallesoccidental3\/wp-content\/uploads\/usu1147\/2021\/04\/can\u00e7ons-saltem-a-corda-300x262.png 300w, https:\/\/serveiseducatius.xtec.cat\/vallesoccidental3\/wp-content\/uploads\/usu1147\/2021\/04\/can\u00e7ons-saltem-a-corda-768x670.png 768w, https:\/\/serveiseducatius.xtec.cat\/vallesoccidental3\/wp-content\/uploads\/usu1147\/2021\/04\/can\u00e7ons-saltem-a-corda.png 885w\" sizes=\"auto, (max-width: 627px) 100vw, 627px\" \/><\/a><\/p>\n","protected":false},"excerpt":{"rendered":"<p>El projecte Saltem a Corda?, elaborat per docents del Maresme, pret\u00e9n proporcionar a l&#8217;alumnat i als centres noves can\u00e7ons per saltar a corda. \u00c9s una proposta de Lola Casas, desenvolupada amb Xavier Rodon (m\u00fasica), Rub\u00e9n Bravo (il\u00b7lustracions) i Rosa Maria Vidal (edici\u00f3 de so). A m\u00e9s del text de les can\u00e7ons amb la partitura, la [&hellip;]<\/p>\n","protected":false},"author":1,"featured_media":0,"comment_status":"closed","ping_status":"closed","sticky":false,"template":"","format":"standard","meta":{"_bbp_topic_count":0,"_bbp_reply_count":0,"_bbp_total_topic_count":0,"_bbp_total_reply_count":0,"_bbp_voice_count":0,"_bbp_anonymous_reply_count":0,"_bbp_topic_count_hidden":0,"_bbp_reply_count_hidden":0,"_bbp_forum_subforum_count":0,"site-sidebar-layout":"default","site-content-layout":"","ast-site-content-layout":"","site-content-style":"default","site-sidebar-style":"default","ast-global-header-display":"","ast-banner-title-visibility":"","ast-main-header-display":"","ast-hfb-above-header-display":"","ast-hfb-below-header-display":"","ast-hfb-mobile-header-display":"","site-post-title":"","ast-breadcrumbs-content":"","ast-featured-img":"","footer-sml-layout":"","theme-transparent-header-meta":"","adv-header-id-meta":"","stick-header-meta":"","header-above-stick-meta":"","header-main-stick-meta":"","header-below-stick-meta":"","astra-migrate-meta-layouts":"default","ast-page-background-enabled":"default","ast-page-background-meta":{"desktop":{"background-color":"var(--ast-global-color-4)","background-image":"","background-repeat":"repeat","background-position":"center center","background-size":"auto","background-attachment":"scroll","background-type":"","background-media":"","overlay-type":"","overlay-color":"","overlay-opacity":"","overlay-gradient":""},"tablet":{"background-color":"","background-image":"","background-repeat":"repeat","background-position":"center center","background-size":"auto","background-attachment":"scroll","background-type":"","background-media":"","overlay-type":"","overlay-color":"","overlay-opacity":"","overlay-gradient":""},"mobile":{"background-color":"","background-image":"","background-repeat":"repeat","background-position":"center center","background-size":"auto","background-attachment":"scroll","background-type":"","background-media":"","overlay-type":"","overlay-color":"","overlay-opacity":"","overlay-gradient":""}},"ast-content-background-meta":{"desktop":{"background-color":"var(--ast-global-color-5)","background-image":"","background-repeat":"repeat","background-position":"center center","background-size":"auto","background-attachment":"scroll","background-type":"","background-media":"","overlay-type":"","overlay-color":"","overlay-opacity":"","overlay-gradient":""},"tablet":{"background-color":"var(--ast-global-color-5)","background-image":"","background-repeat":"repeat","background-position":"center center","background-size":"auto","background-attachment":"scroll","background-type":"","background-media":"","overlay-type":"","overlay-color":"","overlay-opacity":"","overlay-gradient":""},"mobile":{"background-color":"var(--ast-global-color-5)","background-image":"","background-repeat":"repeat","background-position":"center center","background-size":"auto","background-attachment":"scroll","background-type":"","background-media":"","overlay-type":"","overlay-color":"","overlay-opacity":"","overlay-gradient":""}},"footnotes":""},"categories":[29],"tags":[847,942,876,280],"class_list":["post-10173","post","type-post","status-publish","format-standard","hentry","category-portada","tag-educacio-fisica","tag-educacio-infantil","tag-educacio-primaria","tag-musica"],"post_mailing_queue_ids":[],"_links":{"self":[{"href":"https:\/\/serveiseducatius.xtec.cat\/vallesoccidental3\/wp-json\/wp\/v2\/posts\/10173","targetHints":{"allow":["GET"]}}],"collection":[{"href":"https:\/\/serveiseducatius.xtec.cat\/vallesoccidental3\/wp-json\/wp\/v2\/posts"}],"about":[{"href":"https:\/\/serveiseducatius.xtec.cat\/vallesoccidental3\/wp-json\/wp\/v2\/types\/post"}],"author":[{"embeddable":true,"href":"https:\/\/serveiseducatius.xtec.cat\/vallesoccidental3\/wp-json\/wp\/v2\/users\/1"}],"replies":[{"embeddable":true,"href":"https:\/\/serveiseducatius.xtec.cat\/vallesoccidental3\/wp-json\/wp\/v2\/comments?post=10173"}],"version-history":[{"count":3,"href":"https:\/\/serveiseducatius.xtec.cat\/vallesoccidental3\/wp-json\/wp\/v2\/posts\/10173\/revisions"}],"predecessor-version":[{"id":10212,"href":"https:\/\/serveiseducatius.xtec.cat\/vallesoccidental3\/wp-json\/wp\/v2\/posts\/10173\/revisions\/10212"}],"wp:attachment":[{"href":"https:\/\/serveiseducatius.xtec.cat\/vallesoccidental3\/wp-json\/wp\/v2\/media?parent=10173"}],"wp:term":[{"taxonomy":"category","embeddable":true,"href":"https:\/\/serveiseducatius.xtec.cat\/vallesoccidental3\/wp-json\/wp\/v2\/categories?post=10173"},{"taxonomy":"post_tag","embeddable":true,"href":"https:\/\/serveiseducatius.xtec.cat\/vallesoccidental3\/wp-json\/wp\/v2\/tags?post=10173"}],"curies":[{"name":"wp","href":"https:\/\/api.w.org\/{rel}","templated":true}]}}