{"id":11934,"date":"2026-09-01T12:41:25","date_gmt":"2026-09-01T10:41:25","guid":{"rendered":"https:\/\/serveiseducatius.xtec.cat\/vallesoccidental2\/?p=11934"},"modified":"2026-09-01T12:45:53","modified_gmt":"2026-09-01T10:45:53","slug":"benvinguts-i-benvingudes-al-curs-2026-2027%f0%9f%8e%92%e2%9c%a8","status":"publish","type":"post","link":"https:\/\/serveiseducatius.xtec.cat\/vallesoccidental2\/general\/benvinguts-i-benvingudes-al-curs-2026-2027%f0%9f%8e%92%e2%9c%a8\/","title":{"rendered":"Benvinguts i benvingudes al curs 2026-2027!\ud83c\udf92\u2728"},"content":{"rendered":"\n<p>Comencem un nou curs ple de reptes, aprenentatges i oportunitats per continuar creixent plegats.<\/p>\n\n\n\n<p>Des del <strong>Servei Educatiu del Vall\u00e8s Occidental II<\/strong> us volem donar la benvinguda a tots els centres, docents i professionals de l\u2019educaci\u00f3 del territori.<\/p>\n\n\n\n<p>Un curs m\u00e9s, continuem al vostre costat, <strong>acompanyant centres, compartint experi\u00e8ncies, generant xarxa i impulsant projectes i iniciatives<\/strong> que contribueixin a la millora educativa.<\/p>\n\n\n\n<p>Aprofitem per compartir amb vosaltres: <\/p>\n\n\n\n<ul class=\"wp-block-list\">\n<li>Els <strong><a href=\"https:\/\/drive.google.com\/drive\/folders\/1vv1mGSkW0heRELRkPP-vBUNpIeiwcCQY\" target=\"_blank\" rel=\"noreferrer noopener\">calendaris anuals editables<\/a> <\/strong>per si s\u00f3n del vostre inter\u00e8s.<\/li>\n\n\n\n<li><strong><a href=\"https:\/\/xtec.gencat.cat\/ca\/at_usuari\/carnet-docent\/#\" target=\"_blank\" rel=\"noreferrer noopener\">Nou carnet docent digital<\/a><\/strong><\/li>\n<\/ul>\n\n\n\n<figure class=\"wp-block-gallery has-nested-images columns-default is-cropped wp-block-gallery-1 is-layout-flex wp-block-gallery-is-layout-flex\">\n<figure class=\"wp-block-image size-large\"><a href=\"https:\/\/drive.google.com\/drive\/folders\/1vv1mGSkW0heRELRkPP-vBUNpIeiwcCQY\" target=\"_blank\" rel=\" noreferrer noopener\"><img loading=\"lazy\" decoding=\"async\" width=\"1024\" height=\"683\" data-id=\"11940\" src=\"https:\/\/serveiseducatius.xtec.cat\/vallesoccidental2\/wp-content\/uploads\/usu1116\/2026\/09\/ralf1403-calendar-10045176_1920-1-1-1024x683.jpg\" alt=\"\" class=\"wp-image-11940\" srcset=\"https:\/\/serveiseducatius.xtec.cat\/vallesoccidental2\/wp-content\/uploads\/usu1116\/2026\/09\/ralf1403-calendar-10045176_1920-1-1-1024x683.jpg 1024w, https:\/\/serveiseducatius.xtec.cat\/vallesoccidental2\/wp-content\/uploads\/usu1116\/2026\/09\/ralf1403-calendar-10045176_1920-1-1-300x200.jpg 300w, https:\/\/serveiseducatius.xtec.cat\/vallesoccidental2\/wp-content\/uploads\/usu1116\/2026\/09\/ralf1403-calendar-10045176_1920-1-1-768x512.jpg 768w, https:\/\/serveiseducatius.xtec.cat\/vallesoccidental2\/wp-content\/uploads\/usu1116\/2026\/09\/ralf1403-calendar-10045176_1920-1-1-1536x1024.jpg 1536w, https:\/\/serveiseducatius.xtec.cat\/vallesoccidental2\/wp-content\/uploads\/usu1116\/2026\/09\/ralf1403-calendar-10045176_1920-1-1.jpg 1920w\" sizes=\"auto, (max-width: 1024px) 100vw, 1024px\" \/><\/a><\/figure>\n\n\n\n<figure class=\"wp-block-image size-large\"><a href=\"https:\/\/xtec.gencat.cat\/ca\/at_usuari\/carnet-docent\/#\" target=\"_blank\" rel=\" noreferrer noopener\"><img loading=\"lazy\" decoding=\"async\" width=\"832\" height=\"468\" data-id=\"11939\" src=\"https:\/\/serveiseducatius.xtec.cat\/vallesoccidental2\/wp-content\/uploads\/usu1116\/2026\/09\/Nou-carnet-docent-1.png_223078711-1.png\" alt=\"\" class=\"wp-image-11939\" srcset=\"https:\/\/serveiseducatius.xtec.cat\/vallesoccidental2\/wp-content\/uploads\/usu1116\/2026\/09\/Nou-carnet-docent-1.png_223078711-1.png 832w, https:\/\/serveiseducatius.xtec.cat\/vallesoccidental2\/wp-content\/uploads\/usu1116\/2026\/09\/Nou-carnet-docent-1.png_223078711-1-300x169.png 300w, https:\/\/serveiseducatius.xtec.cat\/vallesoccidental2\/wp-content\/uploads\/usu1116\/2026\/09\/Nou-carnet-docent-1.png_223078711-1-768x432.png 768w\" sizes=\"auto, (max-width: 832px) 100vw, 832px\" \/><\/a><\/figure>\n<\/figure>\n\n\n\n<p><strong>Molt bon curs 2026-2027 a tothom!<\/strong><\/p>\n\n\n\n<p><\/p>\n","protected":false},"excerpt":{"rendered":"<p>Comencem un nou curs ple de reptes, aprenentatges i oportunitats per continuar creixent plegats. Des del Servei Educatiu del Vall\u00e8s Occidental II us volem donar la benvinguda a tots els centres, docents i professionals de l\u2019educaci\u00f3 del territori. Un curs m\u00e9s, continuem al vostre costat, acompanyant centres, compartint experi\u00e8ncies, generant xarxa i impulsant projectes i [&hellip;]<\/p>\n","protected":false},"author":1,"featured_media":11937,"comment_status":"open","ping_status":"open","sticky":false,"template":"","format":"standard","meta":{"_bbp_topic_count":0,"_bbp_reply_count":0,"_bbp_total_topic_count":0,"_bbp_total_reply_count":0,"_bbp_voice_count":0,"_bbp_anonymous_reply_count":0,"_bbp_topic_count_hidden":0,"_bbp_reply_count_hidden":0,"_bbp_forum_subforum_count":0,"site-sidebar-layout":"default","site-content-layout":"","ast-site-content-layout":"default","site-content-style":"default","site-sidebar-style":"default","ast-global-header-display":"","ast-banner-title-visibility":"","ast-main-header-display":"","ast-hfb-above-header-display":"","ast-hfb-below-header-display":"","ast-hfb-mobile-header-display":"","site-post-title":"","ast-breadcrumbs-content":"","ast-featured-img":"","footer-sml-layout":"","theme-transparent-header-meta":"","adv-header-id-meta":"","stick-header-meta":"","header-above-stick-meta":"","header-main-stick-meta":"","header-below-stick-meta":"","astra-migrate-meta-layouts":"set","ast-page-background-enabled":"default","ast-page-background-meta":{"desktop":{"background-color":"var(--ast-global-color-4)","background-image":"","background-repeat":"repeat","background-position":"center center","background-size":"auto","background-attachment":"scroll","background-type":"","background-media":"","overlay-type":"","overlay-color":"","overlay-opacity":"","overlay-gradient":""},"tablet":{"background-color":"","background-image":"","background-repeat":"repeat","background-position":"center center","background-size":"auto","background-attachment":"scroll","background-type":"","background-media":"","overlay-type":"","overlay-color":"","overlay-opacity":"","overlay-gradient":""},"mobile":{"background-color":"","background-image":"","background-repeat":"repeat","background-position":"center center","background-size":"auto","background-attachment":"scroll","background-type":"","background-media":"","overlay-type":"","overlay-color":"","overlay-opacity":"","overlay-gradient":""}},"ast-content-background-meta":{"desktop":{"background-color":"var(--ast-global-color-5)","background-image":"","background-repeat":"repeat","background-position":"center center","background-size":"auto","background-attachment":"scroll","background-type":"","background-media":"","overlay-type":"","overlay-color":"","overlay-opacity":"","overlay-gradient":""},"tablet":{"background-color":"var(--ast-global-color-5)","background-image":"","background-repeat":"repeat","background-position":"center center","background-size":"auto","background-attachment":"scroll","background-type":"","background-media":"","overlay-type":"","overlay-color":"","overlay-opacity":"","overlay-gradient":""},"mobile":{"background-color":"var(--ast-global-color-5)","background-image":"","background-repeat":"repeat","background-position":"center center","background-size":"auto","background-attachment":"scroll","background-type":"","background-media":"","overlay-type":"","overlay-color":"","overlay-opacity":"","overlay-gradient":""}},"footnotes":""},"categories":[65,251,67,68,297,1,293,304,330,29,298,336],"tags":[527,526],"class_list":["post-11934","post","type-post","status-publish","format-standard","has-post-thumbnail","hentry","category-crp","category-dinamica-educativa-sant-vicenc-dels-horts","category-eap","category-elic","category-equip","category-general","category-inici","category-noticies","category-notcur","category-portada","category-se","category-sites","tag-benvinguda","tag-curs-26-27"],"post_mailing_queue_ids":[],"_links":{"self":[{"href":"https:\/\/serveiseducatius.xtec.cat\/vallesoccidental2\/wp-json\/wp\/v2\/posts\/11934","targetHints":{"allow":["GET"]}}],"collection":[{"href":"https:\/\/serveiseducatius.xtec.cat\/vallesoccidental2\/wp-json\/wp\/v2\/posts"}],"about":[{"href":"https:\/\/serveiseducatius.xtec.cat\/vallesoccidental2\/wp-json\/wp\/v2\/types\/post"}],"author":[{"embeddable":true,"href":"https:\/\/serveiseducatius.xtec.cat\/vallesoccidental2\/wp-json\/wp\/v2\/users\/1"}],"replies":[{"embeddable":true,"href":"https:\/\/serveiseducatius.xtec.cat\/vallesoccidental2\/wp-json\/wp\/v2\/comments?post=11934"}],"version-history":[{"count":3,"href":"https:\/\/serveiseducatius.xtec.cat\/vallesoccidental2\/wp-json\/wp\/v2\/posts\/11934\/revisions"}],"predecessor-version":[{"id":11941,"href":"https:\/\/serveiseducatius.xtec.cat\/vallesoccidental2\/wp-json\/wp\/v2\/posts\/11934\/revisions\/11941"}],"wp:featuredmedia":[{"embeddable":true,"href":"https:\/\/serveiseducatius.xtec.cat\/vallesoccidental2\/wp-json\/wp\/v2\/media\/11937"}],"wp:attachment":[{"href":"https:\/\/serveiseducatius.xtec.cat\/vallesoccidental2\/wp-json\/wp\/v2\/media?parent=11934"}],"wp:term":[{"taxonomy":"category","embeddable":true,"href":"https:\/\/serveiseducatius.xtec.cat\/vallesoccidental2\/wp-json\/wp\/v2\/categories?post=11934"},{"taxonomy":"post_tag","embeddable":true,"href":"https:\/\/serveiseducatius.xtec.cat\/vallesoccidental2\/wp-json\/wp\/v2\/tags?post=11934"}],"curies":[{"name":"wp","href":"https:\/\/api.w.org\/{rel}","templated":true}]}}