{"id":316,"count":0,"description":"<table id=\"table1\" border=\"0\" width=\"100%\" cellspacing=\"4\" cellpadding=\"3\">\r\n<tbody>\r\n<tr>\r\n<td bgcolor=\"#FF0000\" width=\"20%\">\r\n<p align=\"center\"><\/p>\r\n<\/td>\r\n<td bgcolor=\"#FF0000\" width=\"80%\"><span style=\"color: #000000; font-family: Verdana, Arial, Helvetica, sans-serif; font-size: xx-large;\">Mediateca en l\u00ednia<\/span><span style=\"color: #ffff00; font-family: Verdana, Arial, Helvetica, sans-serif; font-size: x-large;\">\r\nReserva de maletes pedag\u00f2giques<\/span><\/td>\r\n<\/tr>\r\n<\/tbody>\r\n<\/table>\r\n<p style=\"font-weight: 400;\"><span style=\"font-weight: 400;\">Envia'ns un email a crp-terrassa@xtec.cat per fer la reserva de les <\/span><b>MALETES <\/b>que puguis necessitar.<\/p>\r\n<p style=\"font-weight: 400;\">Tingues en compte el calendari de reserva actual per no demanar un per\u00edode en qu\u00e8 ja est\u00e0 prestat o reservat pr\u00e8viament.<\/p>\r\n\r\n<div align=\"center\">\r\n\r\n<iframe style=\"border: 0;\" src=\"https:\/\/calendar.google.com\/calendar\/embed?src=cfj5svg7nacvcjhulhp23l5e34%40group.calendar.google.com&amp;ctz=Europe%2FMadrid\" width=\"800\" height=\"600\" frameborder=\"0\" scrolling=\"no\"><\/iframe>\r\n\r\n<\/div>","link":"https:\/\/serveiseducatius.xtec.cat\/vallesoccidental2\/categoria\/recursos\/maletes-pedagogiques\/reserva\/","name":"Reserva maletes","slug":"reserva","taxonomy":"category","parent":82,"meta":[],"_links":{"self":[{"href":"https:\/\/serveiseducatius.xtec.cat\/vallesoccidental2\/wp-json\/wp\/v2\/categories\/316","targetHints":{"allow":["GET"]}}],"collection":[{"href":"https:\/\/serveiseducatius.xtec.cat\/vallesoccidental2\/wp-json\/wp\/v2\/categories"}],"about":[{"href":"https:\/\/serveiseducatius.xtec.cat\/vallesoccidental2\/wp-json\/wp\/v2\/taxonomies\/category"}],"up":[{"embeddable":true,"href":"https:\/\/serveiseducatius.xtec.cat\/vallesoccidental2\/wp-json\/wp\/v2\/categories\/82"}],"wp:post_type":[{"href":"https:\/\/serveiseducatius.xtec.cat\/vallesoccidental2\/wp-json\/wp\/v2\/posts?categories=316"}],"curies":[{"name":"wp","href":"https:\/\/api.w.org\/{rel}","templated":true}]}}