{"id":6263,"date":"2025-11-05T10:46:34","date_gmt":"2025-11-05T09:46:34","guid":{"rendered":"https:\/\/serveiseducatius.xtec.cat\/vallesoccidental1\/?p=6263"},"modified":"2025-11-10T13:35:19","modified_gmt":"2025-11-10T12:35:19","slug":"convocatoria-per-al-reconeixement-de-projectes-dinnovacio-educativa-i-iniciatives-dinnovacio-educativa-resolucio-edf-3819-2025-de-15-doctubre","status":"publish","type":"post","link":"https:\/\/serveiseducatius.xtec.cat\/vallesoccidental1\/portada\/convocatoria-per-al-reconeixement-de-projectes-dinnovacio-educativa-i-iniciatives-dinnovacio-educativa-resolucio-edf-3819-2025-de-15-doctubre\/","title":{"rendered":"Convocat\u00f2ria per al reconeixement de projectes d&#8217;innovaci\u00f3 educativa i iniciatives d&#8217;innovaci\u00f3 educativa."},"content":{"rendered":"\n<p>El Departament d\u2019Educaci\u00f3 i Formaci\u00f3 Professional obre la convocat\u00f2ria per al reconeixement de projectes d\u2019innovaci\u00f3 educativa i iniciatives vinculades a la millora dels resultats educatius (Resoluci\u00f3 EDF\/3819\/2025, de 15 d\u2019octubre).<br><br>Aquesta convocat\u00f2ria s\u2019emmarca en el Pla de Govern 2024-2027, que aposta per la millora de la qualitat i l\u2019equitat del sistema educatiu catal\u00e0, promovent la innovaci\u00f3, la col\u00b7laboraci\u00f3 entre centres i la difusi\u00f3 de bones pr\u00e0ctiques docents.<br><br>Poden participar-hi tots els centres educatius sostinguts amb fons p\u00fablics de Catalunya, aix\u00ed com el seu personal docent i d\u2019atenci\u00f3 educativa.La convocat\u00f2ria reconeix dues\u00a0modalitats principals:<br><a href=\"https:\/\/objenv.gencat.cat\/v4\/public\/estadisticas\/link\/gencat_educacio\/2283\/13\/1284924\/09882bbb308e78f4634fb323465364ac\/\" target=\"_blank\" rel=\"noreferrer noopener\">Projectes d\u2019innovaci\u00f3 educativa<\/a><br><a href=\"https:\/\/objenv.gencat.cat\/v4\/public\/estadisticas\/link\/gencat_educacio\/2283\/14\/1284924\/09882bbb308e78f4634fb323465364ac\/\" target=\"_blank\" rel=\"noreferrer noopener\">Iniciatives d\u2019innovaci\u00f3 educativa\u00a0<\/a><br><br>Les sol\u00b7licituds s\u2019han de presentar per e-Valisa i els terminis s\u00f3n els seg\u00fcents:<br> Fins el 10 de desembre de 2025, per a les iniciatives d\u2019innovaci\u00f3 educativa.<br> Fins al 15 de gener de 2026, per a als projectes d\u2019innovaci\u00f3 educativa.<br><br>Tota la informaci\u00f3, la documentaci\u00f3 i els models de refer\u00e8ncia estan disponibles al Portal de centre del Departament d\u2019Educaci\u00f3 i Formaci\u00f3 Professional.<\/p>\n\n\n\n<div class=\"wp-block-buttons alignwide is-layout-flex wp-block-buttons-is-layout-flex\">\n<div class=\"wp-block-button\"><a class=\"wp-block-button__link wp-element-button\" href=\"https:\/\/objenv.gencat.cat\/v4\/public\/estadisticas\/link\/gencat_educacio\/2283\/15\/1284924\/09882bbb308e78f4634fb323465364ac\/\">M\u00e9s informaci\u00f3<\/a><\/div>\n<\/div>\n\n\n\n<figure class=\"wp-block-image size-full is-resized\"><a href=\"https:\/\/serveiseducatius.xtec.cat\/vallesoccidental1\/wp-content\/uploads\/usu762\/2025\/11\/image-3.png\"><img decoding=\"async\" src=\"https:\/\/serveiseducatius.xtec.cat\/vallesoccidental1\/wp-content\/uploads\/usu762\/2025\/11\/image-3.png\" alt=\"\" class=\"wp-image-6270\" style=\"width:684px;height:auto\"\/><\/a><\/figure>\n\n\n\n<p><\/p>\n","protected":false},"excerpt":{"rendered":"<p>El Departament d\u2019Educaci\u00f3 i Formaci\u00f3 Professional obre la convocat\u00f2ria per al reconeixement de projectes d\u2019innovaci\u00f3 educativa i iniciatives vinculades a [&hellip;]<\/p>\n","protected":false},"author":40,"featured_media":6270,"comment_status":"closed","ping_status":"open","sticky":false,"template":"","format":"standard","meta":{"_bbp_topic_count":0,"_bbp_reply_count":0,"_bbp_total_topic_count":0,"_bbp_total_reply_count":0,"_bbp_voice_count":0,"_bbp_anonymous_reply_count":0,"_bbp_topic_count_hidden":0,"_bbp_reply_count_hidden":0,"_bbp_forum_subforum_count":0,"site-sidebar-layout":"default","site-content-layout":"","ast-site-content-layout":"default","site-content-style":"default","site-sidebar-style":"default","ast-global-header-display":"","ast-banner-title-visibility":"","ast-main-header-display":"","ast-hfb-above-header-display":"","ast-hfb-below-header-display":"","ast-hfb-mobile-header-display":"","site-post-title":"","ast-breadcrumbs-content":"","ast-featured-img":"","footer-sml-layout":"","theme-transparent-header-meta":"","adv-header-id-meta":"","stick-header-meta":"","header-above-stick-meta":"","header-main-stick-meta":"","header-below-stick-meta":"","astra-migrate-meta-layouts":"set","ast-page-background-enabled":"default","ast-page-background-meta":{"desktop":{"background-color":"var(--ast-global-color-4)","background-image":"","background-repeat":"repeat","background-position":"center center","background-size":"auto","background-attachment":"scroll","background-type":"","background-media":"","overlay-type":"","overlay-color":"","overlay-opacity":"","overlay-gradient":""},"tablet":{"background-color":"","background-image":"","background-repeat":"repeat","background-position":"center center","background-size":"auto","background-attachment":"scroll","background-type":"","background-media":"","overlay-type":"","overlay-color":"","overlay-opacity":"","overlay-gradient":""},"mobile":{"background-color":"","background-image":"","background-repeat":"repeat","background-position":"center center","background-size":"auto","background-attachment":"scroll","background-type":"","background-media":"","overlay-type":"","overlay-color":"","overlay-opacity":"","overlay-gradient":""}},"ast-content-background-meta":{"desktop":{"background-color":"var(--ast-global-color-5)","background-image":"","background-repeat":"repeat","background-position":"center center","background-size":"auto","background-attachment":"scroll","background-type":"","background-media":"","overlay-type":"","overlay-color":"","overlay-opacity":"","overlay-gradient":""},"tablet":{"background-color":"var(--ast-global-color-5)","background-image":"","background-repeat":"repeat","background-position":"center center","background-size":"auto","background-attachment":"scroll","background-type":"","background-media":"","overlay-type":"","overlay-color":"","overlay-opacity":"","overlay-gradient":""},"mobile":{"background-color":"var(--ast-global-color-5)","background-image":"","background-repeat":"repeat","background-position":"center center","background-size":"auto","background-attachment":"scroll","background-type":"","background-media":"","overlay-type":"","overlay-color":"","overlay-opacity":"","overlay-gradient":""}},"footnotes":""},"categories":[29],"tags":[],"class_list":["post-6263","post","type-post","status-publish","format-standard","has-post-thumbnail","hentry","category-portada"],"post_mailing_queue_ids":[],"_links":{"self":[{"href":"https:\/\/serveiseducatius.xtec.cat\/vallesoccidental1\/wp-json\/wp\/v2\/posts\/6263","targetHints":{"allow":["GET"]}}],"collection":[{"href":"https:\/\/serveiseducatius.xtec.cat\/vallesoccidental1\/wp-json\/wp\/v2\/posts"}],"about":[{"href":"https:\/\/serveiseducatius.xtec.cat\/vallesoccidental1\/wp-json\/wp\/v2\/types\/post"}],"author":[{"embeddable":true,"href":"https:\/\/serveiseducatius.xtec.cat\/vallesoccidental1\/wp-json\/wp\/v2\/users\/40"}],"replies":[{"embeddable":true,"href":"https:\/\/serveiseducatius.xtec.cat\/vallesoccidental1\/wp-json\/wp\/v2\/comments?post=6263"}],"version-history":[{"count":3,"href":"https:\/\/serveiseducatius.xtec.cat\/vallesoccidental1\/wp-json\/wp\/v2\/posts\/6263\/revisions"}],"predecessor-version":[{"id":6284,"href":"https:\/\/serveiseducatius.xtec.cat\/vallesoccidental1\/wp-json\/wp\/v2\/posts\/6263\/revisions\/6284"}],"wp:featuredmedia":[{"embeddable":true,"href":"https:\/\/serveiseducatius.xtec.cat\/vallesoccidental1\/wp-json\/wp\/v2\/media\/6270"}],"wp:attachment":[{"href":"https:\/\/serveiseducatius.xtec.cat\/vallesoccidental1\/wp-json\/wp\/v2\/media?parent=6263"}],"wp:term":[{"taxonomy":"category","embeddable":true,"href":"https:\/\/serveiseducatius.xtec.cat\/vallesoccidental1\/wp-json\/wp\/v2\/categories?post=6263"},{"taxonomy":"post_tag","embeddable":true,"href":"https:\/\/serveiseducatius.xtec.cat\/vallesoccidental1\/wp-json\/wp\/v2\/tags?post=6263"}],"curies":[{"name":"wp","href":"https:\/\/api.w.org\/{rel}","templated":true}]}}