{"id":6260,"date":"2025-11-05T10:37:12","date_gmt":"2025-11-05T09:37:12","guid":{"rendered":"https:\/\/serveiseducatius.xtec.cat\/vallesoccidental1\/?p=6260"},"modified":"2025-11-05T10:37:13","modified_gmt":"2025-11-05T09:37:13","slug":"voluntaris-contra-la-desinformacio-setmana-de-lami","status":"publish","type":"post","link":"https:\/\/serveiseducatius.xtec.cat\/vallesoccidental1\/portada\/voluntaris-contra-la-desinformacio-setmana-de-lami\/","title":{"rendered":"Voluntaris contra la desinformaci\u00f3. Setmana de l&#8217;AMI."},"content":{"rendered":"\n<p>La\u00a0<a href=\"https:\/\/www.unesco.org\/en\/weeks\/media-information-literacy?hub=66833\" target=\"_blank\" rel=\"noreferrer noopener\">Setmana Mundial d\u2019Alfabetitzaci\u00f3 Medi\u00e0tica i Informacional<\/a>\u00a0\u00e9s promoguda anualment per la\u00a0<a href=\"https:\/\/www.unesco.org\/es\" target=\"_blank\" rel=\"noreferrer noopener\">UNESCO<\/a>\u00a0amb l\u2019objectiu d\u2019augmentar la sensibilitzaci\u00f3 per promoure les connexions de l\u2019Alfabetitzaci\u00f3 Medi\u00e0tica i Informacional a trav\u00e9s de l\u2019educaci\u00f3, la cultura i la ci\u00e8ncia.\u00a0Canal de Reporters i les\u00a0<a href=\"https:\/\/projectes.xtec.cat\/bescat\/\" target=\"_blank\" rel=\"noreferrer noopener\">Biblioteques Escolars<\/a>\u00a0han unit forces per donar suport a aquesta iniciativa amb diferents accions per a centres d\u2019educaci\u00f3 prim\u00e0ria i secund\u00e0ria.<\/p>\n\n\n\n<figure class=\"wp-block-image alignleft is-resized\"><a href=\"https:\/\/drive.google.com\/file\/d\/1v9jfVVvVbd_oVTQPSOveAI-j6lr2mKHq\/view\" target=\"_blank\" rel=\"noreferrer noopener\"><img decoding=\"async\" src=\"https:\/\/projectes.xtec.cat\/canaldereporters\/wp-content\/uploads\/usu2921\/2025\/10\/Dossier_Treball.png\" alt=\"\" class=\"wp-image-16172\" style=\"width:335px;height:auto\"\/><\/a><\/figure>\n\n\n\n<figure class=\"wp-block-image is-resized\"><a href=\"https:\/\/drive.google.com\/file\/d\/1ICofFOFk6W7PevnoALVBJ-wHcNI8lxk0\/view?usp=sharing\" target=\"_blank\" rel=\"noreferrer noopener\"><img decoding=\"async\" src=\"https:\/\/projectes.xtec.cat\/canaldereporters\/wp-content\/uploads\/usu2921\/2025\/10\/RevistaDigital.png\" alt=\"\" class=\"wp-image-16174\" style=\"width:346px;height:auto\"\/><\/a><\/figure>\n\n\n\n<p>L\u2019eix tem\u00e0tic de la Setmana Mundial de l\u2019Alfabetitzaci\u00f3 Medi\u00e0tica i Informacional ha girat al voltant en el periodisme escolar i la seva contribuci\u00f3 en la lluita contra la desinformaci\u00f3.<\/p>\n\n\n\n<p>Sota el lema&nbsp;<strong>\u201cEl periodisme escolar contra la desinformaci\u00f3\u201d<\/strong>&nbsp;hem reflexionat i treballat per convertir-nos en \u201c<strong>voluntaris contra la desinformaci\u00f3<\/strong>\u201d.&nbsp; El dossier de propostes ens ha perm\u00e8s treballar un seguit d\u2019activitats i preparar de forma col\u00b7laborativa l\u2019entrevista amb la<strong>&nbsp;Maria Bouabdellah<\/strong>&nbsp;durant la setmana de la Setmana de l\u2019AMI.<\/p>\n\n\n\n<p>La periodista i presentadora ha contestat les preguntes que li hem fet arribar des dels diferents centres educatius que han participat en la Setmana AMI 2025.<\/p>\n\n\n\n<p><\/p>\n\n\n\n<h2 class=\"wp-block-heading has-medium-font-size\">Maria Bouabdellah<\/h2>\n\n\n\n<div class=\"wp-block-columns is-layout-flex wp-container-core-columns-is-layout-1 wp-block-columns-is-layout-flex\">\n<div class=\"wp-block-column is-layout-flow wp-block-column-is-layout-flow\" style=\"flex-basis:100%\">\n<div class=\"wp-block-media-text is-stacked-on-mobile\" style=\"grid-template-columns:37% auto\" id=\"https:\/\/drive.google.com\/file\/d\/1ICofFOFk6W7PevnoALVBJ-wHcNI8lxk0\/view\"><figure class=\"wp-block-media-text__media\"><img decoding=\"async\" src=\"https:\/\/projectes.xtec.cat\/digital\/wp-content\/uploads\/usu2317\/2025\/11\/revista-AMI-1.png\" alt=\"\" class=\"wp-image-37874 size-full\"\/><\/figure><div class=\"wp-block-media-text__content\">\n<p>Podeu consultar totes les preguntes de l\u2019entrevista escrita i completar-la amb les preguntes de l\u2019entrevista audiovisual que us oferim des del Canal de Reporters i la&nbsp;<a href=\"https:\/\/projectes.xtec.cat\/bescat\/\">Xarxa de Biblioteques Escolars (BESCAT)<\/a><\/p>\n\n\n\n<p>Maria Bouabdellah \u00e9s periodista, presentadora de televisi\u00f3 i creadora de contingut en catal\u00e0. Actualment, \u00e9s presentadora del programa R\u00e0ndom de Televisi\u00f3 de Catalunya.<\/p>\n\n\n\n<figure class=\"wp-block-embed is-type-video is-provider-youtube wp-block-embed-youtube wp-embed-aspect-16-9 wp-has-aspect-ratio\"><div class=\"wp-block-embed__wrapper\">\n<div class=\"ast-oembed-container \" style=\"height: 100%;\"><iframe loading=\"lazy\" title=\"Setmana AMI 2025 - Entrevista Maria Bouabdellah\" width=\"500\" height=\"281\" src=\"https:\/\/www.youtube.com\/embed\/gtFrpyV3aS4?feature=oembed\" frameborder=\"0\" allow=\"accelerometer; autoplay; clipboard-write; encrypted-media; gyroscope; picture-in-picture; web-share\" referrerpolicy=\"strict-origin-when-cross-origin\" allowfullscreen><\/iframe><\/div>\n<\/div><\/figure>\n<\/div><\/div>\n<\/div>\n<\/div>\n\n\n\n<p><\/p>\n","protected":false},"excerpt":{"rendered":"<p>La\u00a0Setmana Mundial d\u2019Alfabetitzaci\u00f3 Medi\u00e0tica i Informacional\u00a0\u00e9s promoguda anualment per la\u00a0UNESCO\u00a0amb l\u2019objectiu d\u2019augmentar la sensibilitzaci\u00f3 per promoure les connexions de l\u2019Alfabetitzaci\u00f3 [&hellip;]<\/p>\n","protected":false},"author":40,"featured_media":6261,"comment_status":"closed","ping_status":"open","sticky":false,"template":"","format":"standard","meta":{"_bbp_topic_count":0,"_bbp_reply_count":0,"_bbp_total_topic_count":0,"_bbp_total_reply_count":0,"_bbp_voice_count":0,"_bbp_anonymous_reply_count":0,"_bbp_topic_count_hidden":0,"_bbp_reply_count_hidden":0,"_bbp_forum_subforum_count":0,"site-sidebar-layout":"default","site-content-layout":"","ast-site-content-layout":"full-width-container","site-content-style":"default","site-sidebar-style":"default","ast-global-header-display":"","ast-banner-title-visibility":"","ast-main-header-display":"","ast-hfb-above-header-display":"","ast-hfb-below-header-display":"","ast-hfb-mobile-header-display":"","site-post-title":"","ast-breadcrumbs-content":"","ast-featured-img":"","footer-sml-layout":"","theme-transparent-header-meta":"","adv-header-id-meta":"","stick-header-meta":"","header-above-stick-meta":"","header-main-stick-meta":"","header-below-stick-meta":"","astra-migrate-meta-layouts":"set","ast-page-background-enabled":"default","ast-page-background-meta":{"desktop":{"background-color":"var(--ast-global-color-4)","background-image":"","background-repeat":"repeat","background-position":"center center","background-size":"auto","background-attachment":"scroll","background-type":"","background-media":"","overlay-type":"","overlay-color":"","overlay-opacity":"","overlay-gradient":""},"tablet":{"background-color":"","background-image":"","background-repeat":"repeat","background-position":"center center","background-size":"auto","background-attachment":"scroll","background-type":"","background-media":"","overlay-type":"","overlay-color":"","overlay-opacity":"","overlay-gradient":""},"mobile":{"background-color":"","background-image":"","background-repeat":"repeat","background-position":"center center","background-size":"auto","background-attachment":"scroll","background-type":"","background-media":"","overlay-type":"","overlay-color":"","overlay-opacity":"","overlay-gradient":""}},"ast-content-background-meta":{"desktop":{"background-color":"var(--ast-global-color-5)","background-image":"","background-repeat":"repeat","background-position":"center center","background-size":"auto","background-attachment":"scroll","background-type":"","background-media":"","overlay-type":"","overlay-color":"","overlay-opacity":"","overlay-gradient":""},"tablet":{"background-color":"var(--ast-global-color-5)","background-image":"","background-repeat":"repeat","background-position":"center center","background-size":"auto","background-attachment":"scroll","background-type":"","background-media":"","overlay-type":"","overlay-color":"","overlay-opacity":"","overlay-gradient":""},"mobile":{"background-color":"var(--ast-global-color-5)","background-image":"","background-repeat":"repeat","background-position":"center center","background-size":"auto","background-attachment":"scroll","background-type":"","background-media":"","overlay-type":"","overlay-color":"","overlay-opacity":"","overlay-gradient":""}},"footnotes":""},"categories":[66,29,486],"tags":[],"class_list":["post-6260","post","type-post","status-publish","format-standard","has-post-thumbnail","hentry","category-dinamitzacio","category-portada","category-mediatica"],"post_mailing_queue_ids":[],"_links":{"self":[{"href":"https:\/\/serveiseducatius.xtec.cat\/vallesoccidental1\/wp-json\/wp\/v2\/posts\/6260","targetHints":{"allow":["GET"]}}],"collection":[{"href":"https:\/\/serveiseducatius.xtec.cat\/vallesoccidental1\/wp-json\/wp\/v2\/posts"}],"about":[{"href":"https:\/\/serveiseducatius.xtec.cat\/vallesoccidental1\/wp-json\/wp\/v2\/types\/post"}],"author":[{"embeddable":true,"href":"https:\/\/serveiseducatius.xtec.cat\/vallesoccidental1\/wp-json\/wp\/v2\/users\/40"}],"replies":[{"embeddable":true,"href":"https:\/\/serveiseducatius.xtec.cat\/vallesoccidental1\/wp-json\/wp\/v2\/comments?post=6260"}],"version-history":[{"count":1,"href":"https:\/\/serveiseducatius.xtec.cat\/vallesoccidental1\/wp-json\/wp\/v2\/posts\/6260\/revisions"}],"predecessor-version":[{"id":6262,"href":"https:\/\/serveiseducatius.xtec.cat\/vallesoccidental1\/wp-json\/wp\/v2\/posts\/6260\/revisions\/6262"}],"wp:featuredmedia":[{"embeddable":true,"href":"https:\/\/serveiseducatius.xtec.cat\/vallesoccidental1\/wp-json\/wp\/v2\/media\/6261"}],"wp:attachment":[{"href":"https:\/\/serveiseducatius.xtec.cat\/vallesoccidental1\/wp-json\/wp\/v2\/media?parent=6260"}],"wp:term":[{"taxonomy":"category","embeddable":true,"href":"https:\/\/serveiseducatius.xtec.cat\/vallesoccidental1\/wp-json\/wp\/v2\/categories?post=6260"},{"taxonomy":"post_tag","embeddable":true,"href":"https:\/\/serveiseducatius.xtec.cat\/vallesoccidental1\/wp-json\/wp\/v2\/tags?post=6260"}],"curies":[{"name":"wp","href":"https:\/\/api.w.org\/{rel}","templated":true}]}}