{"id":6109,"date":"2025-09-15T16:01:13","date_gmt":"2025-09-15T14:01:13","guid":{"rendered":"https:\/\/serveiseducatius.xtec.cat\/vallesoccidental1\/?p=6109"},"modified":"2025-09-16T11:00:28","modified_gmt":"2025-09-16T09:00:28","slug":"webinar-1-de-la-xtcd-25-26","status":"publish","type":"post","link":"https:\/\/serveiseducatius.xtec.cat\/vallesoccidental1\/portada\/webinar-1-de-la-xtcd-25-26\/","title":{"rendered":"Xarxa de Cultura Digital 25-26. Webinar 1."},"content":{"rendered":"\n<p>Aquest curs l&#8217;iniciem amb canvis a les Xarxes de Cultura Digital. Mentre que la Xarxa de Coordinaci\u00f3 Digital conserva el seu format i nom\u00e9s t\u00e9 canvis a nivell d&#8217;hores de certificaci\u00f3, al nostre territori <strong>la Xarxa de Comissi\u00f3 Digital s&#8217;ofereix nom\u00e9s en versi\u00f3 webinar i passa a ser de 10h.<\/strong><\/p>\n\n\n\n<p>Aqu\u00ed en teniu <a href=\"https:\/\/aplicacions.gestioeducativa.gencat.cat\/ords\/pls\/soloas\/pk_for_mod_ins.p_for_exhaustiu_activitat?p_header=Detall%20d%27activitat^pk_for_mod_ins.p_for_detall_activitat?p_codi=9000800529%26p_curs=2025-2026%26p_es_inscr=S&amp;p_codi=9000800529&amp;p_curs=2025-2026&amp;p_es_inscr=S\">m\u00e9s informaci\u00f3<\/a>.<\/p>\n\n\n\n<figure class=\"wp-block-image size-full is-resized\"><a href=\"https:\/\/aplicacions.gestioeducativa.gencat.cat\/ords\/pls\/soloas\/inscripcionsnp?codi=9000800529&amp;curs=2025-2026\"><img loading=\"lazy\" decoding=\"async\" width=\"876\" height=\"385\" src=\"https:\/\/serveiseducatius.xtec.cat\/vallesoccidental1\/wp-content\/uploads\/usu762\/2025\/09\/9000800529.jpg\" alt=\"\" class=\"wp-image-6117\" style=\"width:589px;height:auto\" srcset=\"https:\/\/serveiseducatius.xtec.cat\/vallesoccidental1\/wp-content\/uploads\/usu762\/2025\/09\/9000800529.jpg 876w, https:\/\/serveiseducatius.xtec.cat\/vallesoccidental1\/wp-content\/uploads\/usu762\/2025\/09\/9000800529-300x132.jpg 300w, https:\/\/serveiseducatius.xtec.cat\/vallesoccidental1\/wp-content\/uploads\/usu762\/2025\/09\/9000800529-768x338.jpg 768w\" sizes=\"auto, (max-width: 876px) 100vw, 876px\" \/><\/a><\/figure>\n\n\n\n<p>Si us voleu inscriure, <a href=\"https:\/\/aplicacions.gestioeducativa.gencat.cat\/ords\/pls\/soloas\/inscripcionsnp?codi=9000800529&amp;curs=2025-2026\" data-type=\"link\" data-id=\"https:\/\/aplicacions.gestioeducativa.gencat.cat\/ords\/pls\/soloas\/inscripcionsnp?codi=9000800529&amp;curs=2025-2026\">aquest \u00e9s l&#8217;enlla\u00e7 d&#8217;inscripci\u00f3.<\/a><br>\u00a0<\/p>\n\n\n\n<p>Us deixem tamb\u00e9 els enlla\u00e7os per veure el primer webinar del curs<\/p>\n\n\n\n<p><strong>17.30h Part comuna amb totes les  xarxes digitals<\/strong>:<\/p>\n\n\n\n<figure class=\"wp-block-embed is-type-video is-provider-youtube wp-block-embed-youtube wp-embed-aspect-16-9 wp-has-aspect-ratio\"><div class=\"wp-block-embed__wrapper\">\n<div class=\"ast-oembed-container \" style=\"height: 100%;\"><iframe loading=\"lazy\" title=\"XTCD - Sessi\u00f3 1 - curs 2025\/26\" width=\"500\" height=\"281\" src=\"https:\/\/www.youtube.com\/embed\/7c5myviJ-6k?feature=oembed\" frameborder=\"0\" allow=\"accelerometer; autoplay; clipboard-write; encrypted-media; gyroscope; picture-in-picture; web-share\" referrerpolicy=\"strict-origin-when-cross-origin\" allowfullscreen><\/iframe><\/div>\n<\/div><\/figure>\n\n\n\n<p><strong>18.00h Xarxa de Coordinaci\u00f3 Digital<\/strong><\/p>\n\n\n\n<p>En aquesta primera sessi\u00f3 es donaran informacions sobre:<\/p>\n\n\n\n<ul class=\"wp-block-list\">\n<li>Objectius de la subxarxa i certificaci\u00f3<\/li>\n\n\n\n<li>Peticions d\u2019ordinadors<\/li>\n\n\n\n<li>Linkat i els nous escriptoris<\/li>\n\n\n\n<li>IA: Vibecoding educatiu<\/li>\n\n\n\n<li>Informaci\u00f3 de servei<\/li>\n\n\n\n<li>Destacats Nus<\/li>\n\n\n\n<li>Preguntes i respostes<\/li>\n<\/ul>\n\n\n\n<figure class=\"wp-block-embed is-type-video is-provider-youtube wp-block-embed-youtube wp-embed-aspect-16-9 wp-has-aspect-ratio\"><div class=\"wp-block-embed__wrapper\">\n<div class=\"ast-oembed-container \" style=\"height: 100%;\"><iframe loading=\"lazy\" title=\"XT - COOR Sessi\u00f3 1\" width=\"500\" height=\"281\" src=\"https:\/\/www.youtube.com\/embed\/SEjvElnGZpE?feature=oembed\" frameborder=\"0\" allow=\"accelerometer; autoplay; clipboard-write; encrypted-media; gyroscope; picture-in-picture; web-share\" referrerpolicy=\"strict-origin-when-cross-origin\" allowfullscreen><\/iframe><\/div>\n<\/div><\/figure>\n\n\n\n<p><strong>18.00h Xarxa de Comissi\u00f3 digital de centre<\/strong><\/p>\n\n\n\n<p>En aquesta primera sessi\u00f3 es presentaran les seg\u00fcents novetats:<\/p>\n\n\n\n<ul class=\"wp-block-list\">\n<li>Compet\u00e8ncia digital de l\u2019alumnat<\/li>\n\n\n\n<li>Segona edici\u00f3 de Robots en acci\u00f3!<\/li>\n\n\n\n<li>Nous escriptoris Linkat<\/li>\n<\/ul>\n\n\n\n<figure class=\"wp-block-embed is-type-video is-provider-youtube wp-block-embed-youtube wp-embed-aspect-16-9 wp-has-aspect-ratio\"><div class=\"wp-block-embed__wrapper\">\n<div class=\"ast-oembed-container \" style=\"height: 100%;\"><iframe loading=\"lazy\" title=\"XT - COMD Sessi\u00f3 1\" width=\"500\" height=\"281\" src=\"https:\/\/www.youtube.com\/embed\/okltOVG5cks?feature=oembed\" frameborder=\"0\" allow=\"accelerometer; autoplay; clipboard-write; encrypted-media; gyroscope; picture-in-picture; web-share\" referrerpolicy=\"strict-origin-when-cross-origin\" allowfullscreen><\/iframe><\/div>\n<\/div><\/figure>\n\n\n\n<p><\/p>\n","protected":false},"excerpt":{"rendered":"<p>Aquest curs l&#8217;iniciem amb canvis a les Xarxes de Cultura Digital. Mentre que la Xarxa de Coordinaci\u00f3 Digital conserva el [&hellip;]<\/p>\n","protected":false},"author":40,"featured_media":6114,"comment_status":"closed","ping_status":"open","sticky":false,"template":"","format":"standard","meta":{"_bbp_topic_count":0,"_bbp_reply_count":0,"_bbp_total_topic_count":0,"_bbp_total_reply_count":0,"_bbp_voice_count":0,"_bbp_anonymous_reply_count":0,"_bbp_topic_count_hidden":0,"_bbp_reply_count_hidden":0,"_bbp_forum_subforum_count":0,"site-sidebar-layout":"no-sidebar","site-content-layout":"","ast-site-content-layout":"full-width-container","site-content-style":"boxed","site-sidebar-style":"boxed","ast-global-header-display":"","ast-banner-title-visibility":"","ast-main-header-display":"","ast-hfb-above-header-display":"","ast-hfb-below-header-display":"","ast-hfb-mobile-header-display":"","site-post-title":"","ast-breadcrumbs-content":"","ast-featured-img":"","footer-sml-layout":"","theme-transparent-header-meta":"","adv-header-id-meta":"","stick-header-meta":"","header-above-stick-meta":"","header-main-stick-meta":"","header-below-stick-meta":"","astra-migrate-meta-layouts":"set","ast-page-background-enabled":"default","ast-page-background-meta":{"desktop":{"background-color":"var(--ast-global-color-4)","background-image":"","background-repeat":"repeat","background-position":"center center","background-size":"auto","background-attachment":"scroll","background-type":"","background-media":"","overlay-type":"","overlay-color":"","overlay-opacity":"","overlay-gradient":""},"tablet":{"background-color":"","background-image":"","background-repeat":"repeat","background-position":"center center","background-size":"auto","background-attachment":"scroll","background-type":"","background-media":"","overlay-type":"","overlay-color":"","overlay-opacity":"","overlay-gradient":""},"mobile":{"background-color":"","background-image":"","background-repeat":"repeat","background-position":"center center","background-size":"auto","background-attachment":"scroll","background-type":"","background-media":"","overlay-type":"","overlay-color":"","overlay-opacity":"","overlay-gradient":""}},"ast-content-background-meta":{"desktop":{"background-color":"var(--ast-global-color-5)","background-image":"","background-repeat":"repeat","background-position":"center center","background-size":"auto","background-attachment":"scroll","background-type":"","background-media":"","overlay-type":"","overlay-color":"","overlay-opacity":"","overlay-gradient":""},"tablet":{"background-color":"var(--ast-global-color-5)","background-image":"","background-repeat":"repeat","background-position":"center center","background-size":"auto","background-attachment":"scroll","background-type":"","background-media":"","overlay-type":"","overlay-color":"","overlay-opacity":"","overlay-gradient":""},"mobile":{"background-color":"var(--ast-global-color-5)","background-image":"","background-repeat":"repeat","background-position":"center center","background-size":"auto","background-attachment":"scroll","background-type":"","background-media":"","overlay-type":"","overlay-color":"","overlay-opacity":"","overlay-gradient":""}},"footnotes":""},"categories":[65,233,29,78,474],"tags":[],"class_list":["post-6109","post","type-post","status-publish","format-standard","has-post-thumbnail","hentry","category-crp","category-formacio","category-portada","category-cdc","category-xtcomdig"],"post_mailing_queue_ids":[],"_links":{"self":[{"href":"https:\/\/serveiseducatius.xtec.cat\/vallesoccidental1\/wp-json\/wp\/v2\/posts\/6109","targetHints":{"allow":["GET"]}}],"collection":[{"href":"https:\/\/serveiseducatius.xtec.cat\/vallesoccidental1\/wp-json\/wp\/v2\/posts"}],"about":[{"href":"https:\/\/serveiseducatius.xtec.cat\/vallesoccidental1\/wp-json\/wp\/v2\/types\/post"}],"author":[{"embeddable":true,"href":"https:\/\/serveiseducatius.xtec.cat\/vallesoccidental1\/wp-json\/wp\/v2\/users\/40"}],"replies":[{"embeddable":true,"href":"https:\/\/serveiseducatius.xtec.cat\/vallesoccidental1\/wp-json\/wp\/v2\/comments?post=6109"}],"version-history":[{"count":5,"href":"https:\/\/serveiseducatius.xtec.cat\/vallesoccidental1\/wp-json\/wp\/v2\/posts\/6109\/revisions"}],"predecessor-version":[{"id":6120,"href":"https:\/\/serveiseducatius.xtec.cat\/vallesoccidental1\/wp-json\/wp\/v2\/posts\/6109\/revisions\/6120"}],"wp:featuredmedia":[{"embeddable":true,"href":"https:\/\/serveiseducatius.xtec.cat\/vallesoccidental1\/wp-json\/wp\/v2\/media\/6114"}],"wp:attachment":[{"href":"https:\/\/serveiseducatius.xtec.cat\/vallesoccidental1\/wp-json\/wp\/v2\/media?parent=6109"}],"wp:term":[{"taxonomy":"category","embeddable":true,"href":"https:\/\/serveiseducatius.xtec.cat\/vallesoccidental1\/wp-json\/wp\/v2\/categories?post=6109"},{"taxonomy":"post_tag","embeddable":true,"href":"https:\/\/serveiseducatius.xtec.cat\/vallesoccidental1\/wp-json\/wp\/v2\/tags?post=6109"}],"curies":[{"name":"wp","href":"https:\/\/api.w.org\/{rel}","templated":true}]}}