{"id":5676,"date":"2025-01-23T16:03:13","date_gmt":"2025-01-23T15:03:13","guid":{"rendered":"https:\/\/serveiseducatius.xtec.cat\/vallesoccidental1\/?p=5676"},"modified":"2025-01-23T16:05:08","modified_gmt":"2025-01-23T15:05:08","slug":"nodes-programa-de-llengues-i-cultures-dorigen","status":"publish","type":"post","link":"https:\/\/serveiseducatius.xtec.cat\/vallesoccidental1\/recursos\/alumnatnouvingut\/nodes-programa-de-llengues-i-cultures-dorigen\/","title":{"rendered":"NODES Programa de lleng\u00fces i cultures d&#8217;origen"},"content":{"rendered":"\n<figure class=\"wp-block-image aligncenter size-large\"><a href=\"https:\/\/projectes.xtec.cat\/origen\/\"><img loading=\"lazy\" decoding=\"async\" width=\"1024\" height=\"156\" src=\"https:\/\/serveiseducatius.xtec.cat\/vallesoccidental1\/wp-content\/uploads\/usu762\/2025\/01\/llco-1024x156.jpg\" alt=\"\" class=\"wp-image-5677\" srcset=\"https:\/\/serveiseducatius.xtec.cat\/vallesoccidental1\/wp-content\/uploads\/usu762\/2025\/01\/llco-1024x156.jpg 1024w, https:\/\/serveiseducatius.xtec.cat\/vallesoccidental1\/wp-content\/uploads\/usu762\/2025\/01\/llco-300x46.jpg 300w, https:\/\/serveiseducatius.xtec.cat\/vallesoccidental1\/wp-content\/uploads\/usu762\/2025\/01\/llco-768x117.jpg 768w, https:\/\/serveiseducatius.xtec.cat\/vallesoccidental1\/wp-content\/uploads\/usu762\/2025\/01\/llco.jpg 1473w\" sizes=\"auto, (max-width: 1024px) 100vw, 1024px\" \/><\/a><\/figure>\n\n\n\n<p>L\u2019inter\u00e8s del Departament d\u2019Ensenyament a desenvolupar l\u2019ensenyament de les lleng\u00fces i cultures d\u2019origen, a integrar-lo de manera m\u00e9s evident en el curr\u00edculum i a promoure la coordinaci\u00f3 dels processos d\u2019ensenyament i aprenentatge amb la resta de lleng\u00fces s\u2019explica per la import\u00e0ncia que t\u00e9 la compet\u00e8ncia en la primera llengua per a l\u2019adquisici\u00f3 d\u2019una segona llengua; per la relaci\u00f3 existent entre el domini de la primera llengua i la construcci\u00f3 de la identitat i, finalment, per la consideraci\u00f3 de recurs econ\u00f2mic que t\u00e9 la diversitat ling\u00fc\u00edstica i pel valor del coneixement ling\u00fc\u00edstic per al desenvolupament de la nostra societat.<\/p>\n\n\n\n<p>Per tot aix\u00f2, es considera oport\u00fa i necessari impulsar el Programa de Llengua i Cultura d\u2019Origen, concretant-ne els objectius i modalitats, incrementant-ne els recursos que s\u2019hi destinen i promovent-ne el coneixement i implementaci\u00f3 en els centres educatius.<\/p>\n\n\n\n<p>A trav\u00e9s d\u2019aquest programa, el Departament d\u2019Ensenyament vol promoure accions educatives que reforcin la compet\u00e8ncia pluriling\u00fce i pluricultural de tot l\u2019alumnat, i que l\u2019ajudin a adquirir valors de toler\u00e0ncia i respecte que facilitin la conviv\u00e8ncia en la diversitat i que contribueixin a la construcci\u00f3 d\u2019una societat cohesionada i plural.<\/p>\n\n\n\n<p><a href=\"https:\/\/projectes.xtec.cat\/origen\/wp-content\/uploads\/usu2451\/2021\/03\/PLCO.pdf\">Resoluci\u00f3<\/a><\/p>\n\n\n\n<p>contacte: origen@xtec.cat<\/p>\n","protected":false},"excerpt":{"rendered":"<p>L\u2019inter\u00e8s del Departament d\u2019Ensenyament a desenvolupar l\u2019ensenyament de les lleng\u00fces i cultures d\u2019origen, a integrar-lo de manera m\u00e9s evident en [&hellip;]<\/p>\n","protected":false},"author":40,"featured_media":5677,"comment_status":"closed","ping_status":"open","sticky":false,"template":"","format":"standard","meta":{"_bbp_topic_count":0,"_bbp_reply_count":0,"_bbp_total_topic_count":0,"_bbp_total_reply_count":0,"_bbp_voice_count":0,"_bbp_anonymous_reply_count":0,"_bbp_topic_count_hidden":0,"_bbp_reply_count_hidden":0,"_bbp_forum_subforum_count":0,"site-sidebar-layout":"default","site-content-layout":"","ast-site-content-layout":"default","site-content-style":"default","site-sidebar-style":"default","ast-global-header-display":"","ast-banner-title-visibility":"","ast-main-header-display":"","ast-hfb-above-header-display":"","ast-hfb-below-header-display":"","ast-hfb-mobile-header-display":"","site-post-title":"","ast-breadcrumbs-content":"","ast-featured-img":"disabled","footer-sml-layout":"","theme-transparent-header-meta":"","adv-header-id-meta":"","stick-header-meta":"","header-above-stick-meta":"","header-main-stick-meta":"","header-below-stick-meta":"","astra-migrate-meta-layouts":"set","ast-page-background-enabled":"default","ast-page-background-meta":{"desktop":{"background-color":"var(--ast-global-color-4)","background-image":"","background-repeat":"repeat","background-position":"center center","background-size":"auto","background-attachment":"scroll","background-type":"","background-media":"","overlay-type":"","overlay-color":"","overlay-opacity":"","overlay-gradient":""},"tablet":{"background-color":"","background-image":"","background-repeat":"repeat","background-position":"center center","background-size":"auto","background-attachment":"scroll","background-type":"","background-media":"","overlay-type":"","overlay-color":"","overlay-opacity":"","overlay-gradient":""},"mobile":{"background-color":"","background-image":"","background-repeat":"repeat","background-position":"center center","background-size":"auto","background-attachment":"scroll","background-type":"","background-media":"","overlay-type":"","overlay-color":"","overlay-opacity":"","overlay-gradient":""}},"ast-content-background-meta":{"desktop":{"background-color":"var(--ast-global-color-5)","background-image":"","background-repeat":"repeat","background-position":"center center","background-size":"auto","background-attachment":"scroll","background-type":"","background-media":"","overlay-type":"","overlay-color":"","overlay-opacity":"","overlay-gradient":""},"tablet":{"background-color":"var(--ast-global-color-5)","background-image":"","background-repeat":"repeat","background-position":"center center","background-size":"auto","background-attachment":"scroll","background-type":"","background-media":"","overlay-type":"","overlay-color":"","overlay-opacity":"","overlay-gradient":""},"mobile":{"background-color":"var(--ast-global-color-5)","background-image":"","background-repeat":"repeat","background-position":"center center","background-size":"auto","background-attachment":"scroll","background-type":"","background-media":"","overlay-type":"","overlay-color":"","overlay-opacity":"","overlay-gradient":""}},"footnotes":""},"categories":[204,514,309],"tags":[],"class_list":["post-5676","post","type-post","status-publish","format-standard","has-post-thumbnail","hentry","category-alumnatnouvingut","category-interculturalitat","category-nodes"],"post_mailing_queue_ids":[],"_links":{"self":[{"href":"https:\/\/serveiseducatius.xtec.cat\/vallesoccidental1\/wp-json\/wp\/v2\/posts\/5676","targetHints":{"allow":["GET"]}}],"collection":[{"href":"https:\/\/serveiseducatius.xtec.cat\/vallesoccidental1\/wp-json\/wp\/v2\/posts"}],"about":[{"href":"https:\/\/serveiseducatius.xtec.cat\/vallesoccidental1\/wp-json\/wp\/v2\/types\/post"}],"author":[{"embeddable":true,"href":"https:\/\/serveiseducatius.xtec.cat\/vallesoccidental1\/wp-json\/wp\/v2\/users\/40"}],"replies":[{"embeddable":true,"href":"https:\/\/serveiseducatius.xtec.cat\/vallesoccidental1\/wp-json\/wp\/v2\/comments?post=5676"}],"version-history":[{"count":2,"href":"https:\/\/serveiseducatius.xtec.cat\/vallesoccidental1\/wp-json\/wp\/v2\/posts\/5676\/revisions"}],"predecessor-version":[{"id":5679,"href":"https:\/\/serveiseducatius.xtec.cat\/vallesoccidental1\/wp-json\/wp\/v2\/posts\/5676\/revisions\/5679"}],"wp:featuredmedia":[{"embeddable":true,"href":"https:\/\/serveiseducatius.xtec.cat\/vallesoccidental1\/wp-json\/wp\/v2\/media\/5677"}],"wp:attachment":[{"href":"https:\/\/serveiseducatius.xtec.cat\/vallesoccidental1\/wp-json\/wp\/v2\/media?parent=5676"}],"wp:term":[{"taxonomy":"category","embeddable":true,"href":"https:\/\/serveiseducatius.xtec.cat\/vallesoccidental1\/wp-json\/wp\/v2\/categories?post=5676"},{"taxonomy":"post_tag","embeddable":true,"href":"https:\/\/serveiseducatius.xtec.cat\/vallesoccidental1\/wp-json\/wp\/v2\/tags?post=5676"}],"curies":[{"name":"wp","href":"https:\/\/api.w.org\/{rel}","templated":true}]}}