{"id":5452,"date":"2024-12-17T12:12:16","date_gmt":"2024-12-17T11:12:16","guid":{"rendered":"https:\/\/serveiseducatius.xtec.cat\/vallesoccidental1\/?p=5452"},"modified":"2024-12-17T16:23:01","modified_gmt":"2024-12-17T15:23:01","slug":"seminaris-de-suport-psicopedagogic-curs-2024-25","status":"publish","type":"post","link":"https:\/\/serveiseducatius.xtec.cat\/vallesoccidental1\/general\/seminaris-de-suport-psicopedagogic-curs-2024-25\/","title":{"rendered":"Seminaris de Suport Psicopedag\u00f2gic \u2013 Curs 2024\/25"},"content":{"rendered":"\n<figure class=\"wp-block-image aligncenter size-large is-resized\"><a href=\"https:\/\/serveiseducatius.xtec.cat\/vallesoccidental1\/wp-content\/uploads\/usu762\/2024\/12\/SEMINARIS-de-suport-psicopedagogic-24-25.png\"><img loading=\"lazy\" decoding=\"async\" width=\"1024\" height=\"576\" src=\"https:\/\/serveiseducatius.xtec.cat\/vallesoccidental1\/wp-content\/uploads\/usu762\/2024\/12\/SEMINARIS-de-suport-psicopedagogic-24-25-1024x576.png\" alt=\"\" class=\"wp-image-5455\" style=\"width:583px;height:auto\" srcset=\"https:\/\/serveiseducatius.xtec.cat\/vallesoccidental1\/wp-content\/uploads\/usu762\/2024\/12\/SEMINARIS-de-suport-psicopedagogic-24-25-1024x576.png 1024w, https:\/\/serveiseducatius.xtec.cat\/vallesoccidental1\/wp-content\/uploads\/usu762\/2024\/12\/SEMINARIS-de-suport-psicopedagogic-24-25-300x169.png 300w, https:\/\/serveiseducatius.xtec.cat\/vallesoccidental1\/wp-content\/uploads\/usu762\/2024\/12\/SEMINARIS-de-suport-psicopedagogic-24-25-768x432.png 768w, https:\/\/serveiseducatius.xtec.cat\/vallesoccidental1\/wp-content\/uploads\/usu762\/2024\/12\/SEMINARIS-de-suport-psicopedagogic-24-25-1536x864.png 1536w, https:\/\/serveiseducatius.xtec.cat\/vallesoccidental1\/wp-content\/uploads\/usu762\/2024\/12\/SEMINARIS-de-suport-psicopedagogic-24-25.png 1920w\" sizes=\"auto, (max-width: 1024px) 100vw, 1024px\" \/><\/a><\/figure>\n\n\n\n<p><\/p>\n\n\n\n<p><\/p>\n\n\n\n<p><\/p>\n\n\n\n<p><strong>Enguany hem organitzat i dinamitzem diferents Seminaris tem\u00e0tics adre\u00e7ats a diferents col\u00b7lectius de l&#8217;\u00e0mbit educatiu, tots ells envers el suport psicopedag\u00f2gic com a eix transversal:<\/strong><\/p>\n\n\n\n<p><\/p>\n\n\n\n<h4 class=\"wp-block-heading\"><a href=\"https:\/\/sites.google.com\/xtec.cat\/website-del-seminari-caei-2425\/p%C3%A0gina-principal\" target=\"_blank\" rel=\"noreferrer noopener\">Seminari&nbsp;d\u2019atenci\u00f3 a l\u2019educaci\u00f3 inclusiva<\/a><\/h4>\n\n\n\n<p>Adre\u00e7at a qualsevol professional del centre. Sessions virtuals amb periodicitat mensual. (En directe a trav\u00e9s YouTube i visualitzaci\u00f3 off-line durant una setmana)<\/p>\n\n\n\n<h4 class=\"wp-block-heading\"><a href=\"https:\/\/drive.google.com\/drive\/folders\/1sOha9oB9G4memgWKuPOtAWTMBCZTzy9o?usp=drive_link\" target=\"_blank\" rel=\"noreferrer noopener\">Seminari\u00a0per a la coordinaci\u00f3 de la conviv\u00e8ncia i el benestar emocional (COCOBE)<\/a><\/h4>\n\n\n\n<p>Adre\u00e7at als referents COCOBE dels centres de prim\u00e0ria. Sessions presencials i virtuals amb periodicitat mensual.<\/p>\n\n\n\n<h4 class=\"wp-block-heading\"><a href=\"https:\/\/sites.google.com\/xtec.cat\/bancderecursosceepsir-eapb-34\/banc-de-recursos-ceepsir\" target=\"_blank\" rel=\"noreferrer noopener\">Pr\u00e0ctiques educatives de CEEPSIR als centres amb suport SIEI<\/a><\/h4>\n\n\n\n<p>Adre\u00e7at als professionals referents de recurs SIEI.&nbsp;Sessions presencials i virtuals amb periodicitat mensual.<\/p>\n\n\n\n<h4 class=\"wp-block-heading\"><a href=\"https:\/\/drive.google.com\/drive\/folders\/11mrL7YqMYz-VOQKDvJt6gQUJdA8aQ6qR?usp=drive_link\" target=\"_blank\" rel=\"noreferrer noopener\">La Import\u00e0ncia de la intervenci\u00f3 primerenca en infants amb TEA (0-6)<\/a><\/h4>\n\n\n\n<p>Adre\u00e7at a mestres d\u2019EB i de l\u2019etapa d\u2019infantil. Sessions virtuals, amb periodicitat mensual.<\/p>\n\n\n\n<h4 class=\"wp-block-heading\"><a href=\"https:\/\/drive.google.com\/file\/d\/19A-wkGAisShva8sQYTxMVtw9KXid2htK\/view?usp=drive_link\" target=\"_blank\" rel=\"noreferrer noopener\">Programa d\u2019entrenament d\u2019habilitats socials (PEERS) per adolescents amb TEA<\/a><\/h4>\n\n\n\n<p>Adre\u00e7at a professionals referents de recurs SIEI de secund\u00e0ria. Sessions virtuals, amb periodicitat mensual.<\/p>\n\n\n\n<h4 class=\"wp-block-heading\"><a href=\"https:\/\/sites.google.com\/xtec.cat\/seminaritises2024-25\/p%C3%A0gina-principal\" target=\"_blank\" rel=\"noreferrer noopener\">Xarxa Socioeducativa del Vall\u00e8s Occidental \u2013 Sabadell<\/a><\/h4>\n\n\n\n<p>Adre\u00e7at a professionals de l\u2019\u00e0mbit social: integradors\/es socials i educadors\/es socials dels centres educatius de Sabadell. Sessions presencials a la seu del Servei Educatiu del Vall\u00e8s Occidental I (Sabadell). <\/p>\n\n\n\n<hr class=\"wp-block-separator has-alpha-channel-opacity\"\/>\n\n\n\n<p>Clicant a sobre de cada Seminari podreu accedir a continguts diversos generats a les diferents sessions i que creiem que poden ser del vostre inter\u00e8s.<\/p>\n","protected":false},"excerpt":{"rendered":"<p>Enguany hem organitzat i dinamitzem diferents Seminaris tem\u00e0tics adre\u00e7ats a diferents col\u00b7lectius de l&#8217;\u00e0mbit educatiu, tots ells envers el suport psicopedag\u00f2gic com a eix transversal.<\/p>\n","protected":false},"author":34,"featured_media":5455,"comment_status":"closed","ping_status":"open","sticky":false,"template":"","format":"standard","meta":{"_bbp_topic_count":0,"_bbp_reply_count":0,"_bbp_total_topic_count":0,"_bbp_total_reply_count":0,"_bbp_voice_count":0,"_bbp_anonymous_reply_count":0,"_bbp_topic_count_hidden":0,"_bbp_reply_count_hidden":0,"_bbp_forum_subforum_count":0,"site-sidebar-layout":"default","site-content-layout":"","ast-site-content-layout":"","site-content-style":"default","site-sidebar-style":"default","ast-global-header-display":"","ast-banner-title-visibility":"","ast-main-header-display":"","ast-hfb-above-header-display":"","ast-hfb-below-header-display":"","ast-hfb-mobile-header-display":"","site-post-title":"","ast-breadcrumbs-content":"","ast-featured-img":"","footer-sml-layout":"","theme-transparent-header-meta":"","adv-header-id-meta":"","stick-header-meta":"","header-above-stick-meta":"","header-main-stick-meta":"","header-below-stick-meta":"","astra-migrate-meta-layouts":"default","ast-page-background-enabled":"default","ast-page-background-meta":{"desktop":{"background-color":"var(--ast-global-color-4)","background-image":"","background-repeat":"repeat","background-position":"center center","background-size":"auto","background-attachment":"scroll","background-type":"","background-media":"","overlay-type":"","overlay-color":"","overlay-opacity":"","overlay-gradient":""},"tablet":{"background-color":"","background-image":"","background-repeat":"repeat","background-position":"center center","background-size":"auto","background-attachment":"scroll","background-type":"","background-media":"","overlay-type":"","overlay-color":"","overlay-opacity":"","overlay-gradient":""},"mobile":{"background-color":"","background-image":"","background-repeat":"repeat","background-position":"center center","background-size":"auto","background-attachment":"scroll","background-type":"","background-media":"","overlay-type":"","overlay-color":"","overlay-opacity":"","overlay-gradient":""}},"ast-content-background-meta":{"desktop":{"background-color":"var(--ast-global-color-5)","background-image":"","background-repeat":"repeat","background-position":"center center","background-size":"auto","background-attachment":"scroll","background-type":"","background-media":"","overlay-type":"","overlay-color":"","overlay-opacity":"","overlay-gradient":""},"tablet":{"background-color":"var(--ast-global-color-5)","background-image":"","background-repeat":"repeat","background-position":"center center","background-size":"auto","background-attachment":"scroll","background-type":"","background-media":"","overlay-type":"","overlay-color":"","overlay-opacity":"","overlay-gradient":""},"mobile":{"background-color":"var(--ast-global-color-5)","background-image":"","background-repeat":"repeat","background-position":"center center","background-size":"auto","background-attachment":"scroll","background-type":"","background-media":"","overlay-type":"","overlay-color":"","overlay-opacity":"","overlay-gradient":""}},"footnotes":""},"categories":[67,480,1,29,396],"tags":[203,455,510,184],"class_list":["post-5452","post","type-post","status-publish","format-standard","has-post-thumbnail","hentry","category-eap","category-inclusiva","category-general","category-portada","category-semsupsico","tag-eap","tag-educacio-inclusiva","tag-inclusio-2","tag-seminaris"],"post_mailing_queue_ids":[],"_links":{"self":[{"href":"https:\/\/serveiseducatius.xtec.cat\/vallesoccidental1\/wp-json\/wp\/v2\/posts\/5452","targetHints":{"allow":["GET"]}}],"collection":[{"href":"https:\/\/serveiseducatius.xtec.cat\/vallesoccidental1\/wp-json\/wp\/v2\/posts"}],"about":[{"href":"https:\/\/serveiseducatius.xtec.cat\/vallesoccidental1\/wp-json\/wp\/v2\/types\/post"}],"author":[{"embeddable":true,"href":"https:\/\/serveiseducatius.xtec.cat\/vallesoccidental1\/wp-json\/wp\/v2\/users\/34"}],"replies":[{"embeddable":true,"href":"https:\/\/serveiseducatius.xtec.cat\/vallesoccidental1\/wp-json\/wp\/v2\/comments?post=5452"}],"version-history":[{"count":6,"href":"https:\/\/serveiseducatius.xtec.cat\/vallesoccidental1\/wp-json\/wp\/v2\/posts\/5452\/revisions"}],"predecessor-version":[{"id":5464,"href":"https:\/\/serveiseducatius.xtec.cat\/vallesoccidental1\/wp-json\/wp\/v2\/posts\/5452\/revisions\/5464"}],"wp:featuredmedia":[{"embeddable":true,"href":"https:\/\/serveiseducatius.xtec.cat\/vallesoccidental1\/wp-json\/wp\/v2\/media\/5455"}],"wp:attachment":[{"href":"https:\/\/serveiseducatius.xtec.cat\/vallesoccidental1\/wp-json\/wp\/v2\/media?parent=5452"}],"wp:term":[{"taxonomy":"category","embeddable":true,"href":"https:\/\/serveiseducatius.xtec.cat\/vallesoccidental1\/wp-json\/wp\/v2\/categories?post=5452"},{"taxonomy":"post_tag","embeddable":true,"href":"https:\/\/serveiseducatius.xtec.cat\/vallesoccidental1\/wp-json\/wp\/v2\/tags?post=5452"}],"curies":[{"name":"wp","href":"https:\/\/api.w.org\/{rel}","templated":true}]}}