{"id":328,"count":1,"description":"<h3>\u00c0mbit d'educaci\u00f3 f\u00edsica<\/h3>","link":"https:\/\/serveiseducatius.xtec.cat\/vallesoccidental1\/categoria\/recursos\/material-en-prestec\/ambit\/ed_fisica\/","name":"\u00c0mbit d'educaci\u00f3 f\u00edsica","slug":"ed_fisica","taxonomy":"category","parent":322,"meta":[],"_links":{"self":[{"href":"https:\/\/serveiseducatius.xtec.cat\/vallesoccidental1\/wp-json\/wp\/v2\/categories\/328","targetHints":{"allow":["GET"]}}],"collection":[{"href":"https:\/\/serveiseducatius.xtec.cat\/vallesoccidental1\/wp-json\/wp\/v2\/categories"}],"about":[{"href":"https:\/\/serveiseducatius.xtec.cat\/vallesoccidental1\/wp-json\/wp\/v2\/taxonomies\/category"}],"up":[{"embeddable":true,"href":"https:\/\/serveiseducatius.xtec.cat\/vallesoccidental1\/wp-json\/wp\/v2\/categories\/322"}],"wp:post_type":[{"href":"https:\/\/serveiseducatius.xtec.cat\/vallesoccidental1\/wp-json\/wp\/v2\/posts?categories=328"}],"curies":[{"name":"wp","href":"https:\/\/api.w.org\/{rel}","templated":true}]}}