{"id":26157,"date":"2026-09-02T09:09:28","date_gmt":"2026-09-02T07:09:28","guid":{"rendered":"https:\/\/serveiseducatius.xtec.cat\/urgell\/?p=26157"},"modified":"2026-09-02T09:29:59","modified_gmt":"2026-09-02T07:29:59","slug":"inscripcio-a-les-activitats-de-formacio-del-1r-torn","status":"publish","type":"post","link":"https:\/\/serveiseducatius.xtec.cat\/urgell\/portada\/inscripcio-a-les-activitats-de-formacio-del-1r-torn\/","title":{"rendered":"Inscripci\u00f3 a les activitats de formaci\u00f3 del 1r torn"},"content":{"rendered":"\n<h4 class=\"wp-block-heading\">Les inscripcions per a les activitats de formaci\u00f3 estaran obertes del <strong>4 al 20 de setembre&nbsp;<\/strong>i la&nbsp;consulta de les adjudicacions ser\u00e0&nbsp;a partir del<strong>&nbsp;6 d\u2019octubre<\/strong><\/h4>\n\n\n\n<p>Ja us podeu inscriure a les activitats del Pla de Formaci\u00f3 de Zona. La inscripci\u00f3 \u00e9s&nbsp;<strong>des del 4 fins al 20 de setembre de 2026<\/strong>&nbsp;i es podran consultar les adjudicacions&nbsp;<strong>a partir del 6 d&#8217;octubre <\/strong>a&nbsp;<a href=\"http:\/\/xtec.gencat.cat\/ca\/formacio\/la-meva-formacio\/les-meves-activitats\/\" target=\"_blank\" rel=\"noreferrer noopener\"><strong>Les meves activitats<\/strong><\/a>.<\/p>\n\n\n\n<p><strong><a href=\"https:\/\/xtec.gencat.cat\/ca\/formacio\/info-general\/cercador-activitats\/\">Cercador d&#8217;activitats<\/a><\/strong><\/p>\n\n\n\n<p>Podeu fer la cerca per tipus d&#8217;activitat, comarca, etc. Cal fer la inscripci\u00f3 amb\u00a0<strong>correu corporatiu XTEC<\/strong>.<\/p>\n\n\n\n<p>Si teniu alguna dificultat podeu consultar l\u2019apartat Gesti\u00f3 d\u2019usuaris:<strong>&nbsp;<a href=\"http:\/\/xtec.gencat.cat\/ca\/at_usuari\/gestio\/\" target=\"_blank\" rel=\"noreferrer noopener\">http:\/\/xtec.gencat.cat\/ca\/at_usuari\/gestio\/<\/a><\/strong><\/p>\n\n\n\n<p><\/p>\n","protected":false},"excerpt":{"rendered":"<p>Les inscripcions per a les activitats de formaci\u00f3 estaran obertes del 4 al 20 de setembre&nbsp;i la&nbsp;consulta de les adjudicacions ser\u00e0&nbsp;a partir del&nbsp;6 d\u2019octubre Ja us podeu inscriure a les activitats del Pla de Formaci\u00f3 de Zona. La inscripci\u00f3 \u00e9s&nbsp;des del 4 fins al 20 de setembre de 2026&nbsp;i es podran consultar les adjudicacions&nbsp;a partir [&hellip;]<\/p>\n","protected":false},"author":1,"featured_media":24185,"comment_status":"closed","ping_status":"open","sticky":false,"template":"","format":"standard","meta":{"site-sidebar-layout":"default","site-content-layout":"","ast-site-content-layout":"default","site-content-style":"default","site-sidebar-style":"default","ast-global-header-display":"","ast-banner-title-visibility":"","ast-main-header-display":"","ast-hfb-above-header-display":"","ast-hfb-below-header-display":"","ast-hfb-mobile-header-display":"","site-post-title":"","ast-breadcrumbs-content":"","ast-featured-img":"","footer-sml-layout":"","theme-transparent-header-meta":"","adv-header-id-meta":"","stick-header-meta":"","header-above-stick-meta":"","header-main-stick-meta":"","header-below-stick-meta":"","astra-migrate-meta-layouts":"set","ast-page-background-enabled":"default","ast-page-background-meta":{"desktop":{"background-color":"var(--ast-global-color-4)","background-image":"","background-repeat":"repeat","background-position":"center center","background-size":"auto","background-attachment":"scroll","background-type":"","background-media":"","overlay-type":"","overlay-color":"","overlay-opacity":"","overlay-gradient":""},"tablet":{"background-color":"","background-image":"","background-repeat":"repeat","background-position":"center center","background-size":"auto","background-attachment":"scroll","background-type":"","background-media":"","overlay-type":"","overlay-color":"","overlay-opacity":"","overlay-gradient":""},"mobile":{"background-color":"","background-image":"","background-repeat":"repeat","background-position":"center center","background-size":"auto","background-attachment":"scroll","background-type":"","background-media":"","overlay-type":"","overlay-color":"","overlay-opacity":"","overlay-gradient":""}},"ast-content-background-meta":{"desktop":{"background-color":"var(--ast-global-color-5)","background-image":"","background-repeat":"repeat","background-position":"center center","background-size":"auto","background-attachment":"scroll","background-type":"","background-media":"","overlay-type":"","overlay-color":"","overlay-opacity":"","overlay-gradient":""},"tablet":{"background-color":"var(--ast-global-color-5)","background-image":"","background-repeat":"repeat","background-position":"center center","background-size":"auto","background-attachment":"scroll","background-type":"","background-media":"","overlay-type":"","overlay-color":"","overlay-opacity":"","overlay-gradient":""},"mobile":{"background-color":"var(--ast-global-color-5)","background-image":"","background-repeat":"repeat","background-position":"center center","background-size":"auto","background-attachment":"scroll","background-type":"","background-media":"","overlay-type":"","overlay-color":"","overlay-opacity":"","overlay-gradient":""}},"footnotes":""},"categories":[154,29],"tags":[785],"class_list":["post-26157","post","type-post","status-publish","format-standard","has-post-thumbnail","hentry","category-formacio","category-portada","tag-pla-formacio-zona"],"post_mailing_queue_ids":[],"_links":{"self":[{"href":"https:\/\/serveiseducatius.xtec.cat\/urgell\/wp-json\/wp\/v2\/posts\/26157","targetHints":{"allow":["GET"]}}],"collection":[{"href":"https:\/\/serveiseducatius.xtec.cat\/urgell\/wp-json\/wp\/v2\/posts"}],"about":[{"href":"https:\/\/serveiseducatius.xtec.cat\/urgell\/wp-json\/wp\/v2\/types\/post"}],"author":[{"embeddable":true,"href":"https:\/\/serveiseducatius.xtec.cat\/urgell\/wp-json\/wp\/v2\/users\/1"}],"replies":[{"embeddable":true,"href":"https:\/\/serveiseducatius.xtec.cat\/urgell\/wp-json\/wp\/v2\/comments?post=26157"}],"version-history":[{"count":6,"href":"https:\/\/serveiseducatius.xtec.cat\/urgell\/wp-json\/wp\/v2\/posts\/26157\/revisions"}],"predecessor-version":[{"id":26165,"href":"https:\/\/serveiseducatius.xtec.cat\/urgell\/wp-json\/wp\/v2\/posts\/26157\/revisions\/26165"}],"wp:featuredmedia":[{"embeddable":true,"href":"https:\/\/serveiseducatius.xtec.cat\/urgell\/wp-json\/wp\/v2\/media\/24185"}],"wp:attachment":[{"href":"https:\/\/serveiseducatius.xtec.cat\/urgell\/wp-json\/wp\/v2\/media?parent=26157"}],"wp:term":[{"taxonomy":"category","embeddable":true,"href":"https:\/\/serveiseducatius.xtec.cat\/urgell\/wp-json\/wp\/v2\/categories?post=26157"},{"taxonomy":"post_tag","embeddable":true,"href":"https:\/\/serveiseducatius.xtec.cat\/urgell\/wp-json\/wp\/v2\/tags?post=26157"}],"curies":[{"name":"wp","href":"https:\/\/api.w.org\/{rel}","templated":true}]}}