{"id":26014,"date":"2026-04-29T08:00:00","date_gmt":"2026-04-29T06:00:00","guid":{"rendered":"https:\/\/serveiseducatius.xtec.cat\/urgell\/?p=26014"},"modified":"2026-04-29T12:51:17","modified_gmt":"2026-04-29T10:51:17","slug":"projecte-de-robotica-se-de-lurgell-i-institut-manuel-de-pedrolo","status":"publish","type":"post","link":"https:\/\/serveiseducatius.xtec.cat\/urgell\/portada\/projecte-de-robotica-se-de-lurgell-i-institut-manuel-de-pedrolo\/","title":{"rendered":"Projecte de rob\u00f2tica SE de l&#8217;Urgell i Institut Manuel de Pedrolo"},"content":{"rendered":"\n<p>El mentor digital i les fisioterapeutes de l&#8217;EAP del Servei Educatiu de l&#8217;Urgell han realitzat un&nbsp;projecte,&nbsp;conjuntament amb l&#8217;Institut Manuel de Pedrolo de T\u00e0rrega, per comprovar el pes de les motxilles de l&#8217;alumnat. <\/p>\n\n\n\n<p>Per conscienciar l\u2019alumnat que sovint porten massa pes a la motxilla, el mentor digital amb l\u2019ajuda de les fisioterapeutes de l&#8217;EAP han dissenyat un aparell per comprovar-ho de manera individual.<br>Cada alumne pot veure si el pes que porta supera el l\u00edmit recomanat (aquest l\u00edmit \u00e9s d\u2019un m\u00e0xim del 10% del seu propi pes corporal).<\/p>\n\n\n\n<p>Aquesta activitat ha perm\u00e8s transformar una necessitat en un objecte f\u00edsic d\u2019utilitat real. La iniciativa ha estat tot un \u00e8xit i esperem poder col\u00b7laborar en m\u00e9s ocasions.<\/p>\n\n\n\n<figure class=\"wp-block-embed is-type-video is-provider-youtube wp-block-embed-youtube wp-embed-aspect-16-9 wp-has-aspect-ratio\"><div class=\"wp-block-embed__wrapper\">\n<div class=\"ast-oembed-container \" style=\"height: 100%;\"><iframe loading=\"lazy\" title=\"Reto Tech INS Manuel de Pedrolo 25 26 3r ESO\" width=\"500\" height=\"281\" src=\"https:\/\/www.youtube.com\/embed\/cb_dSgdJJCQ?feature=oembed\" frameborder=\"0\" allow=\"accelerometer; autoplay; clipboard-write; encrypted-media; gyroscope; picture-in-picture; web-share\" referrerpolicy=\"strict-origin-when-cross-origin\" allowfullscreen><\/iframe><\/div>\n<\/div><\/figure>\n","protected":false},"excerpt":{"rendered":"<p>El mentor digital i les fisioterapeutes de l&#8217;EAP del Servei Educatiu de l&#8217;Urgell han realitzat un&nbsp;projecte,&nbsp;conjuntament amb l&#8217;Institut Manuel de Pedrolo de T\u00e0rrega, per comprovar el pes de les motxilles de l&#8217;alumnat. Per conscienciar l\u2019alumnat que sovint porten massa pes a la motxilla, el mentor digital amb l\u2019ajuda de les fisioterapeutes de l&#8217;EAP han dissenyat [&hellip;]<\/p>\n","protected":false},"author":1,"featured_media":26016,"comment_status":"closed","ping_status":"open","sticky":false,"template":"","format":"standard","meta":{"_bbp_topic_count":0,"_bbp_reply_count":0,"_bbp_total_topic_count":0,"_bbp_total_reply_count":0,"_bbp_voice_count":0,"_bbp_anonymous_reply_count":0,"_bbp_topic_count_hidden":0,"_bbp_reply_count_hidden":0,"_bbp_forum_subforum_count":0,"site-sidebar-layout":"default","site-content-layout":"","ast-site-content-layout":"default","site-content-style":"default","site-sidebar-style":"default","ast-global-header-display":"","ast-banner-title-visibility":"","ast-main-header-display":"","ast-hfb-above-header-display":"","ast-hfb-below-header-display":"","ast-hfb-mobile-header-display":"","site-post-title":"","ast-breadcrumbs-content":"","ast-featured-img":"","footer-sml-layout":"","theme-transparent-header-meta":"","adv-header-id-meta":"","stick-header-meta":"","header-above-stick-meta":"","header-main-stick-meta":"","header-below-stick-meta":"","astra-migrate-meta-layouts":"set","ast-page-background-enabled":"default","ast-page-background-meta":{"desktop":{"background-color":"var(--ast-global-color-4)","background-image":"","background-repeat":"repeat","background-position":"center center","background-size":"auto","background-attachment":"scroll","background-type":"","background-media":"","overlay-type":"","overlay-color":"","overlay-opacity":"","overlay-gradient":""},"tablet":{"background-color":"","background-image":"","background-repeat":"repeat","background-position":"center center","background-size":"auto","background-attachment":"scroll","background-type":"","background-media":"","overlay-type":"","overlay-color":"","overlay-opacity":"","overlay-gradient":""},"mobile":{"background-color":"","background-image":"","background-repeat":"repeat","background-position":"center center","background-size":"auto","background-attachment":"scroll","background-type":"","background-media":"","overlay-type":"","overlay-color":"","overlay-opacity":"","overlay-gradient":""}},"ast-content-background-meta":{"desktop":{"background-color":"var(--ast-global-color-5)","background-image":"","background-repeat":"repeat","background-position":"center center","background-size":"auto","background-attachment":"scroll","background-type":"","background-media":"","overlay-type":"","overlay-color":"","overlay-opacity":"","overlay-gradient":""},"tablet":{"background-color":"var(--ast-global-color-5)","background-image":"","background-repeat":"repeat","background-position":"center center","background-size":"auto","background-attachment":"scroll","background-type":"","background-media":"","overlay-type":"","overlay-color":"","overlay-opacity":"","overlay-gradient":""},"mobile":{"background-color":"var(--ast-global-color-5)","background-image":"","background-repeat":"repeat","background-position":"center center","background-size":"auto","background-attachment":"scroll","background-type":"","background-media":"","overlay-type":"","overlay-color":"","overlay-opacity":"","overlay-gradient":""}},"footnotes":""},"categories":[29],"tags":[471,720,770,732],"class_list":["post-26014","post","type-post","status-publish","format-standard","has-post-thumbnail","hentry","category-portada","tag-eap","tag-fisioterapeuta","tag-full-maig-26","tag-robotica-2"],"post_mailing_queue_ids":[],"_links":{"self":[{"href":"https:\/\/serveiseducatius.xtec.cat\/urgell\/wp-json\/wp\/v2\/posts\/26014","targetHints":{"allow":["GET"]}}],"collection":[{"href":"https:\/\/serveiseducatius.xtec.cat\/urgell\/wp-json\/wp\/v2\/posts"}],"about":[{"href":"https:\/\/serveiseducatius.xtec.cat\/urgell\/wp-json\/wp\/v2\/types\/post"}],"author":[{"embeddable":true,"href":"https:\/\/serveiseducatius.xtec.cat\/urgell\/wp-json\/wp\/v2\/users\/1"}],"replies":[{"embeddable":true,"href":"https:\/\/serveiseducatius.xtec.cat\/urgell\/wp-json\/wp\/v2\/comments?post=26014"}],"version-history":[{"count":2,"href":"https:\/\/serveiseducatius.xtec.cat\/urgell\/wp-json\/wp\/v2\/posts\/26014\/revisions"}],"predecessor-version":[{"id":26017,"href":"https:\/\/serveiseducatius.xtec.cat\/urgell\/wp-json\/wp\/v2\/posts\/26014\/revisions\/26017"}],"wp:featuredmedia":[{"embeddable":true,"href":"https:\/\/serveiseducatius.xtec.cat\/urgell\/wp-json\/wp\/v2\/media\/26016"}],"wp:attachment":[{"href":"https:\/\/serveiseducatius.xtec.cat\/urgell\/wp-json\/wp\/v2\/media?parent=26014"}],"wp:term":[{"taxonomy":"category","embeddable":true,"href":"https:\/\/serveiseducatius.xtec.cat\/urgell\/wp-json\/wp\/v2\/categories?post=26014"},{"taxonomy":"post_tag","embeddable":true,"href":"https:\/\/serveiseducatius.xtec.cat\/urgell\/wp-json\/wp\/v2\/tags?post=26014"}],"curies":[{"name":"wp","href":"https:\/\/api.w.org\/{rel}","templated":true}]}}