{"id":26005,"date":"2026-04-27T13:32:08","date_gmt":"2026-04-27T11:32:08","guid":{"rendered":"https:\/\/serveiseducatius.xtec.cat\/urgell\/?p=26005"},"modified":"2026-04-27T13:32:37","modified_gmt":"2026-04-27T11:32:37","slug":"guia-del-club-de-lectores-recomanables-2026","status":"publish","type":"post","link":"https:\/\/serveiseducatius.xtec.cat\/urgell\/portada\/guia-del-club-de-lectores-recomanables-2026\/","title":{"rendered":"Guia del Club de Lectores Recomanables 2026"},"content":{"rendered":"\n<p>Ja est\u00e0 disponible la\u00a0<strong>guia CLER primavera 2026<\/strong>\u00a0per al p\u00fablic infantil i juvenil.\u00a0Les guies CLER (<strong>Club de lectures recomanables<\/strong>) es basen en una\u00a0<strong>acurada selecci\u00f3 de lectures per nens i adolescents<\/strong>, per\u00f2 tamb\u00e9 per als\u00a0<strong>pares, mestres i educadors<\/strong>, feta per les\u00a0<strong>bibliotec\u00e0ries de les biblioteques infantils de les comarques gironines<\/strong>. Cada llibre seleccionat es classifica en una secci\u00f3 segons l\u2019edat a qui va adre\u00e7at i el seu contingut.\u00a0El seu objectiu es servir d\u2019eina pel foment de la lectura. La podeu consultar al seg\u00fcent enlla\u00e7, tant en\u00a0<a href=\"https:\/\/bibgirona.cat\/biblioteca\/servei-de-biblioteques\/documents\">format en l\u00ednia\u00a0com en\u00a0format PDF<\/a>.<a href=\"https:\/\/serveiseducatius.xtec.cat\/selva1\/wp-content\/uploads\/usu773\/2026\/04\/Garbell-2.png\"><\/a><\/p>\n\n\n\n<figure class=\"wp-block-image size-full is-resized\"><a href=\"https:\/\/serveiseducatius.xtec.cat\/urgell\/wp-content\/uploads\/usu1142\/2026\/04\/Guia-Cler-2026.png\"><img loading=\"lazy\" decoding=\"async\" width=\"200\" height=\"150\" src=\"https:\/\/serveiseducatius.xtec.cat\/urgell\/wp-content\/uploads\/usu1142\/2026\/04\/Guia-Cler-2026.png\" alt=\"\" class=\"wp-image-26006\" style=\"width:199px;height:auto\"\/><\/a><\/figure>\n","protected":false},"excerpt":{"rendered":"<p>Ja est\u00e0 disponible la\u00a0guia CLER primavera 2026\u00a0per al p\u00fablic infantil i juvenil.\u00a0Les guies CLER (Club de lectures recomanables) es basen en una\u00a0acurada selecci\u00f3 de lectures per nens i adolescents, per\u00f2 tamb\u00e9 per als\u00a0pares, mestres i educadors, feta per les\u00a0bibliotec\u00e0ries de les biblioteques infantils de les comarques gironines. Cada llibre seleccionat es classifica en una secci\u00f3 [&hellip;]<\/p>\n","protected":false},"author":1,"featured_media":26006,"comment_status":"closed","ping_status":"open","sticky":false,"template":"","format":"standard","meta":{"_bbp_topic_count":0,"_bbp_reply_count":0,"_bbp_total_topic_count":0,"_bbp_total_reply_count":0,"_bbp_voice_count":0,"_bbp_anonymous_reply_count":0,"_bbp_topic_count_hidden":0,"_bbp_reply_count_hidden":0,"_bbp_forum_subforum_count":0,"site-sidebar-layout":"default","site-content-layout":"","ast-site-content-layout":"default","site-content-style":"default","site-sidebar-style":"default","ast-global-header-display":"","ast-banner-title-visibility":"","ast-main-header-display":"","ast-hfb-above-header-display":"","ast-hfb-below-header-display":"","ast-hfb-mobile-header-display":"","site-post-title":"","ast-breadcrumbs-content":"","ast-featured-img":"","footer-sml-layout":"","theme-transparent-header-meta":"","adv-header-id-meta":"","stick-header-meta":"","header-above-stick-meta":"","header-main-stick-meta":"","header-below-stick-meta":"","astra-migrate-meta-layouts":"set","ast-page-background-enabled":"default","ast-page-background-meta":{"desktop":{"background-color":"var(--ast-global-color-4)","background-image":"","background-repeat":"repeat","background-position":"center center","background-size":"auto","background-attachment":"scroll","background-type":"","background-media":"","overlay-type":"","overlay-color":"","overlay-opacity":"","overlay-gradient":""},"tablet":{"background-color":"","background-image":"","background-repeat":"repeat","background-position":"center center","background-size":"auto","background-attachment":"scroll","background-type":"","background-media":"","overlay-type":"","overlay-color":"","overlay-opacity":"","overlay-gradient":""},"mobile":{"background-color":"","background-image":"","background-repeat":"repeat","background-position":"center center","background-size":"auto","background-attachment":"scroll","background-type":"","background-media":"","overlay-type":"","overlay-color":"","overlay-opacity":"","overlay-gradient":""}},"ast-content-background-meta":{"desktop":{"background-color":"var(--ast-global-color-5)","background-image":"","background-repeat":"repeat","background-position":"center center","background-size":"auto","background-attachment":"scroll","background-type":"","background-media":"","overlay-type":"","overlay-color":"","overlay-opacity":"","overlay-gradient":""},"tablet":{"background-color":"var(--ast-global-color-5)","background-image":"","background-repeat":"repeat","background-position":"center center","background-size":"auto","background-attachment":"scroll","background-type":"","background-media":"","overlay-type":"","overlay-color":"","overlay-opacity":"","overlay-gradient":""},"mobile":{"background-color":"var(--ast-global-color-5)","background-image":"","background-repeat":"repeat","background-position":"center center","background-size":"auto","background-attachment":"scroll","background-type":"","background-media":"","overlay-type":"","overlay-color":"","overlay-opacity":"","overlay-gradient":""}},"footnotes":""},"categories":[81,29],"tags":[166,771,770],"class_list":["post-26005","post","type-post","status-publish","format-standard","has-post-thumbnail","hentry","category-biblioteca-escolar","category-portada","tag-biblioteca-escolar","tag-cler","tag-full-maig-26"],"post_mailing_queue_ids":[],"_links":{"self":[{"href":"https:\/\/serveiseducatius.xtec.cat\/urgell\/wp-json\/wp\/v2\/posts\/26005","targetHints":{"allow":["GET"]}}],"collection":[{"href":"https:\/\/serveiseducatius.xtec.cat\/urgell\/wp-json\/wp\/v2\/posts"}],"about":[{"href":"https:\/\/serveiseducatius.xtec.cat\/urgell\/wp-json\/wp\/v2\/types\/post"}],"author":[{"embeddable":true,"href":"https:\/\/serveiseducatius.xtec.cat\/urgell\/wp-json\/wp\/v2\/users\/1"}],"replies":[{"embeddable":true,"href":"https:\/\/serveiseducatius.xtec.cat\/urgell\/wp-json\/wp\/v2\/comments?post=26005"}],"version-history":[{"count":1,"href":"https:\/\/serveiseducatius.xtec.cat\/urgell\/wp-json\/wp\/v2\/posts\/26005\/revisions"}],"predecessor-version":[{"id":26007,"href":"https:\/\/serveiseducatius.xtec.cat\/urgell\/wp-json\/wp\/v2\/posts\/26005\/revisions\/26007"}],"wp:featuredmedia":[{"embeddable":true,"href":"https:\/\/serveiseducatius.xtec.cat\/urgell\/wp-json\/wp\/v2\/media\/26006"}],"wp:attachment":[{"href":"https:\/\/serveiseducatius.xtec.cat\/urgell\/wp-json\/wp\/v2\/media?parent=26005"}],"wp:term":[{"taxonomy":"category","embeddable":true,"href":"https:\/\/serveiseducatius.xtec.cat\/urgell\/wp-json\/wp\/v2\/categories?post=26005"},{"taxonomy":"post_tag","embeddable":true,"href":"https:\/\/serveiseducatius.xtec.cat\/urgell\/wp-json\/wp\/v2\/tags?post=26005"}],"curies":[{"name":"wp","href":"https:\/\/api.w.org\/{rel}","templated":true}]}}