{"id":25998,"date":"2026-04-27T09:26:57","date_gmt":"2026-04-27T07:26:57","guid":{"rendered":"https:\/\/serveiseducatius.xtec.cat\/urgell\/?p=25998"},"modified":"2026-04-27T09:27:29","modified_gmt":"2026-04-27T07:27:29","slug":"actualitzem-la-maleta-de-la-festa-major-de-tarrega","status":"publish","type":"post","link":"https:\/\/serveiseducatius.xtec.cat\/urgell\/portada\/actualitzem-la-maleta-de-la-festa-major-de-tarrega\/","title":{"rendered":"Actualitzem la maleta de la &#8220;Festa Major de T\u00e0rrega&#8221;"},"content":{"rendered":"\n<p>Us presentem l&#8217;actualitzaci\u00f3 de la &#8220;Maleta de la Festa Major de T\u00e0rrega&#8221;.<\/p>\n\n\n\n<p>A m\u00e9s a m\u00e9s de les disfresses que ja contenia hi hem afegit els contes guanyadors del concurs que promou l&#8217;Associaci\u00f3 cultural Guixanet, de la saga &#8220;Els nostres nans ens expliquen un conte&#8221;. Esperem que us agradin!<\/p>\n\n\n\n<div data-wp-interactive=\"core\/file\" class=\"wp-block-file\"><object data-wp-bind--hidden=\"!state.hasPdfPreview\" hidden class=\"wp-block-file__embed\" data=\"https:\/\/serveiseducatius.xtec.cat\/urgell\/wp-content\/uploads\/usu1142\/2026\/04\/40-Maleta-Festa-Major-de-Tarrega_comp-1.pdf\" type=\"application\/pdf\" style=\"width:100%;height:600px\" aria-label=\"Incrustaci\u00f3 del fitxer 40-Maleta-Festa-Major-de-Tarrega_comp-1.\"><\/object><a id=\"wp-block-file--media-1c859a46-4034-4907-9da4-f6ac959f3015\" href=\"https:\/\/serveiseducatius.xtec.cat\/urgell\/wp-content\/uploads\/usu1142\/2026\/04\/40-Maleta-Festa-Major-de-Tarrega_comp-1.pdf\">40-Maleta-Festa-Major-de-Tarrega_comp-1<\/a><a href=\"https:\/\/serveiseducatius.xtec.cat\/urgell\/wp-content\/uploads\/usu1142\/2026\/04\/40-Maleta-Festa-Major-de-Tarrega_comp-1.pdf\" class=\"wp-block-file__button wp-element-button\" download aria-describedby=\"wp-block-file--media-1c859a46-4034-4907-9da4-f6ac959f3015\">Baixa<\/a><\/div>\n","protected":false},"excerpt":{"rendered":"<p>Us presentem l&#8217;actualitzaci\u00f3 de la &#8220;Maleta de la Festa Major de T\u00e0rrega&#8221;. A m\u00e9s a m\u00e9s de les disfresses que ja contenia hi hem afegit els contes guanyadors del concurs que promou l&#8217;Associaci\u00f3 cultural Guixanet, de la saga &#8220;Els nostres nans ens expliquen un conte&#8221;. Esperem que us agradin!<\/p>\n","protected":false},"author":1,"featured_media":25775,"comment_status":"closed","ping_status":"open","sticky":false,"template":"","format":"standard","meta":{"_bbp_topic_count":0,"_bbp_reply_count":0,"_bbp_total_topic_count":0,"_bbp_total_reply_count":0,"_bbp_voice_count":0,"_bbp_anonymous_reply_count":0,"_bbp_topic_count_hidden":0,"_bbp_reply_count_hidden":0,"_bbp_forum_subforum_count":0,"site-sidebar-layout":"default","site-content-layout":"","ast-site-content-layout":"default","site-content-style":"default","site-sidebar-style":"default","ast-global-header-display":"","ast-banner-title-visibility":"","ast-main-header-display":"","ast-hfb-above-header-display":"","ast-hfb-below-header-display":"","ast-hfb-mobile-header-display":"","site-post-title":"","ast-breadcrumbs-content":"","ast-featured-img":"","footer-sml-layout":"","theme-transparent-header-meta":"","adv-header-id-meta":"","stick-header-meta":"","header-above-stick-meta":"","header-main-stick-meta":"","header-below-stick-meta":"","astra-migrate-meta-layouts":"set","ast-page-background-enabled":"default","ast-page-background-meta":{"desktop":{"background-color":"var(--ast-global-color-4)","background-image":"","background-repeat":"repeat","background-position":"center center","background-size":"auto","background-attachment":"scroll","background-type":"","background-media":"","overlay-type":"","overlay-color":"","overlay-opacity":"","overlay-gradient":""},"tablet":{"background-color":"","background-image":"","background-repeat":"repeat","background-position":"center center","background-size":"auto","background-attachment":"scroll","background-type":"","background-media":"","overlay-type":"","overlay-color":"","overlay-opacity":"","overlay-gradient":""},"mobile":{"background-color":"","background-image":"","background-repeat":"repeat","background-position":"center center","background-size":"auto","background-attachment":"scroll","background-type":"","background-media":"","overlay-type":"","overlay-color":"","overlay-opacity":"","overlay-gradient":""}},"ast-content-background-meta":{"desktop":{"background-color":"var(--ast-global-color-5)","background-image":"","background-repeat":"repeat","background-position":"center center","background-size":"auto","background-attachment":"scroll","background-type":"","background-media":"","overlay-type":"","overlay-color":"","overlay-opacity":"","overlay-gradient":""},"tablet":{"background-color":"var(--ast-global-color-5)","background-image":"","background-repeat":"repeat","background-position":"center center","background-size":"auto","background-attachment":"scroll","background-type":"","background-media":"","overlay-type":"","overlay-color":"","overlay-opacity":"","overlay-gradient":""},"mobile":{"background-color":"var(--ast-global-color-5)","background-image":"","background-repeat":"repeat","background-position":"center center","background-size":"auto","background-attachment":"scroll","background-type":"","background-media":"","overlay-type":"","overlay-color":"","overlay-opacity":"","overlay-gradient":""}},"footnotes":""},"categories":[29],"tags":[770,769],"class_list":["post-25998","post","type-post","status-publish","format-standard","has-post-thumbnail","hentry","category-portada","tag-full-maig-26","tag-maleta-festa-major"],"post_mailing_queue_ids":[],"_links":{"self":[{"href":"https:\/\/serveiseducatius.xtec.cat\/urgell\/wp-json\/wp\/v2\/posts\/25998","targetHints":{"allow":["GET"]}}],"collection":[{"href":"https:\/\/serveiseducatius.xtec.cat\/urgell\/wp-json\/wp\/v2\/posts"}],"about":[{"href":"https:\/\/serveiseducatius.xtec.cat\/urgell\/wp-json\/wp\/v2\/types\/post"}],"author":[{"embeddable":true,"href":"https:\/\/serveiseducatius.xtec.cat\/urgell\/wp-json\/wp\/v2\/users\/1"}],"replies":[{"embeddable":true,"href":"https:\/\/serveiseducatius.xtec.cat\/urgell\/wp-json\/wp\/v2\/comments?post=25998"}],"version-history":[{"count":1,"href":"https:\/\/serveiseducatius.xtec.cat\/urgell\/wp-json\/wp\/v2\/posts\/25998\/revisions"}],"predecessor-version":[{"id":26000,"href":"https:\/\/serveiseducatius.xtec.cat\/urgell\/wp-json\/wp\/v2\/posts\/25998\/revisions\/26000"}],"wp:featuredmedia":[{"embeddable":true,"href":"https:\/\/serveiseducatius.xtec.cat\/urgell\/wp-json\/wp\/v2\/media\/25775"}],"wp:attachment":[{"href":"https:\/\/serveiseducatius.xtec.cat\/urgell\/wp-json\/wp\/v2\/media?parent=25998"}],"wp:term":[{"taxonomy":"category","embeddable":true,"href":"https:\/\/serveiseducatius.xtec.cat\/urgell\/wp-json\/wp\/v2\/categories?post=25998"},{"taxonomy":"post_tag","embeddable":true,"href":"https:\/\/serveiseducatius.xtec.cat\/urgell\/wp-json\/wp\/v2\/tags?post=25998"}],"curies":[{"name":"wp","href":"https:\/\/api.w.org\/{rel}","templated":true}]}}