{"id":25690,"date":"2026-03-03T08:23:01","date_gmt":"2026-03-03T07:23:01","guid":{"rendered":"https:\/\/serveiseducatius.xtec.cat\/urgell\/?p=25690"},"modified":"2026-03-03T09:07:20","modified_gmt":"2026-03-03T08:07:20","slug":"fast-fest-3r-festival-darts-en-viu-amb-propostes-multidisciplinars-installacions-musica-i-mes","status":"publish","type":"post","link":"https:\/\/serveiseducatius.xtec.cat\/urgell\/portada\/fast-fest-3r-festival-darts-en-viu-amb-propostes-multidisciplinars-installacions-musica-i-mes\/","title":{"rendered":"Fast fest: 3r Festival d\u2019Arts en Viu amb propostes multidisciplinars, instal\u00b7lacions, m\u00fasica i m\u00e9s"},"content":{"rendered":"\n<p><strong>Festival autogestionat per l\u2019alumnat d\u2019Arts Pl\u00e0stiques de Batxillerat de l&#8217;Escola d&#8217;Art Ondara i que integra en la programaci\u00f3 actuacions, \u2018performances\u2019 i propostes art\u00edstiques multidisciplin\u00e0ries.<\/strong>&nbsp;Aquesta tercera edici\u00f3 vol ser un clam contra la viol\u00e8ncia i una den\u00fancia dels conflictes b\u00e8l\u00b7lics.&nbsp;<strong>Les obres exposades<\/strong>, com la pintura, fotografia, v\u00eddeo, instal\u00b7lacions i performances,&nbsp;<strong>convidaran els visitants a reflexionar emocionalment i socialment sobre aquesta problem\u00e0tica.<\/strong><\/p>\n\n\n\n<p>La jornada ser\u00e0 el<strong> 12 de mar\u00e7<\/strong> i es dividir\u00e0 en<strong> torn de mat\u00ed<\/strong>\u00a0(10.15 h \u2013 14.00 h)\u00a0<strong>i torn de tarda\u00a0<\/strong>(16.30 h \u2013 20.00 h), amb activitats cont\u00ednues i exposicions fixes al llarg de tot el recorregut.\u00a0A la tarda, el festival comptar\u00e0 amb la participaci\u00f3 d\u2019entitats convidades com\u00a0<strong>l\u2019Escola de Dansa de Guissona, l\u2019Escola de M\u00fasica de T\u00e0rrega, l\u2019Escola de Dansa de T\u00e0rrega i els Diables BAT de T\u00e0rrega,<\/strong>\u00a0que actuaran al pati exterior abans de la performance final de cloenda.\u00a0<strong>Entrada gratu\u00efta.\u00a0Obert a tothom.<\/strong><\/p>\n\n\n\n<figure class=\"wp-block-image size-full is-resized\"><a href=\"https:\/\/serveiseducatius.xtec.cat\/urgell\/wp-content\/uploads\/usu1142\/2026\/03\/Fast-fest1.jpg\"><img loading=\"lazy\" decoding=\"async\" width=\"588\" height=\"768\" src=\"https:\/\/serveiseducatius.xtec.cat\/urgell\/wp-content\/uploads\/usu1142\/2026\/03\/Fast-fest1.jpg\" alt=\"\" class=\"wp-image-25692\" style=\"width:497px;height:auto\" srcset=\"https:\/\/serveiseducatius.xtec.cat\/urgell\/wp-content\/uploads\/usu1142\/2026\/03\/Fast-fest1.jpg 588w, https:\/\/serveiseducatius.xtec.cat\/urgell\/wp-content\/uploads\/usu1142\/2026\/03\/Fast-fest1-230x300.jpg 230w\" sizes=\"auto, (max-width: 588px) 100vw, 588px\" \/><\/a><\/figure>\n\n\n\n<p><\/p>\n","protected":false},"excerpt":{"rendered":"<p>Festival autogestionat per l\u2019alumnat d\u2019Arts Pl\u00e0stiques de Batxillerat de l&#8217;Escola d&#8217;Art Ondara i que integra en la programaci\u00f3 actuacions, \u2018performances\u2019 i propostes art\u00edstiques multidisciplin\u00e0ries.&nbsp;Aquesta tercera edici\u00f3 vol ser un clam contra la viol\u00e8ncia i una den\u00fancia dels conflictes b\u00e8l\u00b7lics.&nbsp;Les obres exposades, com la pintura, fotografia, v\u00eddeo, instal\u00b7lacions i performances,&nbsp;convidaran els visitants a reflexionar emocionalment i [&hellip;]<\/p>\n","protected":false},"author":1,"featured_media":25691,"comment_status":"closed","ping_status":"open","sticky":false,"template":"","format":"standard","meta":{"_bbp_topic_count":0,"_bbp_reply_count":0,"_bbp_total_topic_count":0,"_bbp_total_reply_count":0,"_bbp_voice_count":0,"_bbp_anonymous_reply_count":0,"_bbp_topic_count_hidden":0,"_bbp_reply_count_hidden":0,"_bbp_forum_subforum_count":0,"site-sidebar-layout":"default","site-content-layout":"","ast-site-content-layout":"default","site-content-style":"default","site-sidebar-style":"default","ast-global-header-display":"","ast-banner-title-visibility":"","ast-main-header-display":"","ast-hfb-above-header-display":"","ast-hfb-below-header-display":"","ast-hfb-mobile-header-display":"","site-post-title":"","ast-breadcrumbs-content":"","ast-featured-img":"","footer-sml-layout":"","theme-transparent-header-meta":"","adv-header-id-meta":"","stick-header-meta":"","header-above-stick-meta":"","header-main-stick-meta":"","header-below-stick-meta":"","astra-migrate-meta-layouts":"set","ast-page-background-enabled":"default","ast-page-background-meta":{"desktop":{"background-color":"var(--ast-global-color-4)","background-image":"","background-repeat":"repeat","background-position":"center center","background-size":"auto","background-attachment":"scroll","background-type":"","background-media":"","overlay-type":"","overlay-color":"","overlay-opacity":"","overlay-gradient":""},"tablet":{"background-color":"","background-image":"","background-repeat":"repeat","background-position":"center center","background-size":"auto","background-attachment":"scroll","background-type":"","background-media":"","overlay-type":"","overlay-color":"","overlay-opacity":"","overlay-gradient":""},"mobile":{"background-color":"","background-image":"","background-repeat":"repeat","background-position":"center center","background-size":"auto","background-attachment":"scroll","background-type":"","background-media":"","overlay-type":"","overlay-color":"","overlay-opacity":"","overlay-gradient":""}},"ast-content-background-meta":{"desktop":{"background-color":"var(--ast-global-color-5)","background-image":"","background-repeat":"repeat","background-position":"center center","background-size":"auto","background-attachment":"scroll","background-type":"","background-media":"","overlay-type":"","overlay-color":"","overlay-opacity":"","overlay-gradient":""},"tablet":{"background-color":"var(--ast-global-color-5)","background-image":"","background-repeat":"repeat","background-position":"center center","background-size":"auto","background-attachment":"scroll","background-type":"","background-media":"","overlay-type":"","overlay-color":"","overlay-opacity":"","overlay-gradient":""},"mobile":{"background-color":"var(--ast-global-color-5)","background-image":"","background-repeat":"repeat","background-position":"center center","background-size":"auto","background-attachment":"scroll","background-type":"","background-media":"","overlay-type":"","overlay-color":"","overlay-opacity":"","overlay-gradient":""}},"footnotes":""},"categories":[29],"tags":[752],"class_list":["post-25690","post","type-post","status-publish","format-standard","has-post-thumbnail","hentry","category-portada","tag-full-marc-26"],"post_mailing_queue_ids":[],"_links":{"self":[{"href":"https:\/\/serveiseducatius.xtec.cat\/urgell\/wp-json\/wp\/v2\/posts\/25690","targetHints":{"allow":["GET"]}}],"collection":[{"href":"https:\/\/serveiseducatius.xtec.cat\/urgell\/wp-json\/wp\/v2\/posts"}],"about":[{"href":"https:\/\/serveiseducatius.xtec.cat\/urgell\/wp-json\/wp\/v2\/types\/post"}],"author":[{"embeddable":true,"href":"https:\/\/serveiseducatius.xtec.cat\/urgell\/wp-json\/wp\/v2\/users\/1"}],"replies":[{"embeddable":true,"href":"https:\/\/serveiseducatius.xtec.cat\/urgell\/wp-json\/wp\/v2\/comments?post=25690"}],"version-history":[{"count":2,"href":"https:\/\/serveiseducatius.xtec.cat\/urgell\/wp-json\/wp\/v2\/posts\/25690\/revisions"}],"predecessor-version":[{"id":25704,"href":"https:\/\/serveiseducatius.xtec.cat\/urgell\/wp-json\/wp\/v2\/posts\/25690\/revisions\/25704"}],"wp:featuredmedia":[{"embeddable":true,"href":"https:\/\/serveiseducatius.xtec.cat\/urgell\/wp-json\/wp\/v2\/media\/25691"}],"wp:attachment":[{"href":"https:\/\/serveiseducatius.xtec.cat\/urgell\/wp-json\/wp\/v2\/media?parent=25690"}],"wp:term":[{"taxonomy":"category","embeddable":true,"href":"https:\/\/serveiseducatius.xtec.cat\/urgell\/wp-json\/wp\/v2\/categories?post=25690"},{"taxonomy":"post_tag","embeddable":true,"href":"https:\/\/serveiseducatius.xtec.cat\/urgell\/wp-json\/wp\/v2\/tags?post=25690"}],"curies":[{"name":"wp","href":"https:\/\/api.w.org\/{rel}","templated":true}]}}