{"id":25433,"date":"2025-12-16T08:30:21","date_gmt":"2025-12-16T07:30:21","guid":{"rendered":"https:\/\/serveiseducatius.xtec.cat\/urgell\/?p=25433"},"modified":"2025-12-16T08:30:23","modified_gmt":"2025-12-16T07:30:23","slug":"tallers-de-rap-antiracista-2","status":"publish","type":"post","link":"https:\/\/serveiseducatius.xtec.cat\/urgell\/portada\/tallers-de-rap-antiracista-2\/","title":{"rendered":"Tallers de Rap Antiracista"},"content":{"rendered":"\n<p>Dins del Programa Comarcal de Suport a l\u2019Educaci\u00f3\u00a0a l&#8217;Urgell, els mesos de novembre i desembre, s&#8217;han organitzat tallers de rap antiracista on han participat uns 500 alumnes de 3r d\u2019ESO de vuit centres de la comarca de l\u2019Urgell.<\/p>\n\n\n\n<p>De la m\u00e0 de l\u2019escola itinerant Versembrant, l&#8217;alumnat ha treballat l\u2019expressi\u00f3 art\u00edstica i la reflexi\u00f3 cr\u00edtica sobre racisme i xenof\u00f2bia.<\/p>\n\n\n\n<p>El projecte, impulsat pel Centre de Recursos Pedag\u00f2gics de l&#8217;Urgell i el Consell Comarcal de l\u2019Urgell, amb el suport del Departament d\u2019Igualtat i Feminismes, busca fomentar la consci\u00e8ncia cr\u00edtica i empoderar l&#8217;alumnat mitjan\u00e7ant la creaci\u00f3 musical.<\/p>\n\n\n\n<figure class=\"wp-block-image size-large\"><a href=\"https:\/\/serveiseducatius.xtec.cat\/urgell\/wp-content\/uploads\/usu1142\/2025\/12\/IMG_1004-scaled.jpg\"><img loading=\"lazy\" decoding=\"async\" width=\"768\" height=\"1024\" src=\"https:\/\/serveiseducatius.xtec.cat\/urgell\/wp-content\/uploads\/usu1142\/2025\/12\/IMG_1004-768x1024.jpg\" alt=\"\" class=\"wp-image-25434\" srcset=\"https:\/\/serveiseducatius.xtec.cat\/urgell\/wp-content\/uploads\/usu1142\/2025\/12\/IMG_1004-768x1024.jpg 768w, https:\/\/serveiseducatius.xtec.cat\/urgell\/wp-content\/uploads\/usu1142\/2025\/12\/IMG_1004-225x300.jpg 225w, https:\/\/serveiseducatius.xtec.cat\/urgell\/wp-content\/uploads\/usu1142\/2025\/12\/IMG_1004-1152x1536.jpg 1152w, https:\/\/serveiseducatius.xtec.cat\/urgell\/wp-content\/uploads\/usu1142\/2025\/12\/IMG_1004-1536x2048.jpg 1536w, https:\/\/serveiseducatius.xtec.cat\/urgell\/wp-content\/uploads\/usu1142\/2025\/12\/IMG_1004-scaled.jpg 1920w\" sizes=\"auto, (max-width: 768px) 100vw, 768px\" \/><\/a><\/figure>\n","protected":false},"excerpt":{"rendered":"<p>Dins del Programa Comarcal de Suport a l\u2019Educaci\u00f3\u00a0a l&#8217;Urgell, els mesos de novembre i desembre, s&#8217;han organitzat tallers de rap antiracista on han participat uns 500 alumnes de 3r d\u2019ESO de vuit centres de la comarca de l\u2019Urgell. De la m\u00e0 de l\u2019escola itinerant Versembrant, l&#8217;alumnat ha treballat l\u2019expressi\u00f3 art\u00edstica i la reflexi\u00f3 cr\u00edtica sobre [&hellip;]<\/p>\n","protected":false},"author":6,"featured_media":25434,"comment_status":"closed","ping_status":"open","sticky":false,"template":"","format":"standard","meta":{"_bbp_topic_count":0,"_bbp_reply_count":0,"_bbp_total_topic_count":0,"_bbp_total_reply_count":0,"_bbp_voice_count":0,"_bbp_anonymous_reply_count":0,"_bbp_topic_count_hidden":0,"_bbp_reply_count_hidden":0,"_bbp_forum_subforum_count":0,"site-sidebar-layout":"default","site-content-layout":"","ast-site-content-layout":"default","site-content-style":"default","site-sidebar-style":"default","ast-global-header-display":"","ast-banner-title-visibility":"","ast-main-header-display":"","ast-hfb-above-header-display":"","ast-hfb-below-header-display":"","ast-hfb-mobile-header-display":"","site-post-title":"","ast-breadcrumbs-content":"","ast-featured-img":"","footer-sml-layout":"","theme-transparent-header-meta":"","adv-header-id-meta":"","stick-header-meta":"","header-above-stick-meta":"","header-main-stick-meta":"","header-below-stick-meta":"","astra-migrate-meta-layouts":"set","ast-page-background-enabled":"default","ast-page-background-meta":{"desktop":{"background-color":"var(--ast-global-color-4)","background-image":"","background-repeat":"repeat","background-position":"center center","background-size":"auto","background-attachment":"scroll","background-type":"","background-media":"","overlay-type":"","overlay-color":"","overlay-opacity":"","overlay-gradient":""},"tablet":{"background-color":"","background-image":"","background-repeat":"repeat","background-position":"center center","background-size":"auto","background-attachment":"scroll","background-type":"","background-media":"","overlay-type":"","overlay-color":"","overlay-opacity":"","overlay-gradient":""},"mobile":{"background-color":"","background-image":"","background-repeat":"repeat","background-position":"center center","background-size":"auto","background-attachment":"scroll","background-type":"","background-media":"","overlay-type":"","overlay-color":"","overlay-opacity":"","overlay-gradient":""}},"ast-content-background-meta":{"desktop":{"background-color":"var(--ast-global-color-5)","background-image":"","background-repeat":"repeat","background-position":"center center","background-size":"auto","background-attachment":"scroll","background-type":"","background-media":"","overlay-type":"","overlay-color":"","overlay-opacity":"","overlay-gradient":""},"tablet":{"background-color":"var(--ast-global-color-5)","background-image":"","background-repeat":"repeat","background-position":"center center","background-size":"auto","background-attachment":"scroll","background-type":"","background-media":"","overlay-type":"","overlay-color":"","overlay-opacity":"","overlay-gradient":""},"mobile":{"background-color":"var(--ast-global-color-5)","background-image":"","background-repeat":"repeat","background-position":"center center","background-size":"auto","background-attachment":"scroll","background-type":"","background-media":"","overlay-type":"","overlay-color":"","overlay-opacity":"","overlay-gradient":""}},"footnotes":""},"categories":[29],"tags":[672,717],"class_list":["post-25433","post","type-post","status-publish","format-standard","has-post-thumbnail","hentry","category-portada","tag-pcseu","tag-rap-antiracista"],"post_mailing_queue_ids":[],"_links":{"self":[{"href":"https:\/\/serveiseducatius.xtec.cat\/urgell\/wp-json\/wp\/v2\/posts\/25433","targetHints":{"allow":["GET"]}}],"collection":[{"href":"https:\/\/serveiseducatius.xtec.cat\/urgell\/wp-json\/wp\/v2\/posts"}],"about":[{"href":"https:\/\/serveiseducatius.xtec.cat\/urgell\/wp-json\/wp\/v2\/types\/post"}],"author":[{"embeddable":true,"href":"https:\/\/serveiseducatius.xtec.cat\/urgell\/wp-json\/wp\/v2\/users\/6"}],"replies":[{"embeddable":true,"href":"https:\/\/serveiseducatius.xtec.cat\/urgell\/wp-json\/wp\/v2\/comments?post=25433"}],"version-history":[{"count":1,"href":"https:\/\/serveiseducatius.xtec.cat\/urgell\/wp-json\/wp\/v2\/posts\/25433\/revisions"}],"predecessor-version":[{"id":25435,"href":"https:\/\/serveiseducatius.xtec.cat\/urgell\/wp-json\/wp\/v2\/posts\/25433\/revisions\/25435"}],"wp:featuredmedia":[{"embeddable":true,"href":"https:\/\/serveiseducatius.xtec.cat\/urgell\/wp-json\/wp\/v2\/media\/25434"}],"wp:attachment":[{"href":"https:\/\/serveiseducatius.xtec.cat\/urgell\/wp-json\/wp\/v2\/media?parent=25433"}],"wp:term":[{"taxonomy":"category","embeddable":true,"href":"https:\/\/serveiseducatius.xtec.cat\/urgell\/wp-json\/wp\/v2\/categories?post=25433"},{"taxonomy":"post_tag","embeddable":true,"href":"https:\/\/serveiseducatius.xtec.cat\/urgell\/wp-json\/wp\/v2\/tags?post=25433"}],"curies":[{"name":"wp","href":"https:\/\/api.w.org\/{rel}","templated":true}]}}