{"id":23682,"date":"2024-01-22T12:14:56","date_gmt":"2024-01-22T11:14:56","guid":{"rendered":"https:\/\/serveiseducatius.xtec.cat\/urgell\/?p=23682"},"modified":"2024-01-22T13:36:14","modified_gmt":"2024-01-22T12:36:14","slug":"full-informatiu-169-gener-2024","status":"publish","type":"post","link":"https:\/\/serveiseducatius.xtec.cat\/urgell\/general\/full-informatiu-169-gener-2024\/","title":{"rendered":"Full informatiu 169 gener 2024"},"content":{"rendered":"<table style=\"border-collapse: collapse; width: 74.8416%; height: 398px;\">\n<tbody>\n<tr style=\"height: 21px;\">\n<td style=\"width: 29.8484%; height: 21px;\"><a href=\"https:\/\/serveiseducatius.xtec.cat\/urgell\/wp-content\/uploads\/usu1142\/2024\/01\/barca-bullying.jpg\"><img loading=\"lazy\" decoding=\"async\" class=\"aligncenter size-medium wp-image-23683\" src=\"https:\/\/serveiseducatius.xtec.cat\/urgell\/wp-content\/uploads\/usu1142\/2024\/01\/barca-bullying-300x150.jpg\" alt=\"\" width=\"300\" height=\"150\" srcset=\"https:\/\/serveiseducatius.xtec.cat\/urgell\/wp-content\/uploads\/usu1142\/2024\/01\/barca-bullying-300x150.jpg 300w, https:\/\/serveiseducatius.xtec.cat\/urgell\/wp-content\/uploads\/usu1142\/2024\/01\/barca-bullying.jpg 560w\" sizes=\"auto, (max-width: 300px) 100vw, 300px\" \/><\/a><\/td>\n<td style=\"width: 69.8828%; height: 21px;\">\n<p style=\"text-align: justify;\">Des del<strong> Programa Contra el Bullying<\/strong> de la Fundaci\u00f3 Bar\u00e7a ens envien acc\u00e9s als seus recursos de prevenci\u00f3 de Bullying i Cyberbullying per <strong>secund\u00e0ria<\/strong> i <strong>adolescents<\/strong> que creiem us poden acompanyar en aquest curs i sumar en la prevenci\u00f3 del fenomen al vostre institut.<\/p>\n<p style=\"text-align: justify;\">Partint de les eines que ofereixen les din\u00e0miques de l\u2019esport, lluiten per frenar la problem\u00e0tica de l&#8217;assetjament escolar amb l\u2019objectiu de prevenir, sensibilitzar i generar coneixement sobre l\u2019assetjament. M\u00e9s <span style=\"text-decoration: underline;\"><strong><span style=\"color: #0000ff; text-decoration: underline;\"><a style=\"color: #0000ff; text-decoration: underline;\" href=\"https:\/\/fundacio.fcbarcelona.cat\/programes\/contra-el-bullying\" target=\"_blank\" rel=\"noopener\">informaci\u00f3<\/a><\/span><\/strong><\/span><\/p>\n<\/td>\n<\/tr>\n<tr style=\"height: 21px;\">\n<td style=\"width: 29.8484%; height: 21px;\"><a href=\"https:\/\/serveiseducatius.xtec.cat\/urgell\/wp-content\/uploads\/usu1142\/2024\/01\/steam-1.png\"><img loading=\"lazy\" decoding=\"async\" class=\"aligncenter size-medium wp-image-23704\" src=\"https:\/\/serveiseducatius.xtec.cat\/urgell\/wp-content\/uploads\/usu1142\/2024\/01\/steam-1-300x75.png\" alt=\"\" width=\"300\" height=\"75\" srcset=\"https:\/\/serveiseducatius.xtec.cat\/urgell\/wp-content\/uploads\/usu1142\/2024\/01\/steam-1-300x75.png 300w, https:\/\/serveiseducatius.xtec.cat\/urgell\/wp-content\/uploads\/usu1142\/2024\/01\/steam-1-768x192.png 768w, https:\/\/serveiseducatius.xtec.cat\/urgell\/wp-content\/uploads\/usu1142\/2024\/01\/steam-1.png 886w\" sizes=\"auto, (max-width: 300px) 100vw, 300px\" \/><\/a><\/td>\n<td style=\"width: 69.8828%; height: 21px;\">\n<p style=\"text-align: justify;\">Des de l\u2019I<strong>CE de la UdL <\/strong>ens informen que ja comencen a preparar el<a href=\"https:\/\/www.ice.udl.cat\/ca\/activitats\/experiencies-steam\/\" target=\"_blank\" rel=\"noopener\"><span style=\"color: #0000ff;\"> <strong>V Intercanvi d\u2019Experi\u00e8ncies STEAM<\/strong><\/span><\/a> per al professorat, que tindr\u00e0 lloc el<strong> dissabte, dia 4 de maig de 2024, de 9:00 h a 14:00 h, en format presencial.<\/strong><\/p>\n<p style=\"text-align: justify;\"><strong>Us convidem a presentar activitats\/projectes<\/strong> que ja estiguin acabats o b\u00e9 que tinguin previst de finalitzar abans d\u2019acabar aquest curs, en el seg\u00fcent <strong><a href=\"https:\/\/docs.google.com\/forms\/d\/e\/1FAIpQLSeiQIWUSMdAVIaGfTrZdpUUFASG6jAbYubH_Hjpaxbfk-X_bA\/viewform\" target=\"_blank\" rel=\"noopener\"><span style=\"color: #0000ff;\">formulari<\/span><\/a><a href=\"https:\/\/docs.google.com\/forms\/d\/e\/1FAIpQLSeiQIWUSMdAVIaGfTrZdpUUFASG6jAbYubH_Hjpaxbfk-X_bA\/viewform\" target=\"_blank\" rel=\"noopener\">. <\/a><\/strong>El termini de presentaci\u00f3 de les propostes \u00e9s fins a l<strong>\u20191 de mar\u00e7 de 2024<\/strong>.<\/p>\n<\/td>\n<\/tr>\n<tr style=\"height: 21px;\">\n<td style=\"width: 29.8484%; height: 10px;\"><a href=\"https:\/\/serveiseducatius.xtec.cat\/urgell\/wp-content\/uploads\/usu1142\/2024\/01\/cangur.jpg\"><img loading=\"lazy\" decoding=\"async\" class=\"aligncenter size-medium wp-image-23685\" src=\"https:\/\/serveiseducatius.xtec.cat\/urgell\/wp-content\/uploads\/usu1142\/2024\/01\/cangur-212x300.jpg\" alt=\"\" width=\"212\" height=\"300\" srcset=\"https:\/\/serveiseducatius.xtec.cat\/urgell\/wp-content\/uploads\/usu1142\/2024\/01\/cangur-212x300.jpg 212w, https:\/\/serveiseducatius.xtec.cat\/urgell\/wp-content\/uploads\/usu1142\/2024\/01\/cangur.jpg 724w\" sizes=\"auto, (max-width: 212px) 100vw, 212px\" \/><\/a><\/td>\n<td style=\"width: 69.8828%; height: 10px;\">\n<p style=\"text-align: justify;\">La prova Cangur \u00e9s una activitat matem\u00e0tica anual, amb el format de concurs individual, promoguda per l\u2019associaci\u00f3 internacional <span style=\"color: #0000ff;\"><strong><a style=\"color: #0000ff;\" href=\"https:\/\/www.aksf.org\/\" target=\"_blank\" rel=\"noopener\">Le Kangourou sans Fronti\u00e8res<\/a><\/strong><\/span>, que es marca com a objectiu <strong>la promoci\u00f3 de les<\/strong> <strong>matem\u00e0tiques<\/strong> entre la gent jove i la mainada, <strong>mitjan\u00e7ant una participaci\u00f3 massiva en una activitat cient\u00edfica, sense intentar fer cap selecci\u00f3 ni comparaci\u00f3 entre centres ni entre zones geogr\u00e0fiques.<\/strong><\/p>\n<p>La data del<strong> Cangur 2024 ser\u00e0 el dia 21 de mar\u00e7<\/strong>, tercer dijous de mar\u00e7, data internacional. La gesti\u00f3 per al Cangur 2024 s&#8217;organitza en <strong>quatre &#8220;subcangurs&#8221;<\/strong>, com s&#8217;ha fet l&#8217;any 2023.<\/p>\n<ul>\n<li>subcangur prim\u00e0ria<\/li>\n<li>subcangur de 1r i 2n ESO<\/li>\n<li>subcangur de 3r i 4t d&#8217;ESO<\/li>\n<li>subcangur de batxillerat i cicles formatius<\/li>\n<\/ul>\n<p>M\u00e9s <span style=\"color: #0000ff;\"><strong><a style=\"color: #0000ff;\" href=\"https:\/\/scm.iec.cat\/wp-content\/uploads\/2024\/01\/bases2024_v2.pdf\" target=\"_blank\" rel=\"noopener\">informaci\u00f3<\/a><\/strong><\/span><\/td>\n<\/tr>\n<tr style=\"height: 21px;\">\n<td style=\"width: 29.8484%; height: 21px;\"><a href=\"https:\/\/serveiseducatius.xtec.cat\/urgell\/wp-content\/uploads\/usu1142\/2024\/01\/ciutada-xxi.png\"><img loading=\"lazy\" decoding=\"async\" class=\"aligncenter size-medium wp-image-23686\" src=\"https:\/\/serveiseducatius.xtec.cat\/urgell\/wp-content\/uploads\/usu1142\/2024\/01\/ciutada-xxi-300x130.png\" alt=\"\" width=\"300\" height=\"130\" srcset=\"https:\/\/serveiseducatius.xtec.cat\/urgell\/wp-content\/uploads\/usu1142\/2024\/01\/ciutada-xxi-300x130.png 300w, https:\/\/serveiseducatius.xtec.cat\/urgell\/wp-content\/uploads\/usu1142\/2024\/01\/ciutada-xxi-768x334.png 768w, https:\/\/serveiseducatius.xtec.cat\/urgell\/wp-content\/uploads\/usu1142\/2024\/01\/ciutada-xxi.png 990w\" sizes=\"auto, (max-width: 300px) 100vw, 300px\" \/><\/a><\/td>\n<td style=\"width: 69.8828%; height: 21px;\"><a href=\"https:\/\/downlleida.org\/?lang=ca\" target=\"_blank\" rel=\"noopener\"><span style=\"color: #000000;\"><strong><span style=\"color: #0000ff;\">L\u2019Associaci\u00f3 Down Lleida<\/span><\/strong><\/span><\/a> organitza el \u201c<strong>XI Concurs de Redacci\u00f3: CIUTAD\u00c0 XXI<\/strong>\u201d, sota el tema <strong>&#8220;No som un estereotip&#8221;.<\/strong><\/p>\n<p>En aquest concurs poden participar-hi tots els alumnes de <strong>Cicle Superior de Prim\u00e0ria i de 1r i 2n Cicle d\u2019ESO<\/strong>, de les comarques de Lleida. Us convidem a animar al vostre alumnat a presentar una redacci\u00f3. Es poden presentar les redaccions a trav\u00e9s del centre educatiu o personalment.<\/p>\n<p>Si voleu participar a l\u2019Onz\u00e8 Concurs de Redacci\u00f3, Ciutad\u00e0 XXI, ens heu de fer arribar les vostres composicions a la seu de l\u2019Associaci\u00f3 <strong>abans del 29 de febrer de 2024.<\/strong> M\u00e9s <strong><span style=\"color: #0000ff;\"><a style=\"color: #0000ff;\" href=\"https:\/\/downlleida.org\/wp-content\/uploads\/2023\/08\/Bases-CIUTADA-ONZE.pdf\" target=\"_blank\" rel=\"noopener\">informaci\u00f3<\/a><\/span><br \/>\n<\/strong><\/td>\n<\/tr>\n<tr style=\"height: 135px;\">\n<td style=\"width: 29.8484%; height: 110px;\"><a href=\"https:\/\/serveiseducatius.xtec.cat\/urgell\/wp-content\/uploads\/usu1142\/2024\/01\/joves-i-ciencies.png\"><img loading=\"lazy\" decoding=\"async\" class=\"aligncenter size-medium wp-image-23688\" src=\"https:\/\/serveiseducatius.xtec.cat\/urgell\/wp-content\/uploads\/usu1142\/2024\/01\/joves-i-ciencies-300x107.png\" alt=\"\" width=\"300\" height=\"107\" srcset=\"https:\/\/serveiseducatius.xtec.cat\/urgell\/wp-content\/uploads\/usu1142\/2024\/01\/joves-i-ciencies-300x107.png 300w, https:\/\/serveiseducatius.xtec.cat\/urgell\/wp-content\/uploads\/usu1142\/2024\/01\/joves-i-ciencies-1024x366.png 1024w, https:\/\/serveiseducatius.xtec.cat\/urgell\/wp-content\/uploads\/usu1142\/2024\/01\/joves-i-ciencies-768x274.png 768w, https:\/\/serveiseducatius.xtec.cat\/urgell\/wp-content\/uploads\/usu1142\/2024\/01\/joves-i-ciencies.png 1448w\" sizes=\"auto, (max-width: 300px) 100vw, 300px\" \/><\/a><\/td>\n<td style=\"width: 69.8828%; height: 110px;\">\n<p style=\"text-align: justify;\">Des de l\u2019\u00e0rea de <span style=\"color: #0000ff;\"><a style=\"color: #0000ff;\" href=\"https:\/\/www.fundaciocatalunya-lapedrera.com\/ca\/vocacions-talent\" target=\"_blank\" rel=\"noopener\"><strong>vocacions i talent de La Fundaci\u00f3 La Pedrera<\/strong> <\/a><\/span>ofereixen diversos programes per<strong> fomentar les vocacions cient\u00edfiques entre el jovent. <\/strong><\/p>\n<p style=\"text-align: justify;\">Un d&#8217;aquests \u00e9s &#8220;<strong><a href=\"https:\/\/www.fundaciocatalunya-lapedrera.com\/ca\/joves-ciencia\" target=\"_blank\" rel=\"noopener\"><span style=\"color: #0000ff;\">Joves i Ci\u00e8ncia<\/span>&#8220;: <\/a><\/strong>programa d\u2019excel\u00b7l\u00e8ncia <strong>adre\u00e7at a estudiants de 4t d\u2019ESO<\/strong> amb talent i inquietud per la recerca amb l\u2019objectiu de fomentar les vocacions cient\u00edfico-tecnol\u00f2giques.<\/p>\n<p>Durant tres anys tenen l\u2019oportunitat d\u2019experimentar la recerca en primera persona. Volem un m\u00f3n on tots els joves tinguin l\u2019oportunitat de desenvolupar al m\u00e0xim el seu talent impulsant les seves vocacions. <span style=\"color: #0000ff;\"><strong><a style=\"color: #0000ff;\" href=\"https:\/\/jovesiciencia.fundaciocatalunya-lapedrera.com\/\" target=\"_blank\" rel=\"noopener\">Inscripcions<\/a><\/strong><\/span><\/td>\n<\/tr>\n<tr style=\"height: 129px;\">\n<td style=\"width: 29.8484%; height: 90px;\"><a href=\"https:\/\/serveiseducatius.xtec.cat\/urgell\/wp-content\/uploads\/usu1142\/2024\/01\/mindfulness.png\"><img loading=\"lazy\" decoding=\"async\" class=\"aligncenter size-medium wp-image-23689\" src=\"https:\/\/serveiseducatius.xtec.cat\/urgell\/wp-content\/uploads\/usu1142\/2024\/01\/mindfulness-300x100.png\" alt=\"\" width=\"300\" height=\"100\" srcset=\"https:\/\/serveiseducatius.xtec.cat\/urgell\/wp-content\/uploads\/usu1142\/2024\/01\/mindfulness-300x100.png 300w, https:\/\/serveiseducatius.xtec.cat\/urgell\/wp-content\/uploads\/usu1142\/2024\/01\/mindfulness-1024x341.png 1024w, https:\/\/serveiseducatius.xtec.cat\/urgell\/wp-content\/uploads\/usu1142\/2024\/01\/mindfulness-768x256.png 768w, https:\/\/serveiseducatius.xtec.cat\/urgell\/wp-content\/uploads\/usu1142\/2024\/01\/mindfulness.png 1200w\" sizes=\"auto, (max-width: 300px) 100vw, 300px\" \/><\/a><\/td>\n<td style=\"width: 69.8828%; height: 90px;\">Des de l\u2019Institut de Ci\u00e8ncies de l\u2019educaci\u00f3 de la UdL, el grup ICE d\u2019<strong>Educaci\u00f3 i Mindfulness<\/strong> us convida a participar en l\u2019activitat de Formaci\u00f3 que plantegen per aquest curs 2023\/24:<\/p>\n<p><strong>Tallers d&#8217;Interioritat compartida.<br \/>\n<\/strong><\/p>\n<p>Una pr\u00e0ctica en consci\u00e8ncia, mitjan\u00e7ant l&#8217;experimentaci\u00f3, l&#8217;observaci\u00f3 de la tensegritat, la creativitat i la comunicaci\u00f3 seran els nostres motors per a l&#8217;aprenentatge amor\u00f3s de la nostra escolta corporal. <span style=\"color: #0000ff;\"><strong><a style=\"color: #0000ff;\" href=\"https:\/\/aplicacions.gestioeducativa.gencat.cat\/pls\/soloas\/pk_for_mod_ins.p_for_detall_activitat?p_codi=6000170020&amp;p_curs=2023-2024&amp;p_es_inscr=S\" target=\"_blank\" rel=\"noopener\">Inscripcions<\/a><\/strong><\/span><\/p>\n<p>Calendari: 27 de gener i 13 d&#8217;abril de 2024. Horari: de 10:00 a 12:00 h.<\/td>\n<\/tr>\n<tr style=\"height: 296px;\">\n<td style=\"width: 29.8484%; height: 125px;\"><a href=\"https:\/\/serveiseducatius.xtec.cat\/urgell\/wp-content\/uploads\/usu1142\/2024\/01\/ifest.png\"><img loading=\"lazy\" decoding=\"async\" class=\"aligncenter size-medium wp-image-23697\" src=\"https:\/\/serveiseducatius.xtec.cat\/urgell\/wp-content\/uploads\/usu1142\/2024\/01\/ifest-300x169.png\" alt=\"\" width=\"300\" height=\"169\" srcset=\"https:\/\/serveiseducatius.xtec.cat\/urgell\/wp-content\/uploads\/usu1142\/2024\/01\/ifest-300x169.png 300w, https:\/\/serveiseducatius.xtec.cat\/urgell\/wp-content\/uploads\/usu1142\/2024\/01\/ifest.png 735w\" sizes=\"auto, (max-width: 300px) 100vw, 300px\" \/><\/a><\/td>\n<td style=\"width: 69.8828%; height: 125px;\">\n<p style=\"text-align: justify;\">La Generalitat de Catalunya, a trav\u00e9s del lideratge dels Departaments d\u2019Educaci\u00f3, Cultura, Recerca i Universitats, Empresa i Treball i Acci\u00f3 Clim\u00e0tica, Alimentaci\u00f3 i Agenda Rural, posa en marxa la sisena edici\u00f3 de l\u2019<span style=\"color: #0000ff;\"><strong><a style=\"color: #0000ff;\" href=\"https:\/\/ifest.cat\/\" target=\"_blank\" rel=\"noopener\">iFest<\/a><\/strong><\/span>, un<strong> programa d\u2019emprenedoria i innovaci\u00f3<\/strong> que ofereix acompanyament als i les joves amb l\u2019objectiu de<strong> promoure el seu talent i fomentar la creaci\u00f3 de solucions als reptes de la societat.<\/strong><\/p>\n<p style=\"text-align: justify;\">Aquests <span style=\"color: #0000ff;\"><strong><a style=\"color: #0000ff;\" href=\"https:\/\/ifest.cat\/?anchor=reptes-inici\" target=\"_blank\" rel=\"noopener\">reptes<\/a> <\/strong><\/span>provenen de la <strong>ci\u00e8ncia, la tecnologia i la disrupci\u00f3<\/strong> i estan estretament vinculats als Objectius de Desenvolupament Sostenible (ODS). M\u00e9s <span style=\"color: #0000ff;\"><strong><a style=\"color: #0000ff;\" href=\"https:\/\/ifest.cat\/sobre-ifest\/?anchor=sobre-ifest\" target=\"_blank\" rel=\"noopener\">informaci\u00f3<\/a><\/strong><\/span><\/p>\n<\/td>\n<\/tr>\n<\/tbody>\n<\/table>\n<p>&nbsp;<\/p>\n","protected":false},"excerpt":{"rendered":"<p>Des del Programa Contra el Bullying de la Fundaci\u00f3 Bar\u00e7a ens envien acc\u00e9s als seus recursos de prevenci\u00f3 de Bullying i Cyberbullying per secund\u00e0ria i adolescents que creiem us poden acompanyar en aquest curs i sumar en la prevenci\u00f3 del fenomen al vostre institut. Partint de les eines que ofereixen les din\u00e0miques de l\u2019esport, lluiten [&hellip;]<\/p>\n","protected":false},"author":6,"featured_media":23605,"comment_status":"closed","ping_status":"closed","sticky":false,"template":"","format":"standard","meta":{"_bbp_topic_count":0,"_bbp_reply_count":0,"_bbp_total_topic_count":0,"_bbp_total_reply_count":0,"_bbp_voice_count":0,"_bbp_anonymous_reply_count":0,"_bbp_topic_count_hidden":0,"_bbp_reply_count_hidden":0,"_bbp_forum_subforum_count":0,"site-sidebar-layout":"default","site-content-layout":"","ast-site-content-layout":"","site-content-style":"default","site-sidebar-style":"default","ast-global-header-display":"","ast-banner-title-visibility":"","ast-main-header-display":"","ast-hfb-above-header-display":"","ast-hfb-below-header-display":"","ast-hfb-mobile-header-display":"","site-post-title":"","ast-breadcrumbs-content":"","ast-featured-img":"","footer-sml-layout":"","theme-transparent-header-meta":"","adv-header-id-meta":"","stick-header-meta":"","header-above-stick-meta":"","header-main-stick-meta":"","header-below-stick-meta":"","astra-migrate-meta-layouts":"default","ast-page-background-enabled":"default","ast-page-background-meta":{"desktop":{"background-color":"var(--ast-global-color-4)","background-image":"","background-repeat":"repeat","background-position":"center center","background-size":"auto","background-attachment":"scroll","background-type":"","background-media":"","overlay-type":"","overlay-color":"","overlay-opacity":"","overlay-gradient":""},"tablet":{"background-color":"","background-image":"","background-repeat":"repeat","background-position":"center center","background-size":"auto","background-attachment":"scroll","background-type":"","background-media":"","overlay-type":"","overlay-color":"","overlay-opacity":"","overlay-gradient":""},"mobile":{"background-color":"","background-image":"","background-repeat":"repeat","background-position":"center center","background-size":"auto","background-attachment":"scroll","background-type":"","background-media":"","overlay-type":"","overlay-color":"","overlay-opacity":"","overlay-gradient":""}},"ast-content-background-meta":{"desktop":{"background-color":"var(--ast-global-color-5)","background-image":"","background-repeat":"repeat","background-position":"center center","background-size":"auto","background-attachment":"scroll","background-type":"","background-media":"","overlay-type":"","overlay-color":"","overlay-opacity":"","overlay-gradient":""},"tablet":{"background-color":"var(--ast-global-color-5)","background-image":"","background-repeat":"repeat","background-position":"center center","background-size":"auto","background-attachment":"scroll","background-type":"","background-media":"","overlay-type":"","overlay-color":"","overlay-opacity":"","overlay-gradient":""},"mobile":{"background-color":"var(--ast-global-color-5)","background-image":"","background-repeat":"repeat","background-position":"center center","background-size":"auto","background-attachment":"scroll","background-type":"","background-media":"","overlay-type":"","overlay-color":"","overlay-opacity":"","overlay-gradient":""}},"footnotes":""},"categories":[291,1,29],"tags":[295],"class_list":["post-23682","post","type-post","status-publish","format-standard","has-post-thumbnail","hentry","category-full-informatiu","category-general","category-portada","tag-full-informatiu"],"post_mailing_queue_ids":[],"_links":{"self":[{"href":"https:\/\/serveiseducatius.xtec.cat\/urgell\/wp-json\/wp\/v2\/posts\/23682","targetHints":{"allow":["GET"]}}],"collection":[{"href":"https:\/\/serveiseducatius.xtec.cat\/urgell\/wp-json\/wp\/v2\/posts"}],"about":[{"href":"https:\/\/serveiseducatius.xtec.cat\/urgell\/wp-json\/wp\/v2\/types\/post"}],"author":[{"embeddable":true,"href":"https:\/\/serveiseducatius.xtec.cat\/urgell\/wp-json\/wp\/v2\/users\/6"}],"replies":[{"embeddable":true,"href":"https:\/\/serveiseducatius.xtec.cat\/urgell\/wp-json\/wp\/v2\/comments?post=23682"}],"version-history":[{"count":6,"href":"https:\/\/serveiseducatius.xtec.cat\/urgell\/wp-json\/wp\/v2\/posts\/23682\/revisions"}],"predecessor-version":[{"id":23705,"href":"https:\/\/serveiseducatius.xtec.cat\/urgell\/wp-json\/wp\/v2\/posts\/23682\/revisions\/23705"}],"wp:featuredmedia":[{"embeddable":true,"href":"https:\/\/serveiseducatius.xtec.cat\/urgell\/wp-json\/wp\/v2\/media\/23605"}],"wp:attachment":[{"href":"https:\/\/serveiseducatius.xtec.cat\/urgell\/wp-json\/wp\/v2\/media?parent=23682"}],"wp:term":[{"taxonomy":"category","embeddable":true,"href":"https:\/\/serveiseducatius.xtec.cat\/urgell\/wp-json\/wp\/v2\/categories?post=23682"},{"taxonomy":"post_tag","embeddable":true,"href":"https:\/\/serveiseducatius.xtec.cat\/urgell\/wp-json\/wp\/v2\/tags?post=23682"}],"curies":[{"name":"wp","href":"https:\/\/api.w.org\/{rel}","templated":true}]}}