{"id":22540,"date":"2023-01-09T13:49:38","date_gmt":"2023-01-09T12:49:38","guid":{"rendered":"https:\/\/serveiseducatius.xtec.cat\/urgell\/?p=22540"},"modified":"2023-02-15T12:53:16","modified_gmt":"2023-02-15T11:53:16","slug":"taller-daccio-tutorial-sexualitat-com-i-quan-parlar-de-sexualitat-amb-els-nostres-fills-es-a-carrec-delena-crespi-asensio","status":"publish","type":"post","link":"https:\/\/serveiseducatius.xtec.cat\/urgell\/general\/taller-daccio-tutorial-sexualitat-com-i-quan-parlar-de-sexualitat-amb-els-nostres-fills-es-a-carrec-delena-crespi-asensio\/","title":{"rendered":"Taller d&#8217;acci\u00f3 tutorial:\u00a0&#8220;Sexualitat: Com i quan parlar de sexualitat amb els nostres fills\/es&#8221;. A c\u00e0rrec d&#8217;Elena Crespi Asensio"},"content":{"rendered":"<p><a href=\"https:\/\/serveiseducatius.xtec.cat\/urgell\/wp-content\/uploads\/usu1142\/2023\/01\/SEXUALITAT.jpg\"><img loading=\"lazy\" decoding=\"async\" class=\"alignright wp-image-22541\" src=\"https:\/\/serveiseducatius.xtec.cat\/urgell\/wp-content\/uploads\/usu1142\/2023\/01\/SEXUALITAT-212x300.jpg\" alt=\"\" width=\"289\" height=\"409\" srcset=\"https:\/\/serveiseducatius.xtec.cat\/urgell\/wp-content\/uploads\/usu1142\/2023\/01\/SEXUALITAT-212x300.jpg 212w, https:\/\/serveiseducatius.xtec.cat\/urgell\/wp-content\/uploads\/usu1142\/2023\/01\/SEXUALITAT.jpg 658w\" sizes=\"auto, (max-width: 289px) 100vw, 289px\" \/><\/a>Arriba el segon\u00a0taller\u00a0del cicle de confer\u00e8ncies de Tallers\u00a0d&#8217;Acci\u00f3\u00a0Tutorial\u00a0<wbr \/>Compartida amb fam\u00edlies organitzat per PEE T\u00e0rrega.<\/p>\n<p>Aquesta activitat s&#8217;emmarca dins el Pla d&#8217;Acollida d&#8217;\u00c0mbit Municipal de T\u00e0rrega (PAAMT).<\/p>\n<div>\n<div><span style=\"font-family: arial, sans-serif;\"><img decoding=\"async\" class=\"an1\" src=\"https:\/\/fonts.gstatic.com\/s\/e\/notoemoji\/15.0\/1f5d3\/32.png\" alt=\"\ud83d\uddd3\" data-emoji=\"\ud83d\uddd3\" aria-label=\"\ud83d\uddd3\" \/>\u00a0El\u00a0taller\u00a0tindr\u00e0 lloc el\u00a0<b>dilluns 23\u00a0 de\u00a0 gener a les 19.00h<\/b>.\u00a0<\/span><\/div>\n<div><span style=\"font-family: arial, sans-serif;\"><span style=\"color: #000000;\"><b><img decoding=\"async\" class=\"an1\" src=\"https:\/\/fonts.gstatic.com\/s\/e\/notoemoji\/15.0\/1f6a9\/32.png\" alt=\"\ud83d\udea9\" data-emoji=\"\ud83d\udea9\" aria-label=\"\ud83d\udea9\" \/>\u00a0<\/b>Ser\u00e0 en format\u00a0<b>PRESENCIAL a la\u00a0<\/b><\/span><\/span><span style=\"color: #000000;\">Sala d&#8217;Actes del Servei Educatiu de l&#8217;Urgell (Av.Ondara, 3),\u00a0<b>T\u00e0rrega.<\/b><\/span><\/div>\n<div><span style=\"font-family: arial, sans-serif;\"><img decoding=\"async\" class=\"an1\" src=\"https:\/\/fonts.gstatic.com\/s\/e\/notoemoji\/15.0\/1f449\/32.png\" alt=\"\ud83d\udc49\" data-emoji=\"\ud83d\udc49\" aria-label=\"\ud83d\udc49\" \/>\u00a0Cal fer inscripci\u00f3 pr\u00e8via a trav\u00e9s de l&#8217;enlla\u00e7 al\u00a0<strong><a href=\"https:\/\/forms.gle\/u5kYgUth14pmNDBS6\" target=\"_blank\" rel=\"noopener\" data-saferedirecturl=\"https:\/\/www.google.com\/url?q=https:\/\/forms.gle\/u5kYgUth14pmNDBS6&amp;source=gmail&amp;ust=1673349730898000&amp;usg=AOvVaw2JOoividmFJqntJmWLrDOC\">formulari d&#8217;inscripci\u00f3.<\/a><\/strong><br \/>\n<\/span><\/div>\n<\/div>\n<div>\n<div>\n<div><\/div>\n<p><span style=\"color: #000000;\">L&#8217;activitat va adre\u00e7ada a\u00a0<\/span><span style=\"font-family: arial, sans-serif;\">fam\u00edlies amb infants i joves (franja 6-16 anys). <\/span><\/p>\n<p><span style=\"font-family: arial, sans-serif;\">Es tracta\u00a0d\u00b4un taller que vol donar resposta a inquietuds que les fam\u00edlies\/professionals de l\u00b4educaci\u00f3 amb in<\/span>fants i joves, puguin tenir al voltant de la sexualitat. Tamb\u00e9 ens aportar\u00e0 orientacions i recursos \u00fatils per a una educaci\u00f3 afectivosexual saludable.<\/p>\n<p>Termini m\u00e0xim per realitzar la inscripci\u00f3:\u00a0 <strong>dilluns 23 de gener a les 14.00h<\/strong><\/p>\n<\/div>\n<\/div>\n","protected":false},"excerpt":{"rendered":"<p>Arriba el segon\u00a0taller\u00a0del cicle de confer\u00e8ncies de Tallers\u00a0d&#8217;Acci\u00f3\u00a0Tutorial\u00a0Compartida amb fam\u00edlies organitzat per PEE T\u00e0rrega. Aquesta activitat s&#8217;emmarca dins el Pla d&#8217;Acollida d&#8217;\u00c0mbit Municipal de T\u00e0rrega (PAAMT). \u00a0El\u00a0taller\u00a0tindr\u00e0 lloc el\u00a0dilluns 23\u00a0 de\u00a0 gener a les 19.00h.\u00a0 \u00a0Ser\u00e0 en format\u00a0PRESENCIAL a la\u00a0Sala d&#8217;Actes del Servei Educatiu de l&#8217;Urgell (Av.Ondara, 3),\u00a0T\u00e0rrega. \u00a0Cal fer inscripci\u00f3 pr\u00e8via a trav\u00e9s de [&hellip;]<\/p>\n","protected":false},"author":6,"featured_media":22541,"comment_status":"closed","ping_status":"closed","sticky":false,"template":"","format":"standard","meta":{"_bbp_topic_count":0,"_bbp_reply_count":0,"_bbp_total_topic_count":0,"_bbp_total_reply_count":0,"_bbp_voice_count":0,"_bbp_anonymous_reply_count":0,"_bbp_topic_count_hidden":0,"_bbp_reply_count_hidden":0,"_bbp_forum_subforum_count":0,"site-sidebar-layout":"default","site-content-layout":"","ast-site-content-layout":"","site-content-style":"default","site-sidebar-style":"default","ast-global-header-display":"","ast-banner-title-visibility":"","ast-main-header-display":"","ast-hfb-above-header-display":"","ast-hfb-below-header-display":"","ast-hfb-mobile-header-display":"","site-post-title":"","ast-breadcrumbs-content":"","ast-featured-img":"","footer-sml-layout":"","theme-transparent-header-meta":"","adv-header-id-meta":"","stick-header-meta":"","header-above-stick-meta":"","header-main-stick-meta":"","header-below-stick-meta":"","astra-migrate-meta-layouts":"default","ast-page-background-enabled":"default","ast-page-background-meta":{"desktop":{"background-color":"var(--ast-global-color-4)","background-image":"","background-repeat":"repeat","background-position":"center center","background-size":"auto","background-attachment":"scroll","background-type":"","background-media":"","overlay-type":"","overlay-color":"","overlay-opacity":"","overlay-gradient":""},"tablet":{"background-color":"","background-image":"","background-repeat":"repeat","background-position":"center center","background-size":"auto","background-attachment":"scroll","background-type":"","background-media":"","overlay-type":"","overlay-color":"","overlay-opacity":"","overlay-gradient":""},"mobile":{"background-color":"","background-image":"","background-repeat":"repeat","background-position":"center center","background-size":"auto","background-attachment":"scroll","background-type":"","background-media":"","overlay-type":"","overlay-color":"","overlay-opacity":"","overlay-gradient":""}},"ast-content-background-meta":{"desktop":{"background-color":"var(--ast-global-color-5)","background-image":"","background-repeat":"repeat","background-position":"center center","background-size":"auto","background-attachment":"scroll","background-type":"","background-media":"","overlay-type":"","overlay-color":"","overlay-opacity":"","overlay-gradient":""},"tablet":{"background-color":"var(--ast-global-color-5)","background-image":"","background-repeat":"repeat","background-position":"center center","background-size":"auto","background-attachment":"scroll","background-type":"","background-media":"","overlay-type":"","overlay-color":"","overlay-opacity":"","overlay-gradient":""},"mobile":{"background-color":"var(--ast-global-color-5)","background-image":"","background-repeat":"repeat","background-position":"center center","background-size":"auto","background-attachment":"scroll","background-type":"","background-media":"","overlay-type":"","overlay-color":"","overlay-opacity":"","overlay-gradient":""}},"footnotes":""},"categories":[1,75],"tags":[439],"class_list":["post-22540","post","type-post","status-publish","format-standard","has-post-thumbnail","hentry","category-general","category-pee","tag-pee"],"post_mailing_queue_ids":[],"_links":{"self":[{"href":"https:\/\/serveiseducatius.xtec.cat\/urgell\/wp-json\/wp\/v2\/posts\/22540","targetHints":{"allow":["GET"]}}],"collection":[{"href":"https:\/\/serveiseducatius.xtec.cat\/urgell\/wp-json\/wp\/v2\/posts"}],"about":[{"href":"https:\/\/serveiseducatius.xtec.cat\/urgell\/wp-json\/wp\/v2\/types\/post"}],"author":[{"embeddable":true,"href":"https:\/\/serveiseducatius.xtec.cat\/urgell\/wp-json\/wp\/v2\/users\/6"}],"replies":[{"embeddable":true,"href":"https:\/\/serveiseducatius.xtec.cat\/urgell\/wp-json\/wp\/v2\/comments?post=22540"}],"version-history":[{"count":3,"href":"https:\/\/serveiseducatius.xtec.cat\/urgell\/wp-json\/wp\/v2\/posts\/22540\/revisions"}],"predecessor-version":[{"id":22557,"href":"https:\/\/serveiseducatius.xtec.cat\/urgell\/wp-json\/wp\/v2\/posts\/22540\/revisions\/22557"}],"wp:featuredmedia":[{"embeddable":true,"href":"https:\/\/serveiseducatius.xtec.cat\/urgell\/wp-json\/wp\/v2\/media\/22541"}],"wp:attachment":[{"href":"https:\/\/serveiseducatius.xtec.cat\/urgell\/wp-json\/wp\/v2\/media?parent=22540"}],"wp:term":[{"taxonomy":"category","embeddable":true,"href":"https:\/\/serveiseducatius.xtec.cat\/urgell\/wp-json\/wp\/v2\/categories?post=22540"},{"taxonomy":"post_tag","embeddable":true,"href":"https:\/\/serveiseducatius.xtec.cat\/urgell\/wp-json\/wp\/v2\/tags?post=22540"}],"curies":[{"name":"wp","href":"https:\/\/api.w.org\/{rel}","templated":true}]}}