{"id":21615,"date":"2021-10-22T10:06:03","date_gmt":"2021-10-22T08:06:03","guid":{"rendered":"https:\/\/serveiseducatius.xtec.cat\/urgell\/?p=21615"},"modified":"2025-12-16T13:56:22","modified_gmt":"2025-12-16T12:56:22","slug":"xviii-certamen-de-lectura-en-veu-alta-inscripcions-de-l1-doctubre-al-5-de-novembre","status":"publish","type":"post","link":"https:\/\/serveiseducatius.xtec.cat\/urgell\/general\/xviii-certamen-de-lectura-en-veu-alta-inscripcions-de-l1-doctubre-al-5-de-novembre\/","title":{"rendered":"XVIII Certamen de Lectura en Veu Alta (inscripcions de l&#8217;1 d&#8217;octubre al 5 de novembre)"},"content":{"rendered":"<p><strong>De l\u20191 d\u2019octubre al 5 de novembre<\/strong>\u00a0s\u2019ha obert el termini <strong><a href=\"https:\/\/www.lecturaenveualta.cat\/inscripcioxviii\/\" target=\"_blank\" rel=\"noopener\">d\u2019inscripci\u00f3<\/a><\/strong> al\u00a0<strong><a href=\"https:\/\/www.lecturaenveualta.cat\/qui-som\/\" target=\"_blank\" rel=\"noopener\">XVIII Certamen de Lectura en Veu Alta.<\/a><\/strong><\/p>\n<p>La novetat m\u00e9s important en les bases \u00e9s que no hi ha lectura obligat\u00f2ria &#8211; \u00e9s lliure &#8211; per a la final territorial (telem\u00e0tica). Us animem a participar-hi!<a href=\"https:\/\/serveiseducatius.xtec.cat\/urgell\/wp-content\/uploads\/usu1142\/2021\/10\/Captura-de-Pantalla-2021-10-22-a-les-9.55.44.png\">.<\/a><\/p>\n<p>M\u00e9s <strong><a href=\"https:\/\/www.lecturaenveualta.cat\/\" target=\"_blank\" rel=\"noopener\">informaci\u00f3<\/a><\/strong><a href=\"https:\/\/serveiseducatius.xtec.cat\/urgell\/wp-content\/uploads\/usu1142\/2021\/10\/Captura-de-Pantalla-2021-10-22-a-les-9.55.44.png\"><img loading=\"lazy\" decoding=\"async\" class=\"aligncenter size-large wp-image-21617\" src=\"https:\/\/serveiseducatius.xtec.cat\/urgell\/wp-content\/uploads\/usu1142\/2021\/10\/Captura-de-Pantalla-2021-10-22-a-les-9.55.44-1024x627.png\" alt=\"\" width=\"1024\" height=\"627\" srcset=\"https:\/\/serveiseducatius.xtec.cat\/urgell\/wp-content\/uploads\/usu1142\/2021\/10\/Captura-de-Pantalla-2021-10-22-a-les-9.55.44-1024x627.png 1024w, https:\/\/serveiseducatius.xtec.cat\/urgell\/wp-content\/uploads\/usu1142\/2021\/10\/Captura-de-Pantalla-2021-10-22-a-les-9.55.44-300x184.png 300w, https:\/\/serveiseducatius.xtec.cat\/urgell\/wp-content\/uploads\/usu1142\/2021\/10\/Captura-de-Pantalla-2021-10-22-a-les-9.55.44-768x470.png 768w, https:\/\/serveiseducatius.xtec.cat\/urgell\/wp-content\/uploads\/usu1142\/2021\/10\/Captura-de-Pantalla-2021-10-22-a-les-9.55.44.png 1153w\" sizes=\"auto, (max-width: 1024px) 100vw, 1024px\" \/><\/a><\/p>\n","protected":false},"excerpt":{"rendered":"<p>De l\u20191 d\u2019octubre al 5 de novembre\u00a0s\u2019ha obert el termini d\u2019inscripci\u00f3 al\u00a0XVIII Certamen de Lectura en Veu Alta. La novetat m\u00e9s important en les bases \u00e9s que no hi ha lectura obligat\u00f2ria &#8211; \u00e9s lliure &#8211; per a la final territorial (telem\u00e0tica). Us animem a participar-hi!. M\u00e9s informaci\u00f3<\/p>\n","protected":false},"author":6,"featured_media":21616,"comment_status":"closed","ping_status":"closed","sticky":false,"template":"","format":"standard","meta":{"_bbp_topic_count":0,"_bbp_reply_count":0,"_bbp_total_topic_count":0,"_bbp_total_reply_count":0,"_bbp_voice_count":0,"_bbp_anonymous_reply_count":0,"_bbp_topic_count_hidden":0,"_bbp_reply_count_hidden":0,"_bbp_forum_subforum_count":0,"site-sidebar-layout":"default","site-content-layout":"","ast-site-content-layout":"","site-content-style":"default","site-sidebar-style":"default","ast-global-header-display":"","ast-banner-title-visibility":"","ast-main-header-display":"","ast-hfb-above-header-display":"","ast-hfb-below-header-display":"","ast-hfb-mobile-header-display":"","site-post-title":"","ast-breadcrumbs-content":"","ast-featured-img":"","footer-sml-layout":"","theme-transparent-header-meta":"","adv-header-id-meta":"","stick-header-meta":"","header-above-stick-meta":"","header-main-stick-meta":"","header-below-stick-meta":"","astra-migrate-meta-layouts":"default","ast-page-background-enabled":"default","ast-page-background-meta":{"desktop":{"background-color":"var(--ast-global-color-4)","background-image":"","background-repeat":"repeat","background-position":"center center","background-size":"auto","background-attachment":"scroll","background-type":"","background-media":"","overlay-type":"","overlay-color":"","overlay-opacity":"","overlay-gradient":""},"tablet":{"background-color":"","background-image":"","background-repeat":"repeat","background-position":"center center","background-size":"auto","background-attachment":"scroll","background-type":"","background-media":"","overlay-type":"","overlay-color":"","overlay-opacity":"","overlay-gradient":""},"mobile":{"background-color":"","background-image":"","background-repeat":"repeat","background-position":"center center","background-size":"auto","background-attachment":"scroll","background-type":"","background-media":"","overlay-type":"","overlay-color":"","overlay-opacity":"","overlay-gradient":""}},"ast-content-background-meta":{"desktop":{"background-color":"var(--ast-global-color-5)","background-image":"","background-repeat":"repeat","background-position":"center center","background-size":"auto","background-attachment":"scroll","background-type":"","background-media":"","overlay-type":"","overlay-color":"","overlay-opacity":"","overlay-gradient":""},"tablet":{"background-color":"var(--ast-global-color-5)","background-image":"","background-repeat":"repeat","background-position":"center center","background-size":"auto","background-attachment":"scroll","background-type":"","background-media":"","overlay-type":"","overlay-color":"","overlay-opacity":"","overlay-gradient":""},"mobile":{"background-color":"var(--ast-global-color-5)","background-image":"","background-repeat":"repeat","background-position":"center center","background-size":"auto","background-attachment":"scroll","background-type":"","background-media":"","overlay-type":"","overlay-color":"","overlay-opacity":"","overlay-gradient":""}},"footnotes":""},"categories":[66,68,1,72,437,29],"tags":[440],"class_list":["post-21615","post","type-post","status-publish","format-standard","has-post-thumbnail","hentry","category-dinamitzacio","category-elic","category-general","category-lectura-en-veu-alta","category-lic","category-portada","tag-certamen-de-lectura-en-veu-alta"],"post_mailing_queue_ids":[],"_links":{"self":[{"href":"https:\/\/serveiseducatius.xtec.cat\/urgell\/wp-json\/wp\/v2\/posts\/21615","targetHints":{"allow":["GET"]}}],"collection":[{"href":"https:\/\/serveiseducatius.xtec.cat\/urgell\/wp-json\/wp\/v2\/posts"}],"about":[{"href":"https:\/\/serveiseducatius.xtec.cat\/urgell\/wp-json\/wp\/v2\/types\/post"}],"author":[{"embeddable":true,"href":"https:\/\/serveiseducatius.xtec.cat\/urgell\/wp-json\/wp\/v2\/users\/6"}],"replies":[{"embeddable":true,"href":"https:\/\/serveiseducatius.xtec.cat\/urgell\/wp-json\/wp\/v2\/comments?post=21615"}],"version-history":[{"count":2,"href":"https:\/\/serveiseducatius.xtec.cat\/urgell\/wp-json\/wp\/v2\/posts\/21615\/revisions"}],"predecessor-version":[{"id":21619,"href":"https:\/\/serveiseducatius.xtec.cat\/urgell\/wp-json\/wp\/v2\/posts\/21615\/revisions\/21619"}],"wp:featuredmedia":[{"embeddable":true,"href":"https:\/\/serveiseducatius.xtec.cat\/urgell\/wp-json\/wp\/v2\/media\/21616"}],"wp:attachment":[{"href":"https:\/\/serveiseducatius.xtec.cat\/urgell\/wp-json\/wp\/v2\/media?parent=21615"}],"wp:term":[{"taxonomy":"category","embeddable":true,"href":"https:\/\/serveiseducatius.xtec.cat\/urgell\/wp-json\/wp\/v2\/categories?post=21615"},{"taxonomy":"post_tag","embeddable":true,"href":"https:\/\/serveiseducatius.xtec.cat\/urgell\/wp-json\/wp\/v2\/tags?post=21615"}],"curies":[{"name":"wp","href":"https:\/\/api.w.org\/{rel}","templated":true}]}}