{"id":21453,"date":"2021-07-08T09:45:14","date_gmt":"2021-07-08T07:45:14","guid":{"rendered":"http:\/\/serveiseducatius.xtec.cat\/urgell\/?p=21453"},"modified":"2025-12-16T13:58:51","modified_gmt":"2025-12-16T12:58:51","slug":"20-anys-de-la-xarxa-un-projecte-pioner-daprenentatge-docent-entre-iguals-del-departament-deducacio","status":"publish","type":"post","link":"https:\/\/serveiseducatius.xtec.cat\/urgell\/portada\/20-anys-de-la-xarxa-un-projecte-pioner-daprenentatge-docent-entre-iguals-del-departament-deducacio\/","title":{"rendered":"20 anys de &#8220;la Xarxa&#8221;, un projecte pioner d&#8217;aprenentatge docent entre iguals"},"content":{"rendered":"<header>\n<div class=\"subtitle\">\n<p style=\"text-align: justify;\"><a href=\"https:\/\/serveiseducatius.xtec.cat\/urgell\/wp-content\/uploads\/usu1142\/2021\/07\/20-anys-de-xarxa_2-1-2048x1534.jpg\"><img loading=\"lazy\" decoding=\"async\" class=\"alignright size-medium wp-image-21454\" src=\"https:\/\/serveiseducatius.xtec.cat\/urgell\/wp-content\/uploads\/usu1142\/2021\/07\/20-anys-de-xarxa_2-1-2048x1534-300x225.jpg\" alt=\"\" width=\"300\" height=\"225\" srcset=\"https:\/\/serveiseducatius.xtec.cat\/urgell\/wp-content\/uploads\/usu1142\/2021\/07\/20-anys-de-xarxa_2-1-2048x1534-300x225.jpg 300w, https:\/\/serveiseducatius.xtec.cat\/urgell\/wp-content\/uploads\/usu1142\/2021\/07\/20-anys-de-xarxa_2-1-2048x1534-768x575.jpg 768w, https:\/\/serveiseducatius.xtec.cat\/urgell\/wp-content\/uploads\/usu1142\/2021\/07\/20-anys-de-xarxa_2-1-2048x1534-1024x767.jpg 1024w, https:\/\/serveiseducatius.xtec.cat\/urgell\/wp-content\/uploads\/usu1142\/2021\/07\/20-anys-de-xarxa_2-1-2048x1534-200x150.jpg 200w, https:\/\/serveiseducatius.xtec.cat\/urgell\/wp-content\/uploads\/usu1142\/2021\/07\/20-anys-de-xarxa_2-1-2048x1534.jpg 2048w\" sizes=\"auto, (max-width: 300px) 100vw, 300px\" \/><\/a>La <strong>Xarxa de Compet\u00e8ncies B\u00e0siques<\/strong> celebra enguany el seu vint\u00e8 aniversari. Al llarg d\u2019aquests 20 anys, la Xarxa ha aplegat docents de tot Catalunya amb voluntat de repensar els processos d\u2019ensenyament i aprenentatge en els seus centres, per mitj\u00e0 de la formaci\u00f3 entre iguals i en xarxa, amb vistes a compartir i a enriquir-se m\u00fatuament per millorar els aprenentatges de tots els alumnes.<\/p>\n<\/div>\n<\/header>\n<p class=\"entry-content\">Si no v\u00e0reu poder assistir a la <strong>XIX Jornada Anual<\/strong> del passat 2 de juliol, trobareu tota la sessi\u00f3 al <strong><a href=\"https:\/\/www.youtube.com\/watch?v=HQQ9WA-R07c\" target=\"_blank\" rel=\"noopener noreferrer\">Canal Youtube de la Xarxa<\/a><\/strong> i totes les presentacions dels centres educatius a l&#8217;<strong>Espai Compartim<\/strong> a les <strong>21 sales e<\/strong>n el <strong><a href=\"https:\/\/blocs.xtec.cat\/19jornadaxarxacb\/espai-compartim-2\/\" target=\"_blank\" rel=\"noopener noreferrer\">bloc de la Jornada.<\/a><\/strong><\/p>\n","protected":false},"excerpt":{"rendered":"<p>La Xarxa de Compet\u00e8ncies B\u00e0siques celebra enguany el seu vint\u00e8 aniversari. Al llarg d\u2019aquests 20 anys, la Xarxa ha aplegat docents de tot Catalunya amb voluntat de repensar els processos d\u2019ensenyament i aprenentatge en els seus centres, per mitj\u00e0 de la formaci\u00f3 entre iguals i en xarxa, amb vistes a compartir i a enriquir-se m\u00fatuament [&hellip;]<\/p>\n","protected":false},"author":6,"featured_media":21454,"comment_status":"closed","ping_status":"closed","sticky":false,"template":"","format":"standard","meta":{"_bbp_topic_count":0,"_bbp_reply_count":0,"_bbp_total_topic_count":0,"_bbp_total_reply_count":0,"_bbp_voice_count":0,"_bbp_anonymous_reply_count":0,"_bbp_topic_count_hidden":0,"_bbp_reply_count_hidden":0,"_bbp_forum_subforum_count":0,"site-sidebar-layout":"default","site-content-layout":"","ast-site-content-layout":"","site-content-style":"default","site-sidebar-style":"default","ast-global-header-display":"","ast-banner-title-visibility":"","ast-main-header-display":"","ast-hfb-above-header-display":"","ast-hfb-below-header-display":"","ast-hfb-mobile-header-display":"","site-post-title":"","ast-breadcrumbs-content":"","ast-featured-img":"","footer-sml-layout":"","theme-transparent-header-meta":"","adv-header-id-meta":"","stick-header-meta":"","header-above-stick-meta":"","header-main-stick-meta":"","header-below-stick-meta":"","astra-migrate-meta-layouts":"default","ast-page-background-enabled":"default","ast-page-background-meta":{"desktop":{"background-color":"var(--ast-global-color-4)","background-image":"","background-repeat":"repeat","background-position":"center center","background-size":"auto","background-attachment":"scroll","background-type":"","background-media":"","overlay-type":"","overlay-color":"","overlay-opacity":"","overlay-gradient":""},"tablet":{"background-color":"","background-image":"","background-repeat":"repeat","background-position":"center center","background-size":"auto","background-attachment":"scroll","background-type":"","background-media":"","overlay-type":"","overlay-color":"","overlay-opacity":"","overlay-gradient":""},"mobile":{"background-color":"","background-image":"","background-repeat":"repeat","background-position":"center center","background-size":"auto","background-attachment":"scroll","background-type":"","background-media":"","overlay-type":"","overlay-color":"","overlay-opacity":"","overlay-gradient":""}},"ast-content-background-meta":{"desktop":{"background-color":"var(--ast-global-color-5)","background-image":"","background-repeat":"repeat","background-position":"center center","background-size":"auto","background-attachment":"scroll","background-type":"","background-media":"","overlay-type":"","overlay-color":"","overlay-opacity":"","overlay-gradient":""},"tablet":{"background-color":"var(--ast-global-color-5)","background-image":"","background-repeat":"repeat","background-position":"center center","background-size":"auto","background-attachment":"scroll","background-type":"","background-media":"","overlay-type":"","overlay-color":"","overlay-opacity":"","overlay-gradient":""},"mobile":{"background-color":"var(--ast-global-color-5)","background-image":"","background-repeat":"repeat","background-position":"center center","background-size":"auto","background-attachment":"scroll","background-type":"","background-media":"","overlay-type":"","overlay-color":"","overlay-opacity":"","overlay-gradient":""}},"footnotes":""},"categories":[29,63],"tags":[],"class_list":["post-21453","post","type-post","status-publish","format-standard","has-post-thumbnail","hentry","category-portada","category-xarxa_cb"],"post_mailing_queue_ids":[],"_links":{"self":[{"href":"https:\/\/serveiseducatius.xtec.cat\/urgell\/wp-json\/wp\/v2\/posts\/21453","targetHints":{"allow":["GET"]}}],"collection":[{"href":"https:\/\/serveiseducatius.xtec.cat\/urgell\/wp-json\/wp\/v2\/posts"}],"about":[{"href":"https:\/\/serveiseducatius.xtec.cat\/urgell\/wp-json\/wp\/v2\/types\/post"}],"author":[{"embeddable":true,"href":"https:\/\/serveiseducatius.xtec.cat\/urgell\/wp-json\/wp\/v2\/users\/6"}],"replies":[{"embeddable":true,"href":"https:\/\/serveiseducatius.xtec.cat\/urgell\/wp-json\/wp\/v2\/comments?post=21453"}],"version-history":[{"count":3,"href":"https:\/\/serveiseducatius.xtec.cat\/urgell\/wp-json\/wp\/v2\/posts\/21453\/revisions"}],"predecessor-version":[{"id":21457,"href":"https:\/\/serveiseducatius.xtec.cat\/urgell\/wp-json\/wp\/v2\/posts\/21453\/revisions\/21457"}],"wp:featuredmedia":[{"embeddable":true,"href":"https:\/\/serveiseducatius.xtec.cat\/urgell\/wp-json\/wp\/v2\/media\/21454"}],"wp:attachment":[{"href":"https:\/\/serveiseducatius.xtec.cat\/urgell\/wp-json\/wp\/v2\/media?parent=21453"}],"wp:term":[{"taxonomy":"category","embeddable":true,"href":"https:\/\/serveiseducatius.xtec.cat\/urgell\/wp-json\/wp\/v2\/categories?post=21453"},{"taxonomy":"post_tag","embeddable":true,"href":"https:\/\/serveiseducatius.xtec.cat\/urgell\/wp-json\/wp\/v2\/tags?post=21453"}],"curies":[{"name":"wp","href":"https:\/\/api.w.org\/{rel}","templated":true}]}}