{"id":21227,"date":"2021-04-26T12:39:14","date_gmt":"2021-04-26T10:39:14","guid":{"rendered":"http:\/\/serveiseducatius.xtec.cat\/urgell\/?p=21227"},"modified":"2021-04-26T12:42:00","modified_gmt":"2021-04-26T10:42:00","slug":"presentacio-del-monografic-acompanyament-educatiu-i-social-a-persones-trans-en-la-infancia-i-ladolescencia","status":"publish","type":"post","link":"https:\/\/serveiseducatius.xtec.cat\/urgell\/general\/presentacio-del-monografic-acompanyament-educatiu-i-social-a-persones-trans-en-la-infancia-i-ladolescencia\/","title":{"rendered":"Presentaci\u00f3 del monogr\u00e0fic &#8220;Acompanyament educatiu i social a persones trans* en la inf\u00e0ncia i l&#8217;adolesc\u00e8ncia&#8221;"},"content":{"rendered":"<p style=\"text-align: justify;\"><a href=\"https:\/\/serveiseducatius.xtec.cat\/urgell\/wp-content\/uploads\/usu1142\/2021\/04\/PERSONES-TRANS-2.jpg\"><img loading=\"lazy\" decoding=\"async\" class=\"alignright size-medium wp-image-21228\" src=\"https:\/\/serveiseducatius.xtec.cat\/urgell\/wp-content\/uploads\/usu1142\/2021\/04\/PERSONES-TRANS-2-212x300.jpg\" alt=\"\" width=\"212\" height=\"300\" srcset=\"https:\/\/serveiseducatius.xtec.cat\/urgell\/wp-content\/uploads\/usu1142\/2021\/04\/PERSONES-TRANS-2-212x300.jpg 212w, https:\/\/serveiseducatius.xtec.cat\/urgell\/wp-content\/uploads\/usu1142\/2021\/04\/PERSONES-TRANS-2-768x1086.jpg 768w, https:\/\/serveiseducatius.xtec.cat\/urgell\/wp-content\/uploads\/usu1142\/2021\/04\/PERSONES-TRANS-2-724x1024.jpg 724w, https:\/\/serveiseducatius.xtec.cat\/urgell\/wp-content\/uploads\/usu1142\/2021\/04\/PERSONES-TRANS-2.jpg 1587w\" sizes=\"auto, (max-width: 212px) 100vw, 212px\" \/><\/a><strong>Dia<\/strong>: dilluns 17 de maig de 2021<\/p>\n<p><strong>Hora<\/strong>: 17:30 a 19:30 h<\/p>\n<p><strong>Lloc<\/strong>: Telem\u00e0tic (<a href=\"https:\/\/meet.jit.si\/se_urgell\" target=\"_blank\" rel=\"noopener noreferrer\">https:\/\/meet.jit.si\/se_urgell<\/a>)<\/p>\n<p><strong>Inscripci\u00f3 oberta <\/strong>(<a href=\"https:\/\/docs.google.com\/forms\/d\/e\/1FAIpQLSdqSy_32W1beAX6vMl9ZR7_dtbSqTsdGQvQrjX7U06rSSXk9w\/viewform\" target=\"_blank\" rel=\"noopener noreferrer\">enlla\u00e7<\/a>)<\/p>\n<p style=\"text-align: justify;\">Gran part de la societat continua associant la identitat sexual amb els genitals, \u00e9s a dir: s\u2019\u00e9s nen\/noi\/home quan es t\u00e9 penis i s\u2019\u00e9s nena\/noia\/dona quan es t\u00e9 vulva. <strong>Ara b\u00e9, la identitat de g\u00e8nere i la identitat sexual d\u2019una persona van m\u00e9s enll\u00e0 de l\u2019apreciaci\u00f3 dels seus genitals externs.<\/strong> Han de separar-se els conceptes d\u2019identitat de g\u00e8nere, identitat sexual i expressi\u00f3 de g\u00e8nere. La <strong>discriminaci\u00f3<\/strong>, l\u2019<strong>exclusi\u00f3<\/strong> i la <strong>viol\u00e8ncia<\/strong> per motius d\u2019identitat sexual, identitat de g\u00e8nere i expressi\u00f3 de g\u00e8nere succeeixen amb freq\u00fc\u00e8ncia a la nostra societat.<\/p>\n<p style=\"text-align: justify;\">\u00c9s especialment rellevant la <strong>transf\u00f2bia<\/strong> que t\u00e9 lloc als <strong>centres escolars<\/strong> davant el silenci o el desconeixement del professorat, dels equips directius i de les mateixes fam\u00edlies. Atenent als principis generals de la Convenci\u00f3 dels Drets de l\u2019Infant, i d\u2019acord amb les lleis de protecci\u00f3 estatals i auton\u00f2miques, ha d\u2019impulsar-se l\u2019acompanyament educatiu i social dels nens, nenes i adolescents trans* que contempli el reconeixement de les seves facultats i l\u2019exercici dels seus drets d\u2019acord amb la seva edat i maduresa. <strong>Els centres educatius es configuren com un dels espais de socialitzaci\u00f3 m\u00e9s rellevants en la vida de les persones.<\/strong><\/p>\n<p style=\"text-align: justify;\">Totes les persones implicades en processos, espais i moments educatius n\u2019han de prendre consci\u00e8ncia per poder evitar o eliminar possibles desigualtats, dificultats i viol\u00e8ncies.\u00a0 La mirada que adoptem davant la diversitat, els escenaris i les relacions en qu\u00e8 s\u2019estableix l\u2019acompanyament educatiu i social dels nens, nenes i adolescents trans* als centres educatius han d\u2019estar int\u00edmament relacionada i present en qualsevol intervenci\u00f3. <strong>\u00c9s necessari el canvi d\u2019un enfocament patologitzador cap a un enfocament de diversitat en l\u2019acompanyament de la inf\u00e0ncia i l\u2019adolesc\u00e8ncia trans*<\/strong><\/p>\n<p>\u00c9s per aix\u00f2 que convidem a totes les persones &#8211; docents, educadors, fam\u00edlies &#8211; a assistir a la presentaci\u00f3 d&#8217;aquest monogr\u00e0fic.<\/p>\n","protected":false},"excerpt":{"rendered":"<p>Dia: dilluns 17 de maig de 2021 Hora: 17:30 a 19:30 h Lloc: Telem\u00e0tic (https:\/\/meet.jit.si\/se_urgell) Inscripci\u00f3 oberta (enlla\u00e7) Gran part de la societat continua associant la identitat sexual amb els genitals, \u00e9s a dir: s\u2019\u00e9s nen\/noi\/home quan es t\u00e9 penis i s\u2019\u00e9s nena\/noia\/dona quan es t\u00e9 vulva. Ara b\u00e9, la identitat de g\u00e8nere i la [&hellip;]<\/p>\n","protected":false},"author":6,"featured_media":21228,"comment_status":"closed","ping_status":"closed","sticky":false,"template":"","format":"standard","meta":{"_bbp_topic_count":0,"_bbp_reply_count":0,"_bbp_total_topic_count":0,"_bbp_total_reply_count":0,"_bbp_voice_count":0,"_bbp_anonymous_reply_count":0,"_bbp_topic_count_hidden":0,"_bbp_reply_count_hidden":0,"_bbp_forum_subforum_count":0,"site-sidebar-layout":"default","site-content-layout":"","ast-site-content-layout":"","site-content-style":"default","site-sidebar-style":"default","ast-global-header-display":"","ast-banner-title-visibility":"","ast-main-header-display":"","ast-hfb-above-header-display":"","ast-hfb-below-header-display":"","ast-hfb-mobile-header-display":"","site-post-title":"","ast-breadcrumbs-content":"","ast-featured-img":"","footer-sml-layout":"","theme-transparent-header-meta":"","adv-header-id-meta":"","stick-header-meta":"","header-above-stick-meta":"","header-main-stick-meta":"","header-below-stick-meta":"","astra-migrate-meta-layouts":"default","ast-page-background-enabled":"default","ast-page-background-meta":{"desktop":{"background-color":"var(--ast-global-color-4)","background-image":"","background-repeat":"repeat","background-position":"center center","background-size":"auto","background-attachment":"scroll","background-type":"","background-media":"","overlay-type":"","overlay-color":"","overlay-opacity":"","overlay-gradient":""},"tablet":{"background-color":"","background-image":"","background-repeat":"repeat","background-position":"center center","background-size":"auto","background-attachment":"scroll","background-type":"","background-media":"","overlay-type":"","overlay-color":"","overlay-opacity":"","overlay-gradient":""},"mobile":{"background-color":"","background-image":"","background-repeat":"repeat","background-position":"center center","background-size":"auto","background-attachment":"scroll","background-type":"","background-media":"","overlay-type":"","overlay-color":"","overlay-opacity":"","overlay-gradient":""}},"ast-content-background-meta":{"desktop":{"background-color":"var(--ast-global-color-5)","background-image":"","background-repeat":"repeat","background-position":"center center","background-size":"auto","background-attachment":"scroll","background-type":"","background-media":"","overlay-type":"","overlay-color":"","overlay-opacity":"","overlay-gradient":""},"tablet":{"background-color":"var(--ast-global-color-5)","background-image":"","background-repeat":"repeat","background-position":"center center","background-size":"auto","background-attachment":"scroll","background-type":"","background-media":"","overlay-type":"","overlay-color":"","overlay-opacity":"","overlay-gradient":""},"mobile":{"background-color":"var(--ast-global-color-5)","background-image":"","background-repeat":"repeat","background-position":"center center","background-size":"auto","background-attachment":"scroll","background-type":"","background-media":"","overlay-type":"","overlay-color":"","overlay-opacity":"","overlay-gradient":""}},"footnotes":""},"categories":[297,67,1,29],"tags":[488],"class_list":["post-21227","post","type-post","status-publish","format-standard","has-post-thumbnail","hentry","category-conferencia","category-eap","category-general","category-portada","tag-acompanyament"],"post_mailing_queue_ids":[],"_links":{"self":[{"href":"https:\/\/serveiseducatius.xtec.cat\/urgell\/wp-json\/wp\/v2\/posts\/21227","targetHints":{"allow":["GET"]}}],"collection":[{"href":"https:\/\/serveiseducatius.xtec.cat\/urgell\/wp-json\/wp\/v2\/posts"}],"about":[{"href":"https:\/\/serveiseducatius.xtec.cat\/urgell\/wp-json\/wp\/v2\/types\/post"}],"author":[{"embeddable":true,"href":"https:\/\/serveiseducatius.xtec.cat\/urgell\/wp-json\/wp\/v2\/users\/6"}],"replies":[{"embeddable":true,"href":"https:\/\/serveiseducatius.xtec.cat\/urgell\/wp-json\/wp\/v2\/comments?post=21227"}],"version-history":[{"count":1,"href":"https:\/\/serveiseducatius.xtec.cat\/urgell\/wp-json\/wp\/v2\/posts\/21227\/revisions"}],"predecessor-version":[{"id":21229,"href":"https:\/\/serveiseducatius.xtec.cat\/urgell\/wp-json\/wp\/v2\/posts\/21227\/revisions\/21229"}],"wp:featuredmedia":[{"embeddable":true,"href":"https:\/\/serveiseducatius.xtec.cat\/urgell\/wp-json\/wp\/v2\/media\/21228"}],"wp:attachment":[{"href":"https:\/\/serveiseducatius.xtec.cat\/urgell\/wp-json\/wp\/v2\/media?parent=21227"}],"wp:term":[{"taxonomy":"category","embeddable":true,"href":"https:\/\/serveiseducatius.xtec.cat\/urgell\/wp-json\/wp\/v2\/categories?post=21227"},{"taxonomy":"post_tag","embeddable":true,"href":"https:\/\/serveiseducatius.xtec.cat\/urgell\/wp-json\/wp\/v2\/tags?post=21227"}],"curies":[{"name":"wp","href":"https:\/\/api.w.org\/{rel}","templated":true}]}}