{"id":21153,"date":"2021-04-19T09:14:18","date_gmt":"2021-04-19T07:14:18","guid":{"rendered":"http:\/\/serveiseducatius.xtec.cat\/urgell\/?p=21153"},"modified":"2021-04-22T10:27:10","modified_gmt":"2021-04-22T08:27:10","slug":"mirall-trencat-1r-colloqui-entre-actors-i-alumnes-de-2n-de-batxillerat","status":"publish","type":"post","link":"https:\/\/serveiseducatius.xtec.cat\/urgell\/portada\/mirall-trencat-1r-colloqui-entre-actors-i-alumnes-de-2n-de-batxillerat\/","title":{"rendered":"Mirall trencat (Primer  col\u00b7loqui entre actors i alumnes de 2n de batxillerat)"},"content":{"rendered":"<p><a href=\"https:\/\/serveiseducatius.xtec.cat\/urgell\/wp-content\/uploads\/usu1142\/2021\/04\/col\u00b7loqui-16-abril.png\"><img loading=\"lazy\" decoding=\"async\" class=\"alignright wp-image-21154\" src=\"https:\/\/serveiseducatius.xtec.cat\/urgell\/wp-content\/uploads\/usu1142\/2021\/04\/col\u00b7loqui-16-abril-300x153.png\" alt=\"\" width=\"402\" height=\"205\" \/><\/a>El passat <strong>divendres dia 16 d&#8217;abril<\/strong> va tenir lloc el primer dels col\u00b7loquis entre els actors de l&#8217;obra <strong>Mirall trencat<\/strong> teatralitzada per la <strong><a href=\"https:\/\/ciameaculpa.cat\/espectacles\/mirall-trencat\/\" target=\"_blank\" rel=\"noopener noreferrer\">Companyia Mea Culpa<\/a><\/strong> i els alumnes de segon de batxillerat dels centres INS Alfons Costafreda (T\u00e0rrega), INS Manuel de Pedrolo (T\u00e0rrega) i INS Ribera del Si\u00f3 (Agramunt).<\/p>\n<p>Un total de 92 alumnes es van connectar a les 16 h de la tarda en videoconfer\u00e8ncia amb tot el repartiment de l&#8217;obra: la <strong>Ma \u00c0ngels Largo<\/strong>, la <strong>S\u00edlvia Forns<\/strong> i l&#8217;<strong>Eduard Mauri<\/strong> despr\u00e9s d&#8217;haver visionat l&#8217;obra enregistrada i van poder preguntar-los un munt de q\u00fcestions sobre l&#8217;obra, la trama, els personatges, les simbologies, la posada en escena&#8230;una hora i mitja gaireb\u00e9 de preguntes &#8211; molt ben preparades per l&#8217;alumnat &#8211; \u00a0 i respostes que van acabar configurant un debat molt interessant.<\/p>\n<p>El proper dimarts 27 d&#8217;abril a les 16 h farem el segon dels debats amb la resta de centres de l&#8217;Urgell.<\/p>\n<p>El Consell Comarcal de l\u2019Urgell subvenciona el 100% del cost de l\u2019activitat amb la col\u00b7laboraci\u00f3 de la Diputaci\u00f3 de Lleida i l\u2019Institut d\u2019Estudis Ilerdencs, dins del pla per a ens locals en l\u2019\u00e0mbit de la Cultura.<\/p>\n<p>&nbsp;<\/p>\n","protected":false},"excerpt":{"rendered":"<p>El passat divendres dia 16 d&#8217;abril va tenir lloc el primer dels col\u00b7loquis entre els actors de l&#8217;obra Mirall trencat teatralitzada per la Companyia Mea Culpa i els alumnes de segon de batxillerat dels centres INS Alfons Costafreda (T\u00e0rrega), INS Manuel de Pedrolo (T\u00e0rrega) i INS Ribera del Si\u00f3 (Agramunt). Un total de 92 alumnes [&hellip;]<\/p>\n","protected":false},"author":6,"featured_media":0,"comment_status":"closed","ping_status":"closed","sticky":false,"template":"","format":"standard","meta":{"_bbp_topic_count":0,"_bbp_reply_count":0,"_bbp_total_topic_count":0,"_bbp_total_reply_count":0,"_bbp_voice_count":0,"_bbp_anonymous_reply_count":0,"_bbp_topic_count_hidden":0,"_bbp_reply_count_hidden":0,"_bbp_forum_subforum_count":0,"site-sidebar-layout":"default","site-content-layout":"","ast-site-content-layout":"","site-content-style":"default","site-sidebar-style":"default","ast-global-header-display":"","ast-banner-title-visibility":"","ast-main-header-display":"","ast-hfb-above-header-display":"","ast-hfb-below-header-display":"","ast-hfb-mobile-header-display":"","site-post-title":"","ast-breadcrumbs-content":"","ast-featured-img":"","footer-sml-layout":"","theme-transparent-header-meta":"","adv-header-id-meta":"","stick-header-meta":"","header-above-stick-meta":"","header-main-stick-meta":"","header-below-stick-meta":"","astra-migrate-meta-layouts":"default","ast-page-background-enabled":"default","ast-page-background-meta":{"desktop":{"background-color":"var(--ast-global-color-4)","background-image":"","background-repeat":"repeat","background-position":"center center","background-size":"auto","background-attachment":"scroll","background-type":"","background-media":"","overlay-type":"","overlay-color":"","overlay-opacity":"","overlay-gradient":""},"tablet":{"background-color":"","background-image":"","background-repeat":"repeat","background-position":"center center","background-size":"auto","background-attachment":"scroll","background-type":"","background-media":"","overlay-type":"","overlay-color":"","overlay-opacity":"","overlay-gradient":""},"mobile":{"background-color":"","background-image":"","background-repeat":"repeat","background-position":"center center","background-size":"auto","background-attachment":"scroll","background-type":"","background-media":"","overlay-type":"","overlay-color":"","overlay-opacity":"","overlay-gradient":""}},"ast-content-background-meta":{"desktop":{"background-color":"var(--ast-global-color-5)","background-image":"","background-repeat":"repeat","background-position":"center center","background-size":"auto","background-attachment":"scroll","background-type":"","background-media":"","overlay-type":"","overlay-color":"","overlay-opacity":"","overlay-gradient":""},"tablet":{"background-color":"var(--ast-global-color-5)","background-image":"","background-repeat":"repeat","background-position":"center center","background-size":"auto","background-attachment":"scroll","background-type":"","background-media":"","overlay-type":"","overlay-color":"","overlay-opacity":"","overlay-gradient":""},"mobile":{"background-color":"var(--ast-global-color-5)","background-image":"","background-repeat":"repeat","background-position":"center center","background-size":"auto","background-attachment":"scroll","background-type":"","background-media":"","overlay-type":"","overlay-color":"","overlay-opacity":"","overlay-gradient":""}},"footnotes":""},"categories":[29,282],"tags":[284,285],"class_list":["post-21153","post","type-post","status-publish","format-standard","hentry","category-portada","category-programa_comarcal_educacio","tag-programa-comarcal-de-suport-a-leducacio","tag-teatre"],"post_mailing_queue_ids":[],"_links":{"self":[{"href":"https:\/\/serveiseducatius.xtec.cat\/urgell\/wp-json\/wp\/v2\/posts\/21153","targetHints":{"allow":["GET"]}}],"collection":[{"href":"https:\/\/serveiseducatius.xtec.cat\/urgell\/wp-json\/wp\/v2\/posts"}],"about":[{"href":"https:\/\/serveiseducatius.xtec.cat\/urgell\/wp-json\/wp\/v2\/types\/post"}],"author":[{"embeddable":true,"href":"https:\/\/serveiseducatius.xtec.cat\/urgell\/wp-json\/wp\/v2\/users\/6"}],"replies":[{"embeddable":true,"href":"https:\/\/serveiseducatius.xtec.cat\/urgell\/wp-json\/wp\/v2\/comments?post=21153"}],"version-history":[{"count":3,"href":"https:\/\/serveiseducatius.xtec.cat\/urgell\/wp-json\/wp\/v2\/posts\/21153\/revisions"}],"predecessor-version":[{"id":21198,"href":"https:\/\/serveiseducatius.xtec.cat\/urgell\/wp-json\/wp\/v2\/posts\/21153\/revisions\/21198"}],"wp:attachment":[{"href":"https:\/\/serveiseducatius.xtec.cat\/urgell\/wp-json\/wp\/v2\/media?parent=21153"}],"wp:term":[{"taxonomy":"category","embeddable":true,"href":"https:\/\/serveiseducatius.xtec.cat\/urgell\/wp-json\/wp\/v2\/categories?post=21153"},{"taxonomy":"post_tag","embeddable":true,"href":"https:\/\/serveiseducatius.xtec.cat\/urgell\/wp-json\/wp\/v2\/tags?post=21153"}],"curies":[{"name":"wp","href":"https:\/\/api.w.org\/{rel}","templated":true}]}}