{"id":20867,"date":"2021-01-29T15:36:30","date_gmt":"2021-01-29T14:36:30","guid":{"rendered":"http:\/\/serveiseducatius.xtec.cat\/urgell\/?p=20867"},"modified":"2025-12-16T16:04:07","modified_gmt":"2025-12-16T15:04:07","slug":"el-pla-educatiu-dentorn-de-tarrega-inaugura-lexposicio-tantes-persones-tantes-cultures-sumem","status":"publish","type":"post","link":"https:\/\/serveiseducatius.xtec.cat\/urgell\/general\/el-pla-educatiu-dentorn-de-tarrega-inaugura-lexposicio-tantes-persones-tantes-cultures-sumem\/","title":{"rendered":"El Pla Educatiu d&#8217;Entorn de T\u00e0rrega inaugura l&#8217;exposici\u00f3 &#8220;Tantes persones, tantes cultures + Sumem&#8221;"},"content":{"rendered":"<p><a href=\"https:\/\/serveiseducatius.xtec.cat\/urgell\/wp-content\/uploads\/usu1142\/2021\/01\/manifest.png\"><img loading=\"lazy\" decoding=\"async\" class=\"alignright size-medium wp-image-20868\" src=\"https:\/\/serveiseducatius.xtec.cat\/urgell\/wp-content\/uploads\/usu1142\/2021\/01\/manifest-214x300.png\" alt=\"\" width=\"214\" height=\"300\" srcset=\"https:\/\/serveiseducatius.xtec.cat\/urgell\/wp-content\/uploads\/usu1142\/2021\/01\/manifest-214x300.png 214w, https:\/\/serveiseducatius.xtec.cat\/urgell\/wp-content\/uploads\/usu1142\/2021\/01\/manifest.png 629w\" sizes=\"auto, (max-width: 214px) 100vw, 214px\" \/><\/a>Avui ha tingut lloc l&#8217;acte inaugural de l&#8217;exposici\u00f3 &#8220;Tantes persones, tantes cultures + Sumem&#8221; a la pla\u00e7a Sant Antoni de T\u00e0rrega per celebrar el Dia Escolar de la No-Viol\u00e8ncia i la Pau (DENIP).<br \/>\nL&#8217;acte ha comptat amb la pres\u00e8ncia del regidor d&#8217;Educaci\u00f3 de l&#8217;Ajuntament de T\u00e0rrega, el Sr. Xavier Rosell-Aparicio,\u00a0 i els membres de la comissi\u00f3 operativa del PEE : Mar L\u00f3pez (T\u00e8cnica d&#8217;Educaci\u00f3 de l&#8217;Ajuntament de T\u00e0rrega), Anna Teixid\u00f3 ( Orientadora d&#8217;\u00c0mbit Comunitari del PEE) i l&#8217;Eric Hern\u00e0ndez ( T\u00e8cnic docent LIC del PEE)<\/p>\n<p>Durant l&#8217;acte s&#8217;ha procedit a la lectura d&#8217;un manifest de pau elaborat per per a aquesta iniciativa, acompanyat d&#8217;una can\u00e7\u00f3 per cloure l&#8217;esdeveniment.<\/p>\n<p>Tamb\u00e9 s&#8217;ha volgut remarcar la sensibilitzaci\u00f3 en educaci\u00f3 intercultural que s&#8217;ha fet pr\u00e8viament als centres educatius participants i s&#8217;ha transm\u00e8s l&#8217;agra\u00efment a tots els agents educatius participants, l&#8217;alumnat protagonista d&#8217;aquest actuaci\u00f3 i totes i cadascuna de les persones que ho han fet possible.<\/p>\n<p>L&#8217;exposici\u00f3 de l&#8217;obra podr\u00e0 visitar-se al vest\u00edbul de la Biblioteca Municipal Germanes G\u00fcell de T\u00e0rrega fins l&#8217;11 de febrer.<\/p>\n<p>El v\u00eddeo de l&#8217;acte es far\u00e0 arribar als centres educatius participants i podr\u00e0 visionar-se al web del PEE i al seu instagram : @pee_trrg.<\/p>\n<p>T\u00e0rrega, feli\u00e7 Dia Escolar de la No-Viol\u00e8ncia i la Pau!<\/p>\n<p><iframe loading=\"lazy\" src=\"https:\/\/drive.google.com\/file\/d\/1OaYgsnIrpIdKjorbQkXpj3T3CcxWyJkj\/preview\" width=\"640\" height=\"480\"><\/iframe><\/p>\n","protected":false},"excerpt":{"rendered":"<p>Avui ha tingut lloc l&#8217;acte inaugural de l&#8217;exposici\u00f3 &#8220;Tantes persones, tantes cultures + Sumem&#8221; a la pla\u00e7a Sant Antoni de T\u00e0rrega per celebrar el Dia Escolar de la No-Viol\u00e8ncia i la Pau (DENIP). L&#8217;acte ha comptat amb la pres\u00e8ncia del regidor d&#8217;Educaci\u00f3 de l&#8217;Ajuntament de T\u00e0rrega, el Sr. Xavier Rosell-Aparicio,\u00a0 i els membres de la [&hellip;]<\/p>\n","protected":false},"author":6,"featured_media":20868,"comment_status":"closed","ping_status":"closed","sticky":false,"template":"","format":"standard","meta":{"_bbp_topic_count":0,"_bbp_reply_count":0,"_bbp_total_topic_count":0,"_bbp_total_reply_count":0,"_bbp_voice_count":0,"_bbp_anonymous_reply_count":0,"_bbp_topic_count_hidden":0,"_bbp_reply_count_hidden":0,"_bbp_forum_subforum_count":0,"site-sidebar-layout":"default","site-content-layout":"","ast-site-content-layout":"","site-content-style":"default","site-sidebar-style":"default","ast-global-header-display":"","ast-banner-title-visibility":"","ast-main-header-display":"","ast-hfb-above-header-display":"","ast-hfb-below-header-display":"","ast-hfb-mobile-header-display":"","site-post-title":"","ast-breadcrumbs-content":"","ast-featured-img":"","footer-sml-layout":"","theme-transparent-header-meta":"","adv-header-id-meta":"","stick-header-meta":"","header-above-stick-meta":"","header-main-stick-meta":"","header-below-stick-meta":"","astra-migrate-meta-layouts":"default","ast-page-background-enabled":"default","ast-page-background-meta":{"desktop":{"background-color":"var(--ast-global-color-4)","background-image":"","background-repeat":"repeat","background-position":"center center","background-size":"auto","background-attachment":"scroll","background-type":"","background-media":"","overlay-type":"","overlay-color":"","overlay-opacity":"","overlay-gradient":""},"tablet":{"background-color":"","background-image":"","background-repeat":"repeat","background-position":"center center","background-size":"auto","background-attachment":"scroll","background-type":"","background-media":"","overlay-type":"","overlay-color":"","overlay-opacity":"","overlay-gradient":""},"mobile":{"background-color":"","background-image":"","background-repeat":"repeat","background-position":"center center","background-size":"auto","background-attachment":"scroll","background-type":"","background-media":"","overlay-type":"","overlay-color":"","overlay-opacity":"","overlay-gradient":""}},"ast-content-background-meta":{"desktop":{"background-color":"var(--ast-global-color-5)","background-image":"","background-repeat":"repeat","background-position":"center center","background-size":"auto","background-attachment":"scroll","background-type":"","background-media":"","overlay-type":"","overlay-color":"","overlay-opacity":"","overlay-gradient":""},"tablet":{"background-color":"var(--ast-global-color-5)","background-image":"","background-repeat":"repeat","background-position":"center center","background-size":"auto","background-attachment":"scroll","background-type":"","background-media":"","overlay-type":"","overlay-color":"","overlay-opacity":"","overlay-gradient":""},"mobile":{"background-color":"var(--ast-global-color-5)","background-image":"","background-repeat":"repeat","background-position":"center center","background-size":"auto","background-attachment":"scroll","background-type":"","background-media":"","overlay-type":"","overlay-color":"","overlay-opacity":"","overlay-gradient":""}},"footnotes":""},"categories":[1,75],"tags":[451,439],"class_list":["post-20867","post","type-post","status-publish","format-standard","has-post-thumbnail","hentry","category-general","category-pee","tag-denip","tag-pee"],"post_mailing_queue_ids":[],"_links":{"self":[{"href":"https:\/\/serveiseducatius.xtec.cat\/urgell\/wp-json\/wp\/v2\/posts\/20867","targetHints":{"allow":["GET"]}}],"collection":[{"href":"https:\/\/serveiseducatius.xtec.cat\/urgell\/wp-json\/wp\/v2\/posts"}],"about":[{"href":"https:\/\/serveiseducatius.xtec.cat\/urgell\/wp-json\/wp\/v2\/types\/post"}],"author":[{"embeddable":true,"href":"https:\/\/serveiseducatius.xtec.cat\/urgell\/wp-json\/wp\/v2\/users\/6"}],"replies":[{"embeddable":true,"href":"https:\/\/serveiseducatius.xtec.cat\/urgell\/wp-json\/wp\/v2\/comments?post=20867"}],"version-history":[{"count":3,"href":"https:\/\/serveiseducatius.xtec.cat\/urgell\/wp-json\/wp\/v2\/posts\/20867\/revisions"}],"predecessor-version":[{"id":20877,"href":"https:\/\/serveiseducatius.xtec.cat\/urgell\/wp-json\/wp\/v2\/posts\/20867\/revisions\/20877"}],"wp:featuredmedia":[{"embeddable":true,"href":"https:\/\/serveiseducatius.xtec.cat\/urgell\/wp-json\/wp\/v2\/media\/20868"}],"wp:attachment":[{"href":"https:\/\/serveiseducatius.xtec.cat\/urgell\/wp-json\/wp\/v2\/media?parent=20867"}],"wp:term":[{"taxonomy":"category","embeddable":true,"href":"https:\/\/serveiseducatius.xtec.cat\/urgell\/wp-json\/wp\/v2\/categories?post=20867"},{"taxonomy":"post_tag","embeddable":true,"href":"https:\/\/serveiseducatius.xtec.cat\/urgell\/wp-json\/wp\/v2\/tags?post=20867"}],"curies":[{"name":"wp","href":"https:\/\/api.w.org\/{rel}","templated":true}]}}