{"id":19434,"date":"2019-11-13T09:47:27","date_gmt":"2019-11-13T08:47:27","guid":{"rendered":"http:\/\/serveiseducatius.xtec.cat\/urgell\/?p=19434"},"modified":"2019-11-13T14:27:29","modified_gmt":"2019-11-13T13:27:29","slug":"el-pla-educatiu-dentorn-collabora-en-el-congres-es-tracta-darreglar-ho-primer-congres-sobre-com-detectar-i-prevenir-les-violencies-masclistes","status":"publish","type":"post","link":"https:\/\/serveiseducatius.xtec.cat\/urgell\/general\/el-pla-educatiu-dentorn-collabora-en-el-congres-es-tracta-darreglar-ho-primer-congres-sobre-com-detectar-i-prevenir-les-violencies-masclistes\/","title":{"rendered":"El Pla Educatiu d&#8217;Entorn col\u00b7labora en el Congr\u00e9s &#8220;Es tracta d&#8217;arreglar-ho&#8221;, primer congr\u00e9s sobre com detectar i prevenir les viol\u00e8ncies masclistes"},"content":{"rendered":"<p><a href=\"https:\/\/serveiseducatius.xtec.cat\/urgell\/wp-content\/uploads\/usu1142\/2019\/11\/foto-article.jpg\"><img loading=\"lazy\" decoding=\"async\" class=\"alignright size-medium wp-image-19435\" src=\"https:\/\/serveiseducatius.xtec.cat\/urgell\/wp-content\/uploads\/usu1142\/2019\/11\/foto-article-300x200.jpg\" alt=\"\" width=\"300\" height=\"200\" srcset=\"https:\/\/serveiseducatius.xtec.cat\/urgell\/wp-content\/uploads\/usu1142\/2019\/11\/foto-article-300x200.jpg 300w, https:\/\/serveiseducatius.xtec.cat\/urgell\/wp-content\/uploads\/usu1142\/2019\/11\/foto-article-768x512.jpg 768w, https:\/\/serveiseducatius.xtec.cat\/urgell\/wp-content\/uploads\/usu1142\/2019\/11\/foto-article.jpg 1024w\" sizes=\"auto, (max-width: 300px) 100vw, 300px\" \/><\/a>La regidoria d&#8217;Igualtat de l&#8217;Ajuntament de T\u00e0rrega ha impulsat aquesta iniciativa per fomentar la participaci\u00f3 i la reflexi\u00f3 de l&#8217;alumnat d&#8217;estudis postobligatoris de la ciutat de T\u00e0rrega sobre la viol\u00e8ncia de g\u00e8nere.<\/p>\n<p>M\u00e9s informaci\u00f3 a <a href=\"https:\/\/www.tarrega.tv\/lajuntament-de-tarrega-educa-els-joves-en-la-deteccio-i-la-prevencio-contra-la-violencia-masclista\/\">T\u00e0rrega TV<\/a><\/p>\n","protected":false},"excerpt":{"rendered":"<p>La regidoria d&#8217;Igualtat de l&#8217;Ajuntament de T\u00e0rrega ha impulsat aquesta iniciativa per fomentar la participaci\u00f3 i la reflexi\u00f3 de l&#8217;alumnat d&#8217;estudis postobligatoris de la ciutat de T\u00e0rrega sobre la viol\u00e8ncia de g\u00e8nere. M\u00e9s informaci\u00f3 a T\u00e0rrega TV<\/p>\n","protected":false},"author":6,"featured_media":19435,"comment_status":"closed","ping_status":"closed","sticky":false,"template":"","format":"standard","meta":{"_bbp_topic_count":0,"_bbp_reply_count":0,"_bbp_total_topic_count":0,"_bbp_total_reply_count":0,"_bbp_voice_count":0,"_bbp_anonymous_reply_count":0,"_bbp_topic_count_hidden":0,"_bbp_reply_count_hidden":0,"_bbp_forum_subforum_count":0,"site-sidebar-layout":"default","site-content-layout":"","ast-site-content-layout":"","site-content-style":"default","site-sidebar-style":"default","ast-global-header-display":"","ast-banner-title-visibility":"","ast-main-header-display":"","ast-hfb-above-header-display":"","ast-hfb-below-header-display":"","ast-hfb-mobile-header-display":"","site-post-title":"","ast-breadcrumbs-content":"","ast-featured-img":"","footer-sml-layout":"","theme-transparent-header-meta":"","adv-header-id-meta":"","stick-header-meta":"","header-above-stick-meta":"","header-main-stick-meta":"","header-below-stick-meta":"","astra-migrate-meta-layouts":"default","ast-page-background-enabled":"default","ast-page-background-meta":{"desktop":{"background-color":"var(--ast-global-color-4)","background-image":"","background-repeat":"repeat","background-position":"center center","background-size":"auto","background-attachment":"scroll","background-type":"","background-media":"","overlay-type":"","overlay-color":"","overlay-opacity":"","overlay-gradient":""},"tablet":{"background-color":"","background-image":"","background-repeat":"repeat","background-position":"center center","background-size":"auto","background-attachment":"scroll","background-type":"","background-media":"","overlay-type":"","overlay-color":"","overlay-opacity":"","overlay-gradient":""},"mobile":{"background-color":"","background-image":"","background-repeat":"repeat","background-position":"center center","background-size":"auto","background-attachment":"scroll","background-type":"","background-media":"","overlay-type":"","overlay-color":"","overlay-opacity":"","overlay-gradient":""}},"ast-content-background-meta":{"desktop":{"background-color":"var(--ast-global-color-5)","background-image":"","background-repeat":"repeat","background-position":"center center","background-size":"auto","background-attachment":"scroll","background-type":"","background-media":"","overlay-type":"","overlay-color":"","overlay-opacity":"","overlay-gradient":""},"tablet":{"background-color":"var(--ast-global-color-5)","background-image":"","background-repeat":"repeat","background-position":"center center","background-size":"auto","background-attachment":"scroll","background-type":"","background-media":"","overlay-type":"","overlay-color":"","overlay-opacity":"","overlay-gradient":""},"mobile":{"background-color":"var(--ast-global-color-5)","background-image":"","background-repeat":"repeat","background-position":"center center","background-size":"auto","background-attachment":"scroll","background-type":"","background-media":"","overlay-type":"","overlay-color":"","overlay-opacity":"","overlay-gradient":""}},"footnotes":""},"categories":[1,75,29],"tags":[439],"class_list":["post-19434","post","type-post","status-publish","format-standard","has-post-thumbnail","hentry","category-general","category-pee","category-portada","tag-pee"],"post_mailing_queue_ids":[],"_links":{"self":[{"href":"https:\/\/serveiseducatius.xtec.cat\/urgell\/wp-json\/wp\/v2\/posts\/19434","targetHints":{"allow":["GET"]}}],"collection":[{"href":"https:\/\/serveiseducatius.xtec.cat\/urgell\/wp-json\/wp\/v2\/posts"}],"about":[{"href":"https:\/\/serveiseducatius.xtec.cat\/urgell\/wp-json\/wp\/v2\/types\/post"}],"author":[{"embeddable":true,"href":"https:\/\/serveiseducatius.xtec.cat\/urgell\/wp-json\/wp\/v2\/users\/6"}],"replies":[{"embeddable":true,"href":"https:\/\/serveiseducatius.xtec.cat\/urgell\/wp-json\/wp\/v2\/comments?post=19434"}],"version-history":[{"count":1,"href":"https:\/\/serveiseducatius.xtec.cat\/urgell\/wp-json\/wp\/v2\/posts\/19434\/revisions"}],"predecessor-version":[{"id":19436,"href":"https:\/\/serveiseducatius.xtec.cat\/urgell\/wp-json\/wp\/v2\/posts\/19434\/revisions\/19436"}],"wp:featuredmedia":[{"embeddable":true,"href":"https:\/\/serveiseducatius.xtec.cat\/urgell\/wp-json\/wp\/v2\/media\/19435"}],"wp:attachment":[{"href":"https:\/\/serveiseducatius.xtec.cat\/urgell\/wp-json\/wp\/v2\/media?parent=19434"}],"wp:term":[{"taxonomy":"category","embeddable":true,"href":"https:\/\/serveiseducatius.xtec.cat\/urgell\/wp-json\/wp\/v2\/categories?post=19434"},{"taxonomy":"post_tag","embeddable":true,"href":"https:\/\/serveiseducatius.xtec.cat\/urgell\/wp-json\/wp\/v2\/tags?post=19434"}],"curies":[{"name":"wp","href":"https:\/\/api.w.org\/{rel}","templated":true}]}}