{"id":11902,"date":"2018-11-20T10:00:57","date_gmt":"2018-11-20T09:00:57","guid":{"rendered":"http:\/\/serveiseducatius.xtec.cat\/urgell\/?p=11902"},"modified":"2018-11-20T10:02:04","modified_gmt":"2018-11-20T09:02:04","slug":"pedagogies-de-la-democracia-i-la-resistencia-a-leuropa-del-segle-xx-i-fins-avui","status":"publish","type":"post","link":"https:\/\/serveiseducatius.xtec.cat\/urgell\/general\/pedagogies-de-la-democracia-i-la-resistencia-a-leuropa-del-segle-xx-i-fins-avui\/","title":{"rendered":"Pedagogies de la democr\u00e0cia i la resist\u00e8ncia a l&#8217;Europa del segle XX i fins avui"},"content":{"rendered":"<p style=\"text-align: justify;\">El Col\u00b7loqui H\u00e9lo\u00efse se celebrar\u00e0 a Barcelona del 7 al 9 de febrer de 2019 a la seu de l\u2019Institut d\u2019Estudis Catalans, amb el t\u00edtol \u201c<em>Pedagogies de la democr\u00e0cia i de la resist\u00e8ncia a Europa al segle XX i avui dia<\/em>\u201d.<a href=\"https:\/\/serveiseducatius.xtec.cat\/urgell\/wp-content\/uploads\/usu1142\/2018\/11\/pedagogies.png\"><img loading=\"lazy\" decoding=\"async\" class=\"size-medium wp-image-11908 alignright\" src=\"https:\/\/serveiseducatius.xtec.cat\/urgell\/wp-content\/uploads\/usu1142\/2018\/11\/pedagogies-224x300.png\" alt=\"\" width=\"224\" height=\"300\" srcset=\"https:\/\/serveiseducatius.xtec.cat\/urgell\/wp-content\/uploads\/usu1142\/2018\/11\/pedagogies-224x300.png 224w, https:\/\/serveiseducatius.xtec.cat\/urgell\/wp-content\/uploads\/usu1142\/2018\/11\/pedagogies.png 592w\" sizes=\"auto, (max-width: 224px) 100vw, 224px\" \/><\/a><\/p>\n<p style=\"text-align: justify;\">Aquest col\u00b7loqui de Barcelona convida a replantejar aquests reptes a partir de les realitats concretes dels diferents pa\u00efsos i regions i en els diversos entorns socials. A partir de l\u2019an\u00e0lisi de situacions concretes, es proposa ajudar a dissenyar noves pistes per a la construcci\u00f3, a trav\u00e9s de l\u2019educaci\u00f3 i m\u00e9s en concret les pedagogies que es portin a terme, de l\u2019Europa on ens agradaria viure.<\/p>\n<p style=\"text-align: justify;\">La refer\u00e8ncia als itineraris personals i pedag\u00f2gics de cinc grans pedagogs catalans com s\u00f3n Francesc Ferrer Gu\u00e0rdia, Rosa Sensat Vil\u00e0, Alexandre Gal\u00ed Coll, Ramon Fuster Rab\u00e9s i Marta Mata Garriga ens ajudar\u00e0 a entendre millor, a analitzar i a posar en valor tant la hist\u00f2ria com l\u2019actualitat d\u2019aquests pedagogs en el context contemporani. Aquest enfocament, per descomptat, s\u2019associar\u00e0 al coneixement de pedagogs contemporanis d\u2019altres pa\u00efsos i regions d\u2019Europa.<br \/>\nM\u00e9s <a href=\"http:\/\/heloise2019.llocs.iec.cat\/\">informaci\u00f3<\/a>.<\/p>\n","protected":false},"excerpt":{"rendered":"<p>El Col\u00b7loqui H\u00e9lo\u00efse se celebrar\u00e0 a Barcelona del 7 al 9 de febrer de 2019 a la seu de l\u2019Institut d\u2019Estudis Catalans, amb el t\u00edtol \u201cPedagogies de la democr\u00e0cia i de la resist\u00e8ncia a Europa al segle XX i avui dia\u201d. Aquest col\u00b7loqui de Barcelona convida a replantejar aquests reptes a partir de les realitats [&hellip;]<\/p>\n","protected":false},"author":6,"featured_media":11908,"comment_status":"closed","ping_status":"closed","sticky":false,"template":"","format":"standard","meta":{"_bbp_topic_count":0,"_bbp_reply_count":0,"_bbp_total_topic_count":0,"_bbp_total_reply_count":0,"_bbp_voice_count":0,"_bbp_anonymous_reply_count":0,"_bbp_topic_count_hidden":0,"_bbp_reply_count_hidden":0,"_bbp_forum_subforum_count":0,"site-sidebar-layout":"default","site-content-layout":"","ast-site-content-layout":"","site-content-style":"default","site-sidebar-style":"default","ast-global-header-display":"","ast-banner-title-visibility":"","ast-main-header-display":"","ast-hfb-above-header-display":"","ast-hfb-below-header-display":"","ast-hfb-mobile-header-display":"","site-post-title":"","ast-breadcrumbs-content":"","ast-featured-img":"","footer-sml-layout":"","theme-transparent-header-meta":"","adv-header-id-meta":"","stick-header-meta":"","header-above-stick-meta":"","header-main-stick-meta":"","header-below-stick-meta":"","astra-migrate-meta-layouts":"default","ast-page-background-enabled":"default","ast-page-background-meta":{"desktop":{"background-color":"var(--ast-global-color-4)","background-image":"","background-repeat":"repeat","background-position":"center center","background-size":"auto","background-attachment":"scroll","background-type":"","background-media":"","overlay-type":"","overlay-color":"","overlay-opacity":"","overlay-gradient":""},"tablet":{"background-color":"","background-image":"","background-repeat":"repeat","background-position":"center center","background-size":"auto","background-attachment":"scroll","background-type":"","background-media":"","overlay-type":"","overlay-color":"","overlay-opacity":"","overlay-gradient":""},"mobile":{"background-color":"","background-image":"","background-repeat":"repeat","background-position":"center center","background-size":"auto","background-attachment":"scroll","background-type":"","background-media":"","overlay-type":"","overlay-color":"","overlay-opacity":"","overlay-gradient":""}},"ast-content-background-meta":{"desktop":{"background-color":"var(--ast-global-color-5)","background-image":"","background-repeat":"repeat","background-position":"center center","background-size":"auto","background-attachment":"scroll","background-type":"","background-media":"","overlay-type":"","overlay-color":"","overlay-opacity":"","overlay-gradient":""},"tablet":{"background-color":"var(--ast-global-color-5)","background-image":"","background-repeat":"repeat","background-position":"center center","background-size":"auto","background-attachment":"scroll","background-type":"","background-media":"","overlay-type":"","overlay-color":"","overlay-opacity":"","overlay-gradient":""},"mobile":{"background-color":"var(--ast-global-color-5)","background-image":"","background-repeat":"repeat","background-position":"center center","background-size":"auto","background-attachment":"scroll","background-type":"","background-media":"","overlay-type":"","overlay-color":"","overlay-opacity":"","overlay-gradient":""}},"footnotes":""},"categories":[281,1],"tags":[283],"class_list":["post-11902","post","type-post","status-publish","format-standard","has-post-thumbnail","hentry","category-ceier","category-general","tag-ceier"],"post_mailing_queue_ids":[],"_links":{"self":[{"href":"https:\/\/serveiseducatius.xtec.cat\/urgell\/wp-json\/wp\/v2\/posts\/11902","targetHints":{"allow":["GET"]}}],"collection":[{"href":"https:\/\/serveiseducatius.xtec.cat\/urgell\/wp-json\/wp\/v2\/posts"}],"about":[{"href":"https:\/\/serveiseducatius.xtec.cat\/urgell\/wp-json\/wp\/v2\/types\/post"}],"author":[{"embeddable":true,"href":"https:\/\/serveiseducatius.xtec.cat\/urgell\/wp-json\/wp\/v2\/users\/6"}],"replies":[{"embeddable":true,"href":"https:\/\/serveiseducatius.xtec.cat\/urgell\/wp-json\/wp\/v2\/comments?post=11902"}],"version-history":[{"count":3,"href":"https:\/\/serveiseducatius.xtec.cat\/urgell\/wp-json\/wp\/v2\/posts\/11902\/revisions"}],"predecessor-version":[{"id":11910,"href":"https:\/\/serveiseducatius.xtec.cat\/urgell\/wp-json\/wp\/v2\/posts\/11902\/revisions\/11910"}],"wp:featuredmedia":[{"embeddable":true,"href":"https:\/\/serveiseducatius.xtec.cat\/urgell\/wp-json\/wp\/v2\/media\/11908"}],"wp:attachment":[{"href":"https:\/\/serveiseducatius.xtec.cat\/urgell\/wp-json\/wp\/v2\/media?parent=11902"}],"wp:term":[{"taxonomy":"category","embeddable":true,"href":"https:\/\/serveiseducatius.xtec.cat\/urgell\/wp-json\/wp\/v2\/categories?post=11902"},{"taxonomy":"post_tag","embeddable":true,"href":"https:\/\/serveiseducatius.xtec.cat\/urgell\/wp-json\/wp\/v2\/tags?post=11902"}],"curies":[{"name":"wp","href":"https:\/\/api.w.org\/{rel}","templated":true}]}}