{"id":11569,"date":"2018-09-07T14:04:38","date_gmt":"2018-09-07T12:04:38","guid":{"rendered":"http:\/\/serveiseducatius.xtec.cat\/urgell\/?p=11569"},"modified":"2018-09-21T13:15:37","modified_gmt":"2018-09-21T11:15:37","slug":"jornada-pedagogica-fem-llengua-mostra-dexperiencies-dels-programes-araescric-ilec-tractament-integrat-de-llengues-i-impuls-de-la-lectura","status":"publish","type":"post","link":"https:\/\/serveiseducatius.xtec.cat\/urgell\/general\/jornada-pedagogica-fem-llengua-mostra-dexperiencies-dels-programes-araescric-ilec-tractament-integrat-de-llengues-i-impuls-de-la-lectura\/","title":{"rendered":"Jornada pedag\u00f2gica &#8220;Fem llengua. Mostra d&#8217;experi\u00e8ncies dels programes AraESCRIC, ILEC, Tractament integrat de lleng\u00fces i Impuls de la lectura&#8221;"},"content":{"rendered":"<p style=\"text-align: justify;\">Us informem que el proper <strong>18 de setembre (17:30 h) a l&#8217;EOI de Lleida<\/strong> (<a href=\"http:\/\/web.eoilleida.cat\/qui-som\/#onsom\">Carrer Escofet, 52<\/a>) s&#8217;esdevindr\u00e0 la Jornada Pedag\u00f2gica &#8220;<strong><em>Fem llengua: mostra d&#8217;experi\u00e8ncies dels participants als programes<\/em> <em><a href=\"http:\/\/xtec.gencat.cat\/ca\/projectes\/escriptura\/ara-escric\/\">AraESCRIC<\/a>, <a href=\"http:\/\/xtec.gencat.cat\/ca\/projectes\/plurilinguisme\/programes\/pluri\/avancem\/\">AVANCEM<\/a> cap al TRACTAMENT INTEGRAT DE LLENG\u00dcES I <a href=\"http:\/\/xtec.gencat.cat\/ca\/projectes\/lectura\/impulslectura\/\">IMPULS DE LA LECTURA<\/a>.<\/em><\/strong><\/p>\n<p style=\"text-align: justify;\">La voluntat d&#8217;aquesta jornada \u00e9s donar a con\u00e8ixer als equips docents <strong>bones pr\u00e0ctiques competencials<\/strong> d&#8217;aquests programes d&#8217;innovaci\u00f3 a partir de l&#8217;experi\u00e8ncia que els centres participants han implementat en el seu projecte educatiu.<\/p>\n<p>Per inscripcions, trobareu l&#8217;activitat amb el<strong> codi 6002050555<\/strong><\/p>\n","protected":false},"excerpt":{"rendered":"<p>Us informem que el proper 18 de setembre (17:30 h) a l&#8217;EOI de Lleida (Carrer Escofet, 52) s&#8217;esdevindr\u00e0 la Jornada Pedag\u00f2gica &#8220;Fem llengua: mostra d&#8217;experi\u00e8ncies dels participants als programes AraESCRIC, AVANCEM cap al TRACTAMENT INTEGRAT DE LLENG\u00dcES I IMPULS DE LA LECTURA. La voluntat d&#8217;aquesta jornada \u00e9s donar a con\u00e8ixer als equips docents bones pr\u00e0ctiques [&hellip;]<\/p>\n","protected":false},"author":6,"featured_media":0,"comment_status":"closed","ping_status":"closed","sticky":false,"template":"","format":"standard","meta":{"_bbp_topic_count":0,"_bbp_reply_count":0,"_bbp_total_topic_count":0,"_bbp_total_reply_count":0,"_bbp_voice_count":0,"_bbp_anonymous_reply_count":0,"_bbp_topic_count_hidden":0,"_bbp_reply_count_hidden":0,"_bbp_forum_subforum_count":0,"site-sidebar-layout":"default","site-content-layout":"","ast-site-content-layout":"","site-content-style":"default","site-sidebar-style":"default","ast-global-header-display":"","ast-banner-title-visibility":"","ast-main-header-display":"","ast-hfb-above-header-display":"","ast-hfb-below-header-display":"","ast-hfb-mobile-header-display":"","site-post-title":"","ast-breadcrumbs-content":"","ast-featured-img":"","footer-sml-layout":"","theme-transparent-header-meta":"","adv-header-id-meta":"","stick-header-meta":"","header-above-stick-meta":"","header-main-stick-meta":"","header-below-stick-meta":"","astra-migrate-meta-layouts":"default","ast-page-background-enabled":"default","ast-page-background-meta":{"desktop":{"background-color":"var(--ast-global-color-4)","background-image":"","background-repeat":"repeat","background-position":"center center","background-size":"auto","background-attachment":"scroll","background-type":"","background-media":"","overlay-type":"","overlay-color":"","overlay-opacity":"","overlay-gradient":""},"tablet":{"background-color":"","background-image":"","background-repeat":"repeat","background-position":"center center","background-size":"auto","background-attachment":"scroll","background-type":"","background-media":"","overlay-type":"","overlay-color":"","overlay-opacity":"","overlay-gradient":""},"mobile":{"background-color":"","background-image":"","background-repeat":"repeat","background-position":"center center","background-size":"auto","background-attachment":"scroll","background-type":"","background-media":"","overlay-type":"","overlay-color":"","overlay-opacity":"","overlay-gradient":""}},"ast-content-background-meta":{"desktop":{"background-color":"var(--ast-global-color-5)","background-image":"","background-repeat":"repeat","background-position":"center center","background-size":"auto","background-attachment":"scroll","background-type":"","background-media":"","overlay-type":"","overlay-color":"","overlay-opacity":"","overlay-gradient":""},"tablet":{"background-color":"var(--ast-global-color-5)","background-image":"","background-repeat":"repeat","background-position":"center center","background-size":"auto","background-attachment":"scroll","background-type":"","background-media":"","overlay-type":"","overlay-color":"","overlay-opacity":"","overlay-gradient":""},"mobile":{"background-color":"var(--ast-global-color-5)","background-image":"","background-repeat":"repeat","background-position":"center center","background-size":"auto","background-attachment":"scroll","background-type":"","background-media":"","overlay-type":"","overlay-color":"","overlay-opacity":"","overlay-gradient":""}},"footnotes":""},"categories":[1,29],"tags":[395,226,329],"class_list":["post-11569","post","type-post","status-publish","format-standard","hentry","category-general","category-portada","tag-eoi","tag-formacio","tag-jornada"],"post_mailing_queue_ids":[],"_links":{"self":[{"href":"https:\/\/serveiseducatius.xtec.cat\/urgell\/wp-json\/wp\/v2\/posts\/11569","targetHints":{"allow":["GET"]}}],"collection":[{"href":"https:\/\/serveiseducatius.xtec.cat\/urgell\/wp-json\/wp\/v2\/posts"}],"about":[{"href":"https:\/\/serveiseducatius.xtec.cat\/urgell\/wp-json\/wp\/v2\/types\/post"}],"author":[{"embeddable":true,"href":"https:\/\/serveiseducatius.xtec.cat\/urgell\/wp-json\/wp\/v2\/users\/6"}],"replies":[{"embeddable":true,"href":"https:\/\/serveiseducatius.xtec.cat\/urgell\/wp-json\/wp\/v2\/comments?post=11569"}],"version-history":[{"count":3,"href":"https:\/\/serveiseducatius.xtec.cat\/urgell\/wp-json\/wp\/v2\/posts\/11569\/revisions"}],"predecessor-version":[{"id":11574,"href":"https:\/\/serveiseducatius.xtec.cat\/urgell\/wp-json\/wp\/v2\/posts\/11569\/revisions\/11574"}],"wp:attachment":[{"href":"https:\/\/serveiseducatius.xtec.cat\/urgell\/wp-json\/wp\/v2\/media?parent=11569"}],"wp:term":[{"taxonomy":"category","embeddable":true,"href":"https:\/\/serveiseducatius.xtec.cat\/urgell\/wp-json\/wp\/v2\/categories?post=11569"},{"taxonomy":"post_tag","embeddable":true,"href":"https:\/\/serveiseducatius.xtec.cat\/urgell\/wp-json\/wp\/v2\/tags?post=11569"}],"curies":[{"name":"wp","href":"https:\/\/api.w.org\/{rel}","templated":true}]}}