{"id":10624,"date":"2017-12-21T09:24:29","date_gmt":"2017-12-21T08:24:29","guid":{"rendered":"http:\/\/serveiseducatius.xtec.cat\/urgell\/?p=10624"},"modified":"2018-02-13T09:41:23","modified_gmt":"2018-02-13T08:41:23","slug":"convocatoria-i-formulari-dels-ka101-i-ka104-2018","status":"publish","type":"post","link":"https:\/\/serveiseducatius.xtec.cat\/urgell\/general\/convocatoria-i-formulari-dels-ka101-i-ka104-2018\/","title":{"rendered":"Convocat\u00f2ria i formulari dels KA101 i KA104, 2018"},"content":{"rendered":"<p>S&#8217;acaben de publicar a la p\u00e0gina de l&#8217;Ag\u00e8ncia Nacional Europea &#8211;<a href=\"http:\/\/sepie.es\/\" target=\"_blank\" rel=\"noopener noreferrer\" data-saferedirecturl=\"https:\/\/www.google.com\/url?hl=en-GB&amp;q=http:\/\/sepie.es\/&amp;source=gmail&amp;ust=1513928978053000&amp;usg=AFQjCNF1J7wxf4HLHxTuVGcK8mqoAbx4_g\">SEPIE<\/a>\u00a0 la convocat\u00f2ria i formulari dels KA101 i KA104, 2018:<\/p>\n<p><a href=\"http:\/\/sepie.es\/educacion\" target=\"_blank\" rel=\"noopener noreferrer\">http:\/\/sepie.es\/educacion-escolar\/convocatoria.html#KA101<\/a><\/p>\n<p><a href=\"http:\/\/sepie.es\/educacion-adultos\/convocatoria.html#KA104\" target=\"_blank\" rel=\"noopener noreferrer\"> http:\/\/sepie.es\/educacion-adultos\/convocatoria.html#KA104<\/a><\/p>\n<p>A la p\u00e0gina web del SEPIE hi ha publicat un<a href=\"http:\/\/sepie.es\/educacion-escolar\/informacion.html#formcomentados\" target=\"_blank\" rel=\"noopener noreferrer\" data-saferedirecturl=\"https:\/\/www.google.com\/url?hl=en-GB&amp;q=http:\/\/sepie.es\/educacion-escolar\/informacion.html%23formcomentados&amp;source=gmail&amp;ust=1513928978053000&amp;usg=AFQjCNFwwYOoeJaTFceLYTxzAmw3x387vQ\"> v\u00eddeo<\/a> d&#8217;un webinar del passat gener d&#8217;ajut per a la sol\u00b7licitud d&#8217;un k1 que \u00e9s\u00a0 \u00fatil per a omplir el formulari.<\/p>\n<p>Cal recordar que es necessita el <a href=\"http:\/\/www.sepie.es\/doc\/convocatoria\/2014\/codigo-pic---guia-rapida.pdf\" target=\"_blank\" rel=\"noopener noreferrer\">PIC<\/a> i la signatura electr\u00f2nica per tal de sol\u00b7licitar el projecte.<\/p>\n<p>El termini per presentar la sol\u00b7licitud de &#8220;<strong>Movilidad de las personas en los \u00e1mbitos de la educaci\u00f3n y la formaci\u00f3n profesionales, la educaci\u00f3n escolar y la educaci\u00f3n de adultos<\/strong>&#8221; \u00e9s <span style=\"color: #3366ff;\"><strong>l&#8217;1 de febrer del 2018<\/strong><\/span><\/p>\n<p>Per altres terminis consulteu el seu web, mitjan\u00e7ant l&#8217;enllac de m\u00e9s amunt.<\/p>\n","protected":false},"excerpt":{"rendered":"<p> S&#8217;acaben de publicar a la p\u00e0gina de l&#8217;Ag\u00e8ncia Nacional Europea -SEPIE  la convocat\u00f2ria i formulari dels KA101 i KA104, 2018:<\/p>\n","protected":false},"author":6,"featured_media":10625,"comment_status":"open","ping_status":"closed","sticky":false,"template":"","format":"standard","meta":{"_bbp_topic_count":0,"_bbp_reply_count":0,"_bbp_total_topic_count":0,"_bbp_total_reply_count":0,"_bbp_voice_count":0,"_bbp_anonymous_reply_count":0,"_bbp_topic_count_hidden":0,"_bbp_reply_count_hidden":0,"_bbp_forum_subforum_count":0,"site-sidebar-layout":"default","site-content-layout":"","ast-site-content-layout":"","site-content-style":"default","site-sidebar-style":"default","ast-global-header-display":"","ast-banner-title-visibility":"","ast-main-header-display":"","ast-hfb-above-header-display":"","ast-hfb-below-header-display":"","ast-hfb-mobile-header-display":"","site-post-title":"","ast-breadcrumbs-content":"","ast-featured-img":"","footer-sml-layout":"","theme-transparent-header-meta":"","adv-header-id-meta":"","stick-header-meta":"","header-above-stick-meta":"","header-main-stick-meta":"","header-below-stick-meta":"","astra-migrate-meta-layouts":"default","ast-page-background-enabled":"default","ast-page-background-meta":{"desktop":{"background-color":"var(--ast-global-color-4)","background-image":"","background-repeat":"repeat","background-position":"center center","background-size":"auto","background-attachment":"scroll","background-type":"","background-media":"","overlay-type":"","overlay-color":"","overlay-opacity":"","overlay-gradient":""},"tablet":{"background-color":"","background-image":"","background-repeat":"repeat","background-position":"center center","background-size":"auto","background-attachment":"scroll","background-type":"","background-media":"","overlay-type":"","overlay-color":"","overlay-opacity":"","overlay-gradient":""},"mobile":{"background-color":"","background-image":"","background-repeat":"repeat","background-position":"center center","background-size":"auto","background-attachment":"scroll","background-type":"","background-media":"","overlay-type":"","overlay-color":"","overlay-opacity":"","overlay-gradient":""}},"ast-content-background-meta":{"desktop":{"background-color":"var(--ast-global-color-5)","background-image":"","background-repeat":"repeat","background-position":"center center","background-size":"auto","background-attachment":"scroll","background-type":"","background-media":"","overlay-type":"","overlay-color":"","overlay-opacity":"","overlay-gradient":""},"tablet":{"background-color":"var(--ast-global-color-5)","background-image":"","background-repeat":"repeat","background-position":"center center","background-size":"auto","background-attachment":"scroll","background-type":"","background-media":"","overlay-type":"","overlay-color":"","overlay-opacity":"","overlay-gradient":""},"mobile":{"background-color":"var(--ast-global-color-5)","background-image":"","background-repeat":"repeat","background-position":"center center","background-size":"auto","background-attachment":"scroll","background-type":"","background-media":"","overlay-type":"","overlay-color":"","overlay-opacity":"","overlay-gradient":""}},"footnotes":""},"categories":[1,357],"tags":[383,387,388,376],"class_list":["post-10624","post","type-post","status-publish","format-standard","has-post-thumbnail","hentry","category-general","category-europeu","tag-erasmus","tag-k101","tag-k104","tag-projectes-europeus"],"post_mailing_queue_ids":[],"_links":{"self":[{"href":"https:\/\/serveiseducatius.xtec.cat\/urgell\/wp-json\/wp\/v2\/posts\/10624","targetHints":{"allow":["GET"]}}],"collection":[{"href":"https:\/\/serveiseducatius.xtec.cat\/urgell\/wp-json\/wp\/v2\/posts"}],"about":[{"href":"https:\/\/serveiseducatius.xtec.cat\/urgell\/wp-json\/wp\/v2\/types\/post"}],"author":[{"embeddable":true,"href":"https:\/\/serveiseducatius.xtec.cat\/urgell\/wp-json\/wp\/v2\/users\/6"}],"replies":[{"embeddable":true,"href":"https:\/\/serveiseducatius.xtec.cat\/urgell\/wp-json\/wp\/v2\/comments?post=10624"}],"version-history":[{"count":3,"href":"https:\/\/serveiseducatius.xtec.cat\/urgell\/wp-json\/wp\/v2\/posts\/10624\/revisions"}],"predecessor-version":[{"id":10629,"href":"https:\/\/serveiseducatius.xtec.cat\/urgell\/wp-json\/wp\/v2\/posts\/10624\/revisions\/10629"}],"wp:featuredmedia":[{"embeddable":true,"href":"https:\/\/serveiseducatius.xtec.cat\/urgell\/wp-json\/wp\/v2\/media\/10625"}],"wp:attachment":[{"href":"https:\/\/serveiseducatius.xtec.cat\/urgell\/wp-json\/wp\/v2\/media?parent=10624"}],"wp:term":[{"taxonomy":"category","embeddable":true,"href":"https:\/\/serveiseducatius.xtec.cat\/urgell\/wp-json\/wp\/v2\/categories?post=10624"},{"taxonomy":"post_tag","embeddable":true,"href":"https:\/\/serveiseducatius.xtec.cat\/urgell\/wp-json\/wp\/v2\/tags?post=10624"}],"curies":[{"name":"wp","href":"https:\/\/api.w.org\/{rel}","templated":true}]}}