{"id":68,"count":77,"description":"<div>\r\n<h6>En aquest espai virtual, hi trobareu informaci\u00f3, propostes formatives i did\u00e0ctiques i enlla\u00e7os d'inter\u00e8s relacionats amb els \u00e0mbits de la llengua, la interculturalitat i la cohesi\u00f3 social.<\/h6>\r\n<\/div>\r\n<h4 style=\"text-align: left;\"><span style=\"font-family: helvetica, arial, sans-serif;\">Professionals assignats a l\u2019ELIC del SE de l'Urgell:<\/span><\/h4>\r\n<table style=\"width: 65.9856%; height: 109px;\">\r\n<tbody>\r\n<tr style=\"height: 33px;\">\r\n<td style=\"width: 51.4517%; height: 33px;\">Judit Flix<\/td>\r\n<td style=\"width: 83.1078%; height: 33px;\"><a href=\"mailto:jflix3@xtec.cat\">jflix3@xtec.cat <\/a><\/td>\r\n<\/tr>\r\n<tr style=\"height: 10px;\">\r\n<td style=\"width: 51.4517%; height: 33px;\">Maria Santacana<\/td>\r\n<td style=\"width: 83.1078%; height: 33px;\"><a href=\"mailto:msanta64@xtec.cat\">msanta64@xtec.cat <\/a><\/td>\r\n<\/tr>\r\n<tr style=\"height: 33px;\">\r\n<td style=\"width: 51.4517%; height: 33px;\">X\u00e8nia Ballester<\/td>\r\n<td style=\"width: 83.1078%; height: 33px;\"><span style=\"font-family: helvetica, arial, sans-serif;\"><a href=\"mailto:xballest@xtec.cat\">xballest@xtec.cat<\/a><\/span><\/td>\r\n<\/tr>\r\n<tr style=\"height: 33px;\">\r\n<td style=\"width: 51.4517%; height: 33px;\">Anna Teixid\u00f3<\/td>\r\n<td style=\"width: 83.1078%; height: 33px;\"><a href=\"mailto:ateixi25@xtec.cat\">ateixi25@xtec.cat<\/a><\/td>\r\n<\/tr>\r\n<\/tbody>\r\n<\/table>\r\nUs recomanem visitar aquests altres espais, que tenen com a finalitat facilitar als equips directius i docents la comunicaci\u00f3\u00a0 vinculada als eixos LIC, aix\u00ed com l'acc\u00e9s a tots els materials i recursos publicats a l'espai XTEC i a les diferents xarxes educatives vinculades en aquestes tem\u00e0tiques.\r\n<table style=\"border-collapse: collapse; width: 99.9474%; height: 99px;\">\r\n<tbody>\r\n<tr style=\"height: 126px;\">\r\n<td style=\"width: 18.6862%; height: 32px;\">\r\n<h6 style=\"text-align: center;\">Espai ELIC - SSTT LLEIDA<\/h6>\r\n&nbsp;\r\n<h6 style=\"text-align: center;\"><a href=\"https:\/\/sites.google.com\/xtec.cat\/siteselic2021\/p%C3%A0gina-principal\"><img class=\"aligncenter wp-image-21377\" src=\"https:\/\/serveiseducatius.xtec.cat\/urgell\/wp-content\/uploads\/usu1142\/2021\/06\/Sites-ELIC-ST-Lleida-300x169.jpg\" alt=\"\" width=\"178\" height=\"100\" \/><\/a><\/h6>\r\n<\/td>\r\n<td style=\"width: 18.3673%; height: 32px;\">\r\n<h6 style=\"text-align: center;\"><span style=\"font-family: helvetica, arial, sans-serif;\">\u00a0Nodes lleng\u00fces i cultures d'origen<\/span><\/h6>\r\n&nbsp;\r\n<div>\r\n\r\n<a href=\"https:\/\/projectes.xtec.cat\/origen\/\" target=\"_blank\" rel=\"noopener\"><img class=\"aligncenter\" src=\"https:\/\/projectes.xtec.cat\/origen\/wp-content\/uploads\/usu2451\/2021\/03\/logoLL.jpg\" alt=\"Programa de lleng\u00fces i cultures d'origen\" width=\"112\" height=\"112\" \/><\/a>\r\n\r\n<\/div><\/td>\r\n<td style=\"width: 20.4469%; height: 32px;\">\r\n<h6 style=\"text-align: center;\">\u00a0Nodes projectes internacionals<\/h6>\r\n&nbsp;\r\n<div><a href=\"https:\/\/projectes.xtec.cat\/internacional\/\"><img class=\"aligncenter \" src=\"https:\/\/projectes.xtec.cat\/internacional\/wp-content\/uploads\/usu1767\/2020\/05\/colorful-1974699_1920-300x164.png\" width=\"178\" height=\"97\" \/><\/a><\/div><\/td>\r\n<td style=\"width: 19.9075%; height: 32px;\">\r\n<h6 style=\"text-align: center;\">\u00a0Nodes alumnat origen estranger<\/h6>\r\n<p style=\"text-align: center;\"><a href=\"https:\/\/projectes.xtec.cat\/acollidasuport\/\"><img class=\"aligncenter\" src=\"https:\/\/projectes.xtec.cat\/acollidasuport\/wp-content\/uploads\/usu2169\/2020\/10\/logo_acollida.png\" alt=\"\" width=\"164\" height=\"114\" \/><\/a><\/p>\r\n<\/td>\r\n<td style=\"width: 22.5922%; height: 32px;\">\r\n<h6 style=\"text-align: center;\">\u00a0Nodes usos ling\u00fc\u00edstics<\/h6>\r\n<a href=\"https:\/\/projectes.xtec.cat\/usdelallengua\/\" target=\"_blank\" rel=\"noopener\"><img class=\"aligncenter \" src=\"https:\/\/projectes.xtec.cat\/usdelallengua\/wp-content\/uploads\/usu2313\/2022\/07\/usos_linguistics_2.jpg\" alt=\"Usos Ling\u00fc\u00edstics\" width=\"168\" height=\"82\" \/><\/a><\/td>\r\n<\/tr>\r\n<tr style=\"height: 48px;\">\r\n<td style=\"width: 18.6862%; height: 67px;\">\r\n<h6>\u00a0Nodes comunitat educativa - PEE<\/h6>\r\n&nbsp;\r\n<h6><a href=\"https:\/\/projectes.xtec.cat\/pee\/\"><img class=\"alignright\" src=\"https:\/\/projectes.xtec.cat\/pee\/wp-content\/uploads\/usu2653\/2023\/11\/CAPCALERA.jpg\" alt=\"\" width=\"1286\" height=\"216\" \/><\/a><\/h6>\r\n&nbsp;<\/td>\r\n<td style=\"width: 18.3673%; height: 67px;\">\r\n<h6 style=\"text-align: center;\">\u00a0Nodes conviv\u00e8ncia positiva<\/h6>\r\n&nbsp;\r\n\r\n<a href=\"https:\/\/projectes.xtec.cat\/convivenciapositiva\/\"><img class=\"aligncenter\" src=\"https:\/\/projectes.xtec.cat\/convivenciapositiva\/wp-content\/uploads\/usu2198\/2022\/06\/FVCzpP-WYAEeneo.png\" width=\"155\" height=\"104\" \/><\/a><\/td>\r\n<td style=\"width: 20.4469%; height: 67px;\">\r\n<h6 style=\"text-align: center;\">\u00a0Nodes educaci\u00f3 liter\u00e0ria<\/h6>\r\n&nbsp;\r\n<div><img class=\"aligncenter\" src=\"https:\/\/projectes.xtec.cat\/educacio-literaria\/\/wp-content\/uploads\/usu2578\/2022\/06\/capcalera_educacio_literaria-1.jpg\" width=\"343\" height=\"56\" \/><\/div>\r\n<div><\/div><\/td>\r\n<td style=\"width: 19.9075%; height: 67px;\">\r\n<h6 style=\"text-align: center;\">\u00a0Nodes TIL<\/h6>\r\n<div><\/div>\r\n<div><a href=\"https:\/\/projectes.xtec.cat\/tilc\/\"><img class=\"aligncenter\" src=\"https:\/\/projectes.xtec.cat\/tilc\/wp-content\/uploads\/usu2098\/2020\/03\/tilc.png\" width=\"128\" height=\"82\" \/><\/a><\/div>\r\n<div><\/div>\r\n<div><\/div><\/td>\r\n<td style=\"width: 22.5922%; height: 67px;\">\r\n<div><\/div><\/td>\r\n<\/tr>\r\n<\/tbody>\r\n<\/table>\r\n&nbsp;","link":"https:\/\/serveiseducatius.xtec.cat\/urgell\/categoria\/elic\/","name":"ELIC","slug":"elic","taxonomy":"category","parent":0,"meta":[],"_links":{"self":[{"href":"https:\/\/serveiseducatius.xtec.cat\/urgell\/wp-json\/wp\/v2\/categories\/68","targetHints":{"allow":["GET"]}}],"collection":[{"href":"https:\/\/serveiseducatius.xtec.cat\/urgell\/wp-json\/wp\/v2\/categories"}],"about":[{"href":"https:\/\/serveiseducatius.xtec.cat\/urgell\/wp-json\/wp\/v2\/taxonomies\/category"}],"wp:post_type":[{"href":"https:\/\/serveiseducatius.xtec.cat\/urgell\/wp-json\/wp\/v2\/posts?categories=68"}],"curies":[{"name":"wp","href":"https:\/\/api.w.org\/{rel}","templated":true}]}}