{"id":1814,"count":1,"description":"","link":"https:\/\/serveiseducatius.xtec.cat\/terraalta\/tag\/comic-formacio-jornada-pedagogica-comic-barcelona\/","name":"#c\u00f2mic #formaci\u00f3 #jornada pedag\u00f2gica C\u00f2mic Barcelona","slug":"comic-formacio-jornada-pedagogica-comic-barcelona","taxonomy":"post_tag","meta":[],"_links":{"self":[{"href":"https:\/\/serveiseducatius.xtec.cat\/terraalta\/wp-json\/wp\/v2\/tags\/1814","targetHints":{"allow":["GET"]}}],"collection":[{"href":"https:\/\/serveiseducatius.xtec.cat\/terraalta\/wp-json\/wp\/v2\/tags"}],"about":[{"href":"https:\/\/serveiseducatius.xtec.cat\/terraalta\/wp-json\/wp\/v2\/taxonomies\/post_tag"}],"wp:post_type":[{"href":"https:\/\/serveiseducatius.xtec.cat\/terraalta\/wp-json\/wp\/v2\/posts?tags=1814"}],"curies":[{"name":"wp","href":"https:\/\/api.w.org\/{rel}","templated":true}]}}