{"id":1784,"count":1,"description":"","link":"https:\/\/serveiseducatius.xtec.cat\/terraalta\/tag\/dia-mundial-de-la-radio-100-anys-competencia-digital-competencia-expressio-oral-contes-llegendes-relats-populars-programes-radiofonics\/","name":"#Dia mundial de la r\u00e0dio #100 anys #compet\u00e8ncia digital #compet\u00e8ncia expressi\u00f3 oral #contes #llegendes #relats populars #programes radiof\u00f2nics","slug":"dia-mundial-de-la-radio-100-anys-competencia-digital-competencia-expressio-oral-contes-llegendes-relats-populars-programes-radiofonics","taxonomy":"post_tag","meta":[],"_links":{"self":[{"href":"https:\/\/serveiseducatius.xtec.cat\/terraalta\/wp-json\/wp\/v2\/tags\/1784","targetHints":{"allow":["GET"]}}],"collection":[{"href":"https:\/\/serveiseducatius.xtec.cat\/terraalta\/wp-json\/wp\/v2\/tags"}],"about":[{"href":"https:\/\/serveiseducatius.xtec.cat\/terraalta\/wp-json\/wp\/v2\/taxonomies\/post_tag"}],"wp:post_type":[{"href":"https:\/\/serveiseducatius.xtec.cat\/terraalta\/wp-json\/wp\/v2\/posts?tags=1784"}],"curies":[{"name":"wp","href":"https:\/\/api.w.org\/{rel}","templated":true}]}}