{"id":1694,"count":1,"description":"","link":"https:\/\/serveiseducatius.xtec.cat\/terraalta\/tag\/lectura-en-veu-alta-competencia-lectora-comprensio-lectora-gust-per-la-lectura-literatura-expressio-oral\/","name":"#Lectura en veu alta #Compet\u00e8ncia lectora #Comprensi\u00f3 lectora #Gust per la lectura #Literatura #Expressi\u00f3 oral","slug":"lectura-en-veu-alta-competencia-lectora-comprensio-lectora-gust-per-la-lectura-literatura-expressio-oral","taxonomy":"post_tag","meta":[],"_links":{"self":[{"href":"https:\/\/serveiseducatius.xtec.cat\/terraalta\/wp-json\/wp\/v2\/tags\/1694","targetHints":{"allow":["GET"]}}],"collection":[{"href":"https:\/\/serveiseducatius.xtec.cat\/terraalta\/wp-json\/wp\/v2\/tags"}],"about":[{"href":"https:\/\/serveiseducatius.xtec.cat\/terraalta\/wp-json\/wp\/v2\/taxonomies\/post_tag"}],"wp:post_type":[{"href":"https:\/\/serveiseducatius.xtec.cat\/terraalta\/wp-json\/wp\/v2\/posts?tags=1694"}],"curies":[{"name":"wp","href":"https:\/\/api.w.org\/{rel}","templated":true}]}}