{"id":1563,"count":1,"description":"","link":"https:\/\/serveiseducatius.xtec.cat\/terraalta\/tag\/sempre-imperfectes-pressio-estetica-salut-mental-sense-ficcio\/","name":"#Sempre Imperfectes #pressi\u00f3 est\u00e8tica #salut mental #Sense Ficci\u00f3","slug":"sempre-imperfectes-pressio-estetica-salut-mental-sense-ficcio","taxonomy":"post_tag","meta":[],"_links":{"self":[{"href":"https:\/\/serveiseducatius.xtec.cat\/terraalta\/wp-json\/wp\/v2\/tags\/1563","targetHints":{"allow":["GET"]}}],"collection":[{"href":"https:\/\/serveiseducatius.xtec.cat\/terraalta\/wp-json\/wp\/v2\/tags"}],"about":[{"href":"https:\/\/serveiseducatius.xtec.cat\/terraalta\/wp-json\/wp\/v2\/taxonomies\/post_tag"}],"wp:post_type":[{"href":"https:\/\/serveiseducatius.xtec.cat\/terraalta\/wp-json\/wp\/v2\/posts?tags=1563"}],"curies":[{"name":"wp","href":"https:\/\/api.w.org\/{rel}","templated":true}]}}