{"id":8881,"date":"2016-11-21T13:22:07","date_gmt":"2016-11-21T12:22:07","guid":{"rendered":"http:\/\/serveiseducatius.xtec.cat\/terraalta\/?p=8881"},"modified":"2016-11-21T13:22:07","modified_gmt":"2016-11-21T12:22:07","slug":"21e-premi-de-literatura-protagonista-jove","status":"publish","type":"post","link":"https:\/\/serveiseducatius.xtec.cat\/terraalta\/portada\/21e-premi-de-literatura-protagonista-jove\/","title":{"rendered":"21\u00e8 Premi de Literatura \u00abProtagonista Jove\u00bb"},"content":{"rendered":"<p style=\"text-align: justify;\">El Consell Catal\u00e0 del Llibre Infantil i Juvenil (ClijCAT) convoca el <strong>21\u00e8 Premi de Literatura \u00abProtagonista Jove\u00bb <\/strong>amb el prop\u00f2sit d\u2019estimular la lectura d\u2019imaginaci\u00f3 en els nois i noies.<\/p>\n<p style=\"text-align: justify;\"><strong>L\u2019objectiu<\/strong> del <strong>Premi de Literatura \u00abProtagonista Jove\u00bb<\/strong> \u00e9s aconseguir que el major nombre possible de joves llegeixin els llibres seleccionats; es constitueixin com a <strong>Jurat\u00a0<\/strong>dins de cada centre o biblioteca, i els presentin i defensin davant dels seus companys i, entre tots, anomenin el que consideren <strong>millor.<\/strong> Es pret\u00e9n que la veu dels joves es faci sentir, donant-los l\u2019oportunitat de funcionar com a <strong>Jurat<\/strong> amb repercussi\u00f3 m\u00e9s enll\u00e0 del centre escolar, de la biblioteca o del club de lectura.<\/p>\n<p style=\"text-align: justify;\">El <strong>termini<\/strong> per emetre les votacions dels <strong>Jurats<\/strong> de cada centre i biblioteca ser\u00e0 el dia <strong>15 de maig del 2017.<\/strong><\/p>\n<p style=\"text-align: justify;\"><a href=\"http:\/\/serveiseducatius.xtec.cat\/terraalta\/wp-content\/uploads\/usu1128\/2016\/11\/protagonista_21.jpg\"><img loading=\"lazy\" decoding=\"async\" class=\" wp-image-8882 aligncenter\" src=\"http:\/\/serveiseducatius.xtec.cat\/terraalta\/wp-content\/uploads\/usu1128\/2016\/11\/protagonista_21.jpg\" alt=\"protagonista_21\" width=\"316\" height=\"611\" srcset=\"https:\/\/serveiseducatius.xtec.cat\/terraalta\/wp-content\/uploads\/usu1128\/2016\/11\/protagonista_21.jpg 400w, https:\/\/serveiseducatius.xtec.cat\/terraalta\/wp-content\/uploads\/usu1128\/2016\/11\/protagonista_21-155x300.jpg 155w\" sizes=\"auto, (max-width: 316px) 100vw, 316px\" \/><\/a><\/p>\n","protected":false},"excerpt":{"rendered":"<p>El Consell Catal\u00e0 del Llibre Infantil i Juvenil (ClijCAT) convoca el 21\u00e8 Premi de Literatura \u00abProtagonista Jove\u00bb amb el prop\u00f2sit [&hellip;]<\/p>\n","protected":false},"author":1,"featured_media":8882,"comment_status":"open","ping_status":"open","sticky":false,"template":"","format":"standard","meta":{"_bbp_topic_count":0,"_bbp_reply_count":0,"_bbp_total_topic_count":0,"_bbp_total_reply_count":0,"_bbp_voice_count":0,"_bbp_anonymous_reply_count":0,"_bbp_topic_count_hidden":0,"_bbp_reply_count_hidden":0,"_bbp_forum_subforum_count":0,"site-sidebar-layout":"default","site-content-layout":"","ast-site-content-layout":"","site-content-style":"default","site-sidebar-style":"default","ast-global-header-display":"","ast-banner-title-visibility":"","ast-main-header-display":"","ast-hfb-above-header-display":"","ast-hfb-below-header-display":"","ast-hfb-mobile-header-display":"","site-post-title":"","ast-breadcrumbs-content":"","ast-featured-img":"","footer-sml-layout":"","theme-transparent-header-meta":"","adv-header-id-meta":"","stick-header-meta":"","header-above-stick-meta":"","header-main-stick-meta":"","header-below-stick-meta":"","astra-migrate-meta-layouts":"default","ast-page-background-enabled":"default","ast-page-background-meta":{"desktop":{"background-color":"var(--ast-global-color-4)","background-image":"","background-repeat":"repeat","background-position":"center center","background-size":"auto","background-attachment":"scroll","background-type":"","background-media":"","overlay-type":"","overlay-color":"","overlay-opacity":"","overlay-gradient":""},"tablet":{"background-color":"","background-image":"","background-repeat":"repeat","background-position":"center center","background-size":"auto","background-attachment":"scroll","background-type":"","background-media":"","overlay-type":"","overlay-color":"","overlay-opacity":"","overlay-gradient":""},"mobile":{"background-color":"","background-image":"","background-repeat":"repeat","background-position":"center center","background-size":"auto","background-attachment":"scroll","background-type":"","background-media":"","overlay-type":"","overlay-color":"","overlay-opacity":"","overlay-gradient":""}},"ast-content-background-meta":{"desktop":{"background-color":"var(--ast-global-color-5)","background-image":"","background-repeat":"repeat","background-position":"center center","background-size":"auto","background-attachment":"scroll","background-type":"","background-media":"","overlay-type":"","overlay-color":"","overlay-opacity":"","overlay-gradient":""},"tablet":{"background-color":"var(--ast-global-color-5)","background-image":"","background-repeat":"repeat","background-position":"center center","background-size":"auto","background-attachment":"scroll","background-type":"","background-media":"","overlay-type":"","overlay-color":"","overlay-opacity":"","overlay-gradient":""},"mobile":{"background-color":"var(--ast-global-color-5)","background-image":"","background-repeat":"repeat","background-position":"center center","background-size":"auto","background-attachment":"scroll","background-type":"","background-media":"","overlay-type":"","overlay-color":"","overlay-opacity":"","overlay-gradient":""}},"footnotes":""},"categories":[29],"tags":[179,328],"class_list":["post-8881","post","type-post","status-publish","format-standard","has-post-thumbnail","hentry","category-portada","tag-educacio-secundaria","tag-premis"],"post_mailing_queue_ids":[],"_links":{"self":[{"href":"https:\/\/serveiseducatius.xtec.cat\/terraalta\/wp-json\/wp\/v2\/posts\/8881","targetHints":{"allow":["GET"]}}],"collection":[{"href":"https:\/\/serveiseducatius.xtec.cat\/terraalta\/wp-json\/wp\/v2\/posts"}],"about":[{"href":"https:\/\/serveiseducatius.xtec.cat\/terraalta\/wp-json\/wp\/v2\/types\/post"}],"author":[{"embeddable":true,"href":"https:\/\/serveiseducatius.xtec.cat\/terraalta\/wp-json\/wp\/v2\/users\/1"}],"replies":[{"embeddable":true,"href":"https:\/\/serveiseducatius.xtec.cat\/terraalta\/wp-json\/wp\/v2\/comments?post=8881"}],"version-history":[{"count":1,"href":"https:\/\/serveiseducatius.xtec.cat\/terraalta\/wp-json\/wp\/v2\/posts\/8881\/revisions"}],"predecessor-version":[{"id":8883,"href":"https:\/\/serveiseducatius.xtec.cat\/terraalta\/wp-json\/wp\/v2\/posts\/8881\/revisions\/8883"}],"wp:featuredmedia":[{"embeddable":true,"href":"https:\/\/serveiseducatius.xtec.cat\/terraalta\/wp-json\/wp\/v2\/media\/8882"}],"wp:attachment":[{"href":"https:\/\/serveiseducatius.xtec.cat\/terraalta\/wp-json\/wp\/v2\/media?parent=8881"}],"wp:term":[{"taxonomy":"category","embeddable":true,"href":"https:\/\/serveiseducatius.xtec.cat\/terraalta\/wp-json\/wp\/v2\/categories?post=8881"},{"taxonomy":"post_tag","embeddable":true,"href":"https:\/\/serveiseducatius.xtec.cat\/terraalta\/wp-json\/wp\/v2\/tags?post=8881"}],"curies":[{"name":"wp","href":"https:\/\/api.w.org\/{rel}","templated":true}]}}