{"id":8711,"date":"2016-10-04T12:24:00","date_gmt":"2016-10-04T11:24:00","guid":{"rendered":"http:\/\/serveiseducatius.xtec.cat\/terraalta\/?p=8711"},"modified":"2016-10-04T12:28:03","modified_gmt":"2016-10-04T11:28:03","slug":"apropa-tjornades-de-didactica-del-patrimoni-al-camp-de-tarragona-i-les-terres-de-lebre","status":"publish","type":"post","link":"https:\/\/serveiseducatius.xtec.cat\/terraalta\/portada\/apropa-tjornades-de-didactica-del-patrimoni-al-camp-de-tarragona-i-les-terres-de-lebre\/","title":{"rendered":"Apropa&#8217; t: Jornades de did\u00e0ctica del patrimoni al Camp de Tarragona i les Terres de l&#8217;Ebre"},"content":{"rendered":"<p>Els museus registrats de Tarragona i les Terres de l&#8217;Ebre, el Departament de Cultura, els Serveis Educatius del Tarragon\u00e8s i els Serveis Educatius del Baix Ebre us conviden a <em><strong>Apropa&#8217;t,<\/strong><\/em> les jornades de did\u00e0ctica del patrimoni que es realitzaran el proper 5 de novembre a Tortosa i el 12 de novembre a Tarragona.<\/p>\n<p>El ric patrimoni del Camp de Tarragona i les Terres de l&#8217;Ebre ofereix uns recursos did\u00e0ctics a la comunitat educativa que van m\u00e9s enll\u00e0 del que et puguis imaginar. En aquestes jornades, et convidem a descobrir, pensar i dissenyar les experi\u00e8ncies educatives del teu patrimoni m\u00e9s proper.<em><strong> Apropa&#8217;t<\/strong><\/em>!.<\/p>\n<p>A qui van dirigides?<\/p>\n<p>Les jornades <em><strong>Apropa&#8217;t:<\/strong><\/em> di\u00e0legs d&#8217;educaci\u00f3 i patrimoni van dirigides al professorat de tots els nivells educatius, als professionals dels museus i la cultura i als estudiants universitaris que estiguin cursant estudis d\u2019educaci\u00f3, patrimoni, muse\u00edstica o gesti\u00f3 cultural.<\/p>\n<p>On i quan?<\/p>\n<p>Les jornades es faran els matins del dissabte 5 de novembre al Museu de Tortosa, i del dissabte 12 de novembre a l&#8217;Institut Pere Martell del Complex Educatiu de Tarragona.<\/p>\n<p>Vols m\u00e9s informaci\u00f3?<\/p>\n<p>Al web <a href=\"http:\/\/jornadesapropat.cat\">jornadesapropat.cat<\/a> hi trobar\u00e0s tota la informaci\u00f3 de les jornades. Per a qualsevol dubte, ens pots contactar al correu <a href=\"http:\/\/hola@jornadesapropat.cat\">hola@jornadesapropat.cat<\/a>.<\/p>\n","protected":false},"excerpt":{"rendered":"<p>Els museus registrats de Tarragona i les Terres de l&#8217;Ebre, el Departament de Cultura, els Serveis Educatius del Tarragon\u00e8s i els Serveis Educatius del Baix Ebre us conviden a Apropa&#8217;t, les jornades de did\u00e0ctica del patrimoni que es realitzaran el proper 5 de novembre a Tortosa i el 12 de novembre a Tarragona.<\/p>\n","protected":false},"author":1,"featured_media":8712,"comment_status":"open","ping_status":"open","sticky":false,"template":"","format":"standard","meta":{"_bbp_topic_count":0,"_bbp_reply_count":0,"_bbp_total_topic_count":0,"_bbp_total_reply_count":0,"_bbp_voice_count":0,"_bbp_anonymous_reply_count":0,"_bbp_topic_count_hidden":0,"_bbp_reply_count_hidden":0,"_bbp_forum_subforum_count":0,"site-sidebar-layout":"default","site-content-layout":"","ast-site-content-layout":"","site-content-style":"default","site-sidebar-style":"default","ast-global-header-display":"","ast-banner-title-visibility":"","ast-main-header-display":"","ast-hfb-above-header-display":"","ast-hfb-below-header-display":"","ast-hfb-mobile-header-display":"","site-post-title":"","ast-breadcrumbs-content":"","ast-featured-img":"","footer-sml-layout":"","theme-transparent-header-meta":"","adv-header-id-meta":"","stick-header-meta":"","header-above-stick-meta":"","header-main-stick-meta":"","header-below-stick-meta":"","astra-migrate-meta-layouts":"default","ast-page-background-enabled":"default","ast-page-background-meta":{"desktop":{"background-color":"var(--ast-global-color-4)","background-image":"","background-repeat":"repeat","background-position":"center center","background-size":"auto","background-attachment":"scroll","background-type":"","background-media":"","overlay-type":"","overlay-color":"","overlay-opacity":"","overlay-gradient":""},"tablet":{"background-color":"","background-image":"","background-repeat":"repeat","background-position":"center center","background-size":"auto","background-attachment":"scroll","background-type":"","background-media":"","overlay-type":"","overlay-color":"","overlay-opacity":"","overlay-gradient":""},"mobile":{"background-color":"","background-image":"","background-repeat":"repeat","background-position":"center center","background-size":"auto","background-attachment":"scroll","background-type":"","background-media":"","overlay-type":"","overlay-color":"","overlay-opacity":"","overlay-gradient":""}},"ast-content-background-meta":{"desktop":{"background-color":"var(--ast-global-color-5)","background-image":"","background-repeat":"repeat","background-position":"center center","background-size":"auto","background-attachment":"scroll","background-type":"","background-media":"","overlay-type":"","overlay-color":"","overlay-opacity":"","overlay-gradient":""},"tablet":{"background-color":"var(--ast-global-color-5)","background-image":"","background-repeat":"repeat","background-position":"center center","background-size":"auto","background-attachment":"scroll","background-type":"","background-media":"","overlay-type":"","overlay-color":"","overlay-opacity":"","overlay-gradient":""},"mobile":{"background-color":"var(--ast-global-color-5)","background-image":"","background-repeat":"repeat","background-position":"center center","background-size":"auto","background-attachment":"scroll","background-type":"","background-media":"","overlay-type":"","overlay-color":"","overlay-opacity":"","overlay-gradient":""}},"footnotes":""},"categories":[65,251,29],"tags":[],"class_list":["post-8711","post","type-post","status-publish","format-standard","has-post-thumbnail","hentry","category-crp","category-dinamica-educativa-sant-vicenc-dels-horts","category-portada"],"post_mailing_queue_ids":[],"_links":{"self":[{"href":"https:\/\/serveiseducatius.xtec.cat\/terraalta\/wp-json\/wp\/v2\/posts\/8711","targetHints":{"allow":["GET"]}}],"collection":[{"href":"https:\/\/serveiseducatius.xtec.cat\/terraalta\/wp-json\/wp\/v2\/posts"}],"about":[{"href":"https:\/\/serveiseducatius.xtec.cat\/terraalta\/wp-json\/wp\/v2\/types\/post"}],"author":[{"embeddable":true,"href":"https:\/\/serveiseducatius.xtec.cat\/terraalta\/wp-json\/wp\/v2\/users\/1"}],"replies":[{"embeddable":true,"href":"https:\/\/serveiseducatius.xtec.cat\/terraalta\/wp-json\/wp\/v2\/comments?post=8711"}],"version-history":[{"count":2,"href":"https:\/\/serveiseducatius.xtec.cat\/terraalta\/wp-json\/wp\/v2\/posts\/8711\/revisions"}],"predecessor-version":[{"id":8714,"href":"https:\/\/serveiseducatius.xtec.cat\/terraalta\/wp-json\/wp\/v2\/posts\/8711\/revisions\/8714"}],"wp:featuredmedia":[{"embeddable":true,"href":"https:\/\/serveiseducatius.xtec.cat\/terraalta\/wp-json\/wp\/v2\/media\/8712"}],"wp:attachment":[{"href":"https:\/\/serveiseducatius.xtec.cat\/terraalta\/wp-json\/wp\/v2\/media?parent=8711"}],"wp:term":[{"taxonomy":"category","embeddable":true,"href":"https:\/\/serveiseducatius.xtec.cat\/terraalta\/wp-json\/wp\/v2\/categories?post=8711"},{"taxonomy":"post_tag","embeddable":true,"href":"https:\/\/serveiseducatius.xtec.cat\/terraalta\/wp-json\/wp\/v2\/tags?post=8711"}],"curies":[{"name":"wp","href":"https:\/\/api.w.org\/{rel}","templated":true}]}}