{"id":17399,"date":"2026-06-11T09:30:17","date_gmt":"2026-06-11T07:30:17","guid":{"rendered":"https:\/\/serveiseducatius.xtec.cat\/terraalta\/?p=17399"},"modified":"2026-06-11T09:17:29","modified_gmt":"2026-06-11T07:17:29","slug":"xxiii-edicio-dels-jocs-florals-escolars-de-catalunya","status":"publish","type":"post","link":"https:\/\/serveiseducatius.xtec.cat\/terraalta\/general\/xxiii-edicio-dels-jocs-florals-escolars-de-catalunya\/","title":{"rendered":"XXIII Edici\u00f3 dels Jocs Florals Escolars de Catalunya"},"content":{"rendered":"<p style=\"text-align: justify;\" data-start=\"0\" data-end=\"396\">El passat dijous 4 de juny es va celebrar la final territorial de la XXIII edici\u00f3 dels Jocs Florals Escolars de Catalunya a la sala d\u2019actes de l\u2019INS de l\u2019Ebre de Tortosa. L\u2019acte, que va comen\u00e7ar a les 10 del mat\u00ed, va reunir alumnat de tots els nivells educatius, docents acompanyants i fam\u00edlies de les quatre comarques de les Terres de l\u2019Ebre que havien superat la fase comarcal del certamen.<\/p>\n<div class=\"qMYqUG_convSearchResultHighlightRoot\">\n<div class=\"\" data-turn-id-container=\"request-WEB:8a1435a2-6f4c-46ff-80c9-e042970509e8-0\" data-is-intersecting=\"true\">\n<section class=\"text-token-text-primary w-full focus:outline-none has-data-writing-block:pointer-events-none [&amp;:has([data-writing-block])&gt;*]:pointer-events-auto R6Vx5W_threadScrollVars scroll-mb-[calc(var(--scroll-root-safe-area-inset-bottom,0px)+var(--thread-response-height))] scroll-mt-[calc(var(--header-height)+min(200px,max(70px,20svh)))]\" dir=\"auto\" data-turn-id=\"request-WEB:8a1435a2-6f4c-46ff-80c9-e042970509e8-0\" data-turn-id-container=\"request-WEB:8a1435a2-6f4c-46ff-80c9-e042970509e8-0\" data-testid=\"conversation-turn-2\" data-scroll-anchor=\"false\" data-turn=\"assistant\">\n<div class=\"text-base my-auto mx-auto pb-10 [--thread-content-margin:var(--thread-content-margin-xs,calc(var(--spacing)*4))] @w-sm\/main:[--thread-content-margin:var(--thread-content-margin-sm,calc(var(--spacing)*6))] @w-lg\/main:[--thread-content-margin:var(--thread-content-margin-lg,calc(var(--spacing)*16))] px-(--thread-content-margin)\">\n<div class=\"[--thread-content-max-width:40rem] @w-lg\/main:[--thread-content-max-width:48rem] mx-auto max-w-(--thread-content-max-width) flex-1 group\/turn-messages focus-visible:outline-hidden relative flex w-full min-w-0 flex-col agent-turn\" data-conversation-screenshot-content=\"\">\n<div class=\"flex max-w-full flex-col gap-4 grow\">\n<div class=\"min-h-8 text-message relative flex w-full flex-col items-end gap-2 text-start break-words whitespace-normal outline-none keyboard-focused:focus-ring [.text-message+&amp;]:mt-1\" dir=\"auto\" tabindex=\"0\" data-message-author-role=\"assistant\" data-message-id=\"ce5030d1-a41e-4ff5-9f71-6a07129b4207\" data-message-model-slug=\"gpt-5-5\" data-turn-start-message=\"true\">\n<div class=\"flex w-full flex-col gap-1 empty:hidden\">\n<div class=\"markdown prose dark:prose-invert wrap-break-word w-full light markdown-new-styling\">\n<p style=\"text-align: justify;\" data-start=\"0\" data-end=\"409\" data-is-last-node=\"\" data-is-only-node=\"\">Amb la participaci\u00f3 de 36 centres d\u2019educaci\u00f3 prim\u00e0ria, secund\u00e0ria i educaci\u00f3 especial, i un total de 88 obres finalistes, la jornada es va iniciar amb el lliurament d\u2019un diploma de participaci\u00f3 i un petit obsequi a tots els centres participants. Tot seguit, es van atorgar els premis de les diferents categories, 13 en total, distribu\u00efdes entre les modalitats de prosa, poesia i conte audiovisual il\u00b7lustrat.<\/p>\n<\/div>\n<\/div>\n<\/div>\n<\/div>\n<\/div>\n<\/div>\n<\/section>\n<\/div>\n<\/div>\n<p style=\"text-align: justify;\" data-start=\"787\" data-end=\"1155\">Un dels moments m\u00e9s esperats de l\u2019acte va ser la revelaci\u00f3 dels guanyadors absoluts de cada categoria. Un cop fet p\u00fablic el veredicte del jurat, l\u2019alumnat premiat va llegir un fragment de la seva obra davant de tots els assistents i va rebre una flor, s\u00edmbol dels Jocs Florals, un diploma acreditatiu i diversos obsequis, com ara llibretes, estoigs i punts de llibre.<\/p>\n<p data-start=\"787\" data-end=\"1155\"><img loading=\"lazy\" decoding=\"async\" class=\"aligncenter wp-image-17400\" src=\"https:\/\/serveiseducatius.xtec.cat\/terraalta\/wp-content\/uploads\/usu1128\/2026\/06\/20260604_095604-1-scaled-e1781111248586-768x1024.jpg\" alt=\"\" width=\"399\" height=\"532\" srcset=\"https:\/\/serveiseducatius.xtec.cat\/terraalta\/wp-content\/uploads\/usu1128\/2026\/06\/20260604_095604-1-scaled-e1781111248586-768x1024.jpg 768w, https:\/\/serveiseducatius.xtec.cat\/terraalta\/wp-content\/uploads\/usu1128\/2026\/06\/20260604_095604-1-scaled-e1781111248586-225x300.jpg 225w, https:\/\/serveiseducatius.xtec.cat\/terraalta\/wp-content\/uploads\/usu1128\/2026\/06\/20260604_095604-1-scaled-e1781111248586-1152x1536.jpg 1152w, https:\/\/serveiseducatius.xtec.cat\/terraalta\/wp-content\/uploads\/usu1128\/2026\/06\/20260604_095604-1-scaled-e1781111248586-1536x2048.jpg 1536w, https:\/\/serveiseducatius.xtec.cat\/terraalta\/wp-content\/uploads\/usu1128\/2026\/06\/20260604_095604-1-scaled-e1781111248586.jpg 1920w\" sizes=\"auto, (max-width: 399px) 100vw, 399px\" \/><\/p>\n<p style=\"text-align: justify;\" data-start=\"1157\" data-end=\"1618\">La cerim\u00f2nia va estar marcada per l\u2019emoci\u00f3, la il\u00b7lusi\u00f3 i la satisfacci\u00f3 de veure reconeguda la feina realitzada pels xiquets i joves participants. L\u2019acte va comptar amb la pres\u00e8ncia del director dels Serveis Territorials d\u2019Educaci\u00f3 a les Terres de l\u2019Ebre, que va donar la benvinguda als assistents, aix\u00ed com de membres de la Inspecci\u00f3 Educativa, de la coordinaci\u00f3 dels Serveis Educatius als Serveis Territorials, de l\u2019Equip LIC i dels t\u00e8cnics dels Centres de Recursos Pedag\u00f2gics.<\/p>\n<p style=\"text-align: justify;\" data-start=\"1620\" data-end=\"1758\">Des del CRP de la Terra Alta volem felicitar i expressar la nostra m\u00e9s sincera enhorabona als centres de la comarca que hi van participar:<\/p>\n<ul style=\"text-align: justify;\" data-start=\"1760\" data-end=\"1881\">\n<li data-section-id=\"1qpcfvf\" data-start=\"1760\" data-end=\"1801\">Escola Montsagre d\u2019Horta de Sant Joan, amb quatre categories<\/li>\n<li data-section-id=\"1f8dl9h\" data-start=\"1802\" data-end=\"1843\">Escola Los Castellets de la Fatarella, amb una categoria<\/li>\n<li data-section-id=\"jimer1\" data-start=\"1844\" data-end=\"1881\">Escola Dr. Ferran de Corbera d\u2019Ebre, amb sis categories<\/li>\n<\/ul>\n<p style=\"text-align: justify;\" data-start=\"1883\" data-end=\"2298\">Aix\u00ed mateix, volem encoratjar tots els centres educatius de la comarca a participar en la propera edici\u00f3 dels Jocs Florals Escolars de Catalunya. Ho considerem una oportunitat excel\u00b7lent per fomentar la compet\u00e8ncia comunicativa i liter\u00e0ria de l\u2019alumnat, per prendre part en una iniciativa de gran tradici\u00f3 i arrelament al nostre pa\u00eds i per viure una experi\u00e8ncia enriquidora i memorable com \u00e9s una final territorial.<\/p>\n<p style=\"text-align: justify;\" data-start=\"2300\" data-end=\"2338\" data-is-last-node=\"\" data-is-only-node=\"\">Us hi esperem el curs vinent!<\/p>\n","protected":false},"excerpt":{"rendered":"<p>El passat dijous 4 de juny es va celebrar la final territorial de la XXIII edici\u00f3 dels Jocs Florals Escolars [&hellip;]<\/p>\n","protected":false},"author":1,"featured_media":17415,"comment_status":"open","ping_status":"open","sticky":false,"template":"","format":"standard","meta":{"_bbp_topic_count":0,"_bbp_reply_count":0,"_bbp_total_topic_count":0,"_bbp_total_reply_count":0,"_bbp_voice_count":0,"_bbp_anonymous_reply_count":0,"_bbp_topic_count_hidden":0,"_bbp_reply_count_hidden":0,"_bbp_forum_subforum_count":0,"site-sidebar-layout":"default","site-content-layout":"","ast-site-content-layout":"default","site-content-style":"default","site-sidebar-style":"default","ast-global-header-display":"","ast-banner-title-visibility":"","ast-main-header-display":"","ast-hfb-above-header-display":"","ast-hfb-below-header-display":"","ast-hfb-mobile-header-display":"","site-post-title":"","ast-breadcrumbs-content":"","ast-featured-img":"","footer-sml-layout":"","theme-transparent-header-meta":"default","adv-header-id-meta":"","stick-header-meta":"","header-above-stick-meta":"","header-main-stick-meta":"","header-below-stick-meta":"","astra-migrate-meta-layouts":"set","ast-page-background-enabled":"default","ast-page-background-meta":{"desktop":{"background-color":"var(--ast-global-color-4)","background-image":"","background-repeat":"repeat","background-position":"center center","background-size":"auto","background-attachment":"scroll","background-type":"","background-media":"","overlay-type":"","overlay-color":"","overlay-opacity":"","overlay-gradient":""},"tablet":{"background-color":"","background-image":"","background-repeat":"repeat","background-position":"center center","background-size":"auto","background-attachment":"scroll","background-type":"","background-media":"","overlay-type":"","overlay-color":"","overlay-opacity":"","overlay-gradient":""},"mobile":{"background-color":"","background-image":"","background-repeat":"repeat","background-position":"center center","background-size":"auto","background-attachment":"scroll","background-type":"","background-media":"","overlay-type":"","overlay-color":"","overlay-opacity":"","overlay-gradient":""}},"ast-content-background-meta":{"desktop":{"background-color":"var(--ast-global-color-5)","background-image":"","background-repeat":"repeat","background-position":"center center","background-size":"auto","background-attachment":"scroll","background-type":"","background-media":"","overlay-type":"","overlay-color":"","overlay-opacity":"","overlay-gradient":""},"tablet":{"background-color":"var(--ast-global-color-5)","background-image":"","background-repeat":"repeat","background-position":"center center","background-size":"auto","background-attachment":"scroll","background-type":"","background-media":"","overlay-type":"","overlay-color":"","overlay-opacity":"","overlay-gradient":""},"mobile":{"background-color":"var(--ast-global-color-5)","background-image":"","background-repeat":"repeat","background-position":"center center","background-size":"auto","background-attachment":"scroll","background-type":"","background-media":"","overlay-type":"","overlay-color":"","overlay-opacity":"","overlay-gradient":""}},"footnotes":""},"categories":[354,1828,1,71,1800,29,443,1827,446],"tags":[],"class_list":["post-17399","post","type-post","status-publish","format-standard","has-post-thumbnail","hentry","category-concurs","category-conte-audiovisual-illustrat","category-general","category-jocs-florals","category-poesia","category-portada","category-primaria","category-prosa","category-secundaria"],"post_mailing_queue_ids":[],"_links":{"self":[{"href":"https:\/\/serveiseducatius.xtec.cat\/terraalta\/wp-json\/wp\/v2\/posts\/17399","targetHints":{"allow":["GET"]}}],"collection":[{"href":"https:\/\/serveiseducatius.xtec.cat\/terraalta\/wp-json\/wp\/v2\/posts"}],"about":[{"href":"https:\/\/serveiseducatius.xtec.cat\/terraalta\/wp-json\/wp\/v2\/types\/post"}],"author":[{"embeddable":true,"href":"https:\/\/serveiseducatius.xtec.cat\/terraalta\/wp-json\/wp\/v2\/users\/1"}],"replies":[{"embeddable":true,"href":"https:\/\/serveiseducatius.xtec.cat\/terraalta\/wp-json\/wp\/v2\/comments?post=17399"}],"version-history":[{"count":5,"href":"https:\/\/serveiseducatius.xtec.cat\/terraalta\/wp-json\/wp\/v2\/posts\/17399\/revisions"}],"predecessor-version":[{"id":17417,"href":"https:\/\/serveiseducatius.xtec.cat\/terraalta\/wp-json\/wp\/v2\/posts\/17399\/revisions\/17417"}],"wp:featuredmedia":[{"embeddable":true,"href":"https:\/\/serveiseducatius.xtec.cat\/terraalta\/wp-json\/wp\/v2\/media\/17415"}],"wp:attachment":[{"href":"https:\/\/serveiseducatius.xtec.cat\/terraalta\/wp-json\/wp\/v2\/media?parent=17399"}],"wp:term":[{"taxonomy":"category","embeddable":true,"href":"https:\/\/serveiseducatius.xtec.cat\/terraalta\/wp-json\/wp\/v2\/categories?post=17399"},{"taxonomy":"post_tag","embeddable":true,"href":"https:\/\/serveiseducatius.xtec.cat\/terraalta\/wp-json\/wp\/v2\/tags?post=17399"}],"curies":[{"name":"wp","href":"https:\/\/api.w.org\/{rel}","templated":true}]}}