{"id":16662,"date":"2025-05-26T10:06:05","date_gmt":"2025-05-26T08:06:05","guid":{"rendered":"https:\/\/serveiseducatius.xtec.cat\/terraalta\/?p=16662"},"modified":"2025-06-18T23:07:34","modified_gmt":"2025-06-18T21:07:34","slug":"convocatoria-unificada-de-programes-dinnovacio-educativa-2025-2026","status":"publish","type":"post","link":"https:\/\/serveiseducatius.xtec.cat\/terraalta\/general\/convocatoria-unificada-de-programes-dinnovacio-educativa-2025-2026\/","title":{"rendered":"Convocat\u00f2ria Unificada de Programes d\u2019Innovaci\u00f3 Educativa 2025-2026"},"content":{"rendered":"<p style=\"text-align: justify;\">El Departament d\u2019Educaci\u00f3 i Formaci\u00f3 Professional ha publicat la convocat\u00f2ria p\u00fablica unificada per a la participaci\u00f3 de centres educatius sostinguts amb fons p\u00fablics en programes d\u2019innovaci\u00f3 educativa a partir del curs 2025-2026.<\/p>\n<p style=\"text-align: justify;\"><a href=\"https:\/\/serveiseducatius.xtec.cat\/terraalta\/wp-content\/uploads\/usu1128\/2025\/05\/553X553-LOGO-PROG-inn.png_1595044798.png\"><img loading=\"lazy\" decoding=\"async\" class=\"aligncenter wp-image-16663\" src=\"https:\/\/serveiseducatius.xtec.cat\/terraalta\/wp-content\/uploads\/usu1128\/2025\/05\/553X553-LOGO-PROG-inn.png_1595044798.png\" alt=\"\" width=\"356\" height=\"356\" srcset=\"https:\/\/serveiseducatius.xtec.cat\/terraalta\/wp-content\/uploads\/usu1128\/2025\/05\/553X553-LOGO-PROG-inn.png_1595044798.png 538w, https:\/\/serveiseducatius.xtec.cat\/terraalta\/wp-content\/uploads\/usu1128\/2025\/05\/553X553-LOGO-PROG-inn.png_1595044798-300x300.png 300w, https:\/\/serveiseducatius.xtec.cat\/terraalta\/wp-content\/uploads\/usu1128\/2025\/05\/553X553-LOGO-PROG-inn.png_1595044798-150x150.png 150w\" sizes=\"auto, (max-width: 356px) 100vw, 356px\" \/><\/a>Aquesta convocat\u00f2ria es regeix per <a href=\"https:\/\/portaldogc.gencat.cat\/utilsEADOP\/PDF\/9398\/2084552.pdf\">l\u2019Ordre EDF\/60\/2025, de 15 d\u2019abril, per la qual s\u2019estableix el reconeixement a la innovaci\u00f3 educativa i s\u2019aproven les bases generals reguladores de la convocat\u00f2ria unificada de programes d\u2019innovaci\u00f3 educativa corresponent al curs 2025-2026.<\/a><\/p>\n<p style=\"text-align: justify;\">La informaci\u00f3 relativa als programes d\u2019innovaci\u00f3 educativa, incloent-hi les places disponibles, els models, la documentaci\u00f3 necess\u00e0ria per participar-hi, aix\u00ed com els indicadors d\u2019avaluaci\u00f3 espec\u00edfics, \u00e9s la que consta en les bases de cada programa, d\u2019acord amb les corresponents resolucions. Aquesta informaci\u00f3 est\u00e0 disponible al Portal de centre, a l\u2019espai del programa respectiu.<\/p>\n<p style=\"text-align: justify;\"><a href=\"https:\/\/espai.educacio.gencat.cat\/Centres\/Innovacio-pedagogica\/Programes\/Pagines\/default.aspx\">https:\/\/espai.educacio.gencat.cat\/Centres\/Innovacio-pedagogica\/Programes\/Pagines\/default.aspx<\/a><\/p>\n<p style=\"text-align: justify;\">Les sol\u00b7licituds es poden presentar durant un termini de 25 dies h\u00e0bils a comptar des de l\u2019endem\u00e0 de la publicaci\u00f3 de la llista de programes que obren proc\u00e9s de participaci\u00f3 al Portal de centre.<\/p>\n<p><a href=\"https:\/\/serveiseducatius.xtec.cat\/terraalta\/wp-content\/uploads\/usu1128\/2025\/05\/unnamed.jpg\"><img loading=\"lazy\" decoding=\"async\" class=\"aligncenter size-full wp-image-16806\" src=\"https:\/\/serveiseducatius.xtec.cat\/terraalta\/wp-content\/uploads\/usu1128\/2025\/05\/unnamed.jpg\" alt=\"\" width=\"480\" height=\"756\" srcset=\"https:\/\/serveiseducatius.xtec.cat\/terraalta\/wp-content\/uploads\/usu1128\/2025\/05\/unnamed.jpg 480w, https:\/\/serveiseducatius.xtec.cat\/terraalta\/wp-content\/uploads\/usu1128\/2025\/05\/unnamed-190x300.jpg 190w\" sizes=\"auto, (max-width: 480px) 100vw, 480px\" \/><\/a><\/p>\n","protected":false},"excerpt":{"rendered":"<p>El Departament d\u2019Educaci\u00f3 i Formaci\u00f3 Professional ha publicat la convocat\u00f2ria p\u00fablica unificada per a la participaci\u00f3 de centres educatius sostinguts [&hellip;]<\/p>\n","protected":false},"author":1,"featured_media":16663,"comment_status":"open","ping_status":"closed","sticky":false,"template":"","format":"standard","meta":{"_bbp_topic_count":0,"_bbp_reply_count":0,"_bbp_total_topic_count":0,"_bbp_total_reply_count":0,"_bbp_voice_count":0,"_bbp_anonymous_reply_count":0,"_bbp_topic_count_hidden":0,"_bbp_reply_count_hidden":0,"_bbp_forum_subforum_count":0,"site-sidebar-layout":"default","site-content-layout":"","ast-site-content-layout":"default","site-content-style":"default","site-sidebar-style":"default","ast-global-header-display":"","ast-banner-title-visibility":"","ast-main-header-display":"","ast-hfb-above-header-display":"","ast-hfb-below-header-display":"","ast-hfb-mobile-header-display":"","site-post-title":"","ast-breadcrumbs-content":"","ast-featured-img":"","footer-sml-layout":"","theme-transparent-header-meta":"default","adv-header-id-meta":"","stick-header-meta":"","header-above-stick-meta":"","header-main-stick-meta":"","header-below-stick-meta":"","astra-migrate-meta-layouts":"set","ast-page-background-enabled":"default","ast-page-background-meta":{"desktop":{"background-color":"var(--ast-global-color-4)","background-image":"","background-repeat":"repeat","background-position":"center center","background-size":"auto","background-attachment":"scroll","background-type":"","background-media":"","overlay-type":"","overlay-color":"","overlay-opacity":"","overlay-gradient":""},"tablet":{"background-color":"","background-image":"","background-repeat":"repeat","background-position":"center center","background-size":"auto","background-attachment":"scroll","background-type":"","background-media":"","overlay-type":"","overlay-color":"","overlay-opacity":"","overlay-gradient":""},"mobile":{"background-color":"","background-image":"","background-repeat":"repeat","background-position":"center center","background-size":"auto","background-attachment":"scroll","background-type":"","background-media":"","overlay-type":"","overlay-color":"","overlay-opacity":"","overlay-gradient":""}},"ast-content-background-meta":{"desktop":{"background-color":"var(--ast-global-color-5)","background-image":"","background-repeat":"repeat","background-position":"center center","background-size":"auto","background-attachment":"scroll","background-type":"","background-media":"","overlay-type":"","overlay-color":"","overlay-opacity":"","overlay-gradient":""},"tablet":{"background-color":"var(--ast-global-color-5)","background-image":"","background-repeat":"repeat","background-position":"center center","background-size":"auto","background-attachment":"scroll","background-type":"","background-media":"","overlay-type":"","overlay-color":"","overlay-opacity":"","overlay-gradient":""},"mobile":{"background-color":"var(--ast-global-color-5)","background-image":"","background-repeat":"repeat","background-position":"center center","background-size":"auto","background-attachment":"scroll","background-type":"","background-media":"","overlay-type":"","overlay-color":"","overlay-opacity":"","overlay-gradient":""}},"footnotes":""},"categories":[1,442,29,443,446],"tags":[1635],"class_list":["post-16662","post","type-post","status-publish","format-standard","has-post-thumbnail","hentry","category-general","category-infantil","category-portada","category-primaria","category-secundaria","tag-covocatoria-programes-dinnovacio"],"post_mailing_queue_ids":[],"_links":{"self":[{"href":"https:\/\/serveiseducatius.xtec.cat\/terraalta\/wp-json\/wp\/v2\/posts\/16662","targetHints":{"allow":["GET"]}}],"collection":[{"href":"https:\/\/serveiseducatius.xtec.cat\/terraalta\/wp-json\/wp\/v2\/posts"}],"about":[{"href":"https:\/\/serveiseducatius.xtec.cat\/terraalta\/wp-json\/wp\/v2\/types\/post"}],"author":[{"embeddable":true,"href":"https:\/\/serveiseducatius.xtec.cat\/terraalta\/wp-json\/wp\/v2\/users\/1"}],"replies":[{"embeddable":true,"href":"https:\/\/serveiseducatius.xtec.cat\/terraalta\/wp-json\/wp\/v2\/comments?post=16662"}],"version-history":[{"count":3,"href":"https:\/\/serveiseducatius.xtec.cat\/terraalta\/wp-json\/wp\/v2\/posts\/16662\/revisions"}],"predecessor-version":[{"id":16808,"href":"https:\/\/serveiseducatius.xtec.cat\/terraalta\/wp-json\/wp\/v2\/posts\/16662\/revisions\/16808"}],"wp:featuredmedia":[{"embeddable":true,"href":"https:\/\/serveiseducatius.xtec.cat\/terraalta\/wp-json\/wp\/v2\/media\/16663"}],"wp:attachment":[{"href":"https:\/\/serveiseducatius.xtec.cat\/terraalta\/wp-json\/wp\/v2\/media?parent=16662"}],"wp:term":[{"taxonomy":"category","embeddable":true,"href":"https:\/\/serveiseducatius.xtec.cat\/terraalta\/wp-json\/wp\/v2\/categories?post=16662"},{"taxonomy":"post_tag","embeddable":true,"href":"https:\/\/serveiseducatius.xtec.cat\/terraalta\/wp-json\/wp\/v2\/tags?post=16662"}],"curies":[{"name":"wp","href":"https:\/\/api.w.org\/{rel}","templated":true}]}}