{"id":16655,"date":"2025-05-23T09:58:22","date_gmt":"2025-05-23T07:58:22","guid":{"rendered":"https:\/\/serveiseducatius.xtec.cat\/terraalta\/?p=16655"},"modified":"2025-05-23T09:58:22","modified_gmt":"2025-05-23T07:58:22","slug":"nova-maleta-pedagogica-descoles-verdes","status":"publish","type":"post","link":"https:\/\/serveiseducatius.xtec.cat\/terraalta\/general\/nova-maleta-pedagogica-descoles-verdes\/","title":{"rendered":"Nova maleta pedag\u00f2gica d&#8217;Escoles Verdes"},"content":{"rendered":"<div>\n<p>Amb motiu de celebraci\u00f3 del 25\u00e8 aniversari de la Xarxa d\u2019Escoles Verdes s\u2019ha creat una maleta de jocs i recursos sobre salut planet\u00e0ria adre\u00e7ada a totes les Escoles Verdes.<\/p>\n<p>La maleta cont\u00e9 propostes educatives a partir de jocs, llibres i recursos did\u00e0ctics pensats per oferir al professorat propostes per transmetre d\u2019una manera l\u00fadica i din\u00e0mica una tem\u00e0tica de rigorosa actualitat: la salut planet\u00e0ria i la seva relaci\u00f3 directa amb els \u00e0mbits de la biodiversitat, el sistema alimentari i el canvi clim\u00e0tic.<\/p>\n<\/div>\n<div>Podeu veure el\u00a0<a href=\"https:\/\/www.youtube.com\/watch?v=YYMsi3LdgwI\" target=\"_blank\" rel=\"noopener\" data-saferedirecturl=\"https:\/\/www.google.com\/url?q=https:\/\/www.youtube.com\/watch?v%3DYYMsi3LdgwI&amp;source=gmail&amp;ust=1748071902255000&amp;usg=AOvVaw3N5M03Gnkf57CLbIE94bsn\">v\u00eddeo de presentaci\u00f3<\/a><\/div>\n<div><\/div>\n<div>Tamb\u00e9 hi ha\u00a0<a href=\"https:\/\/mediambient.gencat.cat\/web\/.content\/home\/ambits_dactuacio\/persones-i-natura\/centres-educatius\/suport-educatiu\/maleta\/recull-jocs-llibres-maleta.pdf\" target=\"_blank\" rel=\"noopener\" data-saferedirecturl=\"https:\/\/www.google.com\/url?q=https:\/\/mediambient.gencat.cat\/web\/.content\/home\/ambits_dactuacio\/persones-i-natura\/centres-educatius\/suport-educatiu\/maleta\/recull-jocs-llibres-maleta.pdf&amp;source=gmail&amp;ust=1748071902255000&amp;usg=AOvVaw0SL2z1EYTr_iFwI62cwlfo\">El llistat de materials<\/a><\/div>\n<div><\/div>\n<div>i un\u00a0<a href=\"https:\/\/mediambient.gencat.cat\/web\/.content\/home\/ambits_dactuacio\/persones-i-natura\/centres-educatius\/suport-educatiu\/maleta\/manual-us-maleta.pdf\" target=\"_blank\" rel=\"noopener\" data-saferedirecturl=\"https:\/\/www.google.com\/url?q=https:\/\/mediambient.gencat.cat\/web\/.content\/home\/ambits_dactuacio\/persones-i-natura\/centres-educatius\/suport-educatiu\/maleta\/manual-us-maleta.pdf&amp;source=gmail&amp;ust=1748071902255000&amp;usg=AOvVaw1-D4zvORfQrY7jaf4Hdc1A\">Manual d&#8217;\u00fas per a docents<\/a><\/div>\n<div><\/div>\n<div>\n<p>S\u2019ofereixen jocs i recursos en format digital que formen part de les propostes que acabaran formant part de la maleta. Es tracta de materials descargables perqu\u00e8 els docents puguin imprimir i treballar a l\u2019aula amb l\u2019alumnat diferents aspectes relacionats amb el canvi clim\u00e0tic, l\u2019alimentaci\u00f3 i la biodiversitat.<\/p>\n<p>Les propostes estan classificades de manera diferenciada segons les franges d\u2019edat: I3, I4 i I5 d\u2019Educaci\u00f3 Infantil, 1r, 2n i 3r d\u2019Educaci\u00f3 Prim\u00e0ria i 4t, 5\u00e8 i 6\u00e8 d\u2019Educaci\u00f3 Prim\u00e0ria.<\/p>\n<\/div>\n<div><img loading=\"lazy\" decoding=\"async\" class=\"CToWUd a6T aligncenter\" tabindex=\"0\" src=\"https:\/\/mail.google.com\/mail\/u\/0?ui=2&amp;ik=e2cbf54c4d&amp;attid=0.1&amp;permmsgid=msg-a:r-1538270219173419484&amp;th=196fc0da6b73d1b8&amp;view=fimg&amp;fur=ip&amp;permmsgid=msg-a:r-1538270219173419484&amp;sz=s0-l75-ft&amp;attbid=ANGjdJ_PRIaZoqax_3hss3tsbsKUdsLoHxiq2M3qtqMMhIsrmjIG3UdkaiWzLG1c4RR1ODhOL5pxW3a6Nnw6pxNBuTxmTptQjEaQDmPSXGrSvczJOC8SQdBs5v7dmrQ&amp;disp=emb&amp;realattid=ii_mb0hcciz0&amp;zw\" alt=\"image.png\" width=\"533\" height=\"316\" data-image-whitelisted=\"\" data-bit=\"iit\" \/><\/div>\n<div><\/div>\n<div>Al\u00a0 <a href=\"https:\/\/xn--catleg-maletes-pedaggiques-fec53c.my.canva.site\/\">cat\u00e0teg de maletes pedag\u00f2giques del CRP<\/a> podeu trobar la maleta verda que tamb\u00e9 cont\u00e9 tots aquests materials!<\/div>\n","protected":false},"excerpt":{"rendered":"<p>Amb motiu de celebraci\u00f3 del 25\u00e8 aniversari de la Xarxa d\u2019Escoles Verdes s\u2019ha creat una maleta de jocs i recursos [&hellip;]<\/p>\n","protected":false},"author":1,"featured_media":16656,"comment_status":"open","ping_status":"closed","sticky":false,"template":"","format":"standard","meta":{"_bbp_topic_count":0,"_bbp_reply_count":0,"_bbp_total_topic_count":0,"_bbp_total_reply_count":0,"_bbp_voice_count":0,"_bbp_anonymous_reply_count":0,"_bbp_topic_count_hidden":0,"_bbp_reply_count_hidden":0,"_bbp_forum_subforum_count":0,"site-sidebar-layout":"default","site-content-layout":"","ast-site-content-layout":"default","site-content-style":"default","site-sidebar-style":"default","ast-global-header-display":"","ast-banner-title-visibility":"","ast-main-header-display":"","ast-hfb-above-header-display":"","ast-hfb-below-header-display":"","ast-hfb-mobile-header-display":"","site-post-title":"","ast-breadcrumbs-content":"","ast-featured-img":"","footer-sml-layout":"","theme-transparent-header-meta":"default","adv-header-id-meta":"","stick-header-meta":"","header-above-stick-meta":"","header-main-stick-meta":"","header-below-stick-meta":"","astra-migrate-meta-layouts":"set","ast-page-background-enabled":"default","ast-page-background-meta":{"desktop":{"background-color":"var(--ast-global-color-4)","background-image":"","background-repeat":"repeat","background-position":"center center","background-size":"auto","background-attachment":"scroll","background-type":"","background-media":"","overlay-type":"","overlay-color":"","overlay-opacity":"","overlay-gradient":""},"tablet":{"background-color":"","background-image":"","background-repeat":"repeat","background-position":"center center","background-size":"auto","background-attachment":"scroll","background-type":"","background-media":"","overlay-type":"","overlay-color":"","overlay-opacity":"","overlay-gradient":""},"mobile":{"background-color":"","background-image":"","background-repeat":"repeat","background-position":"center center","background-size":"auto","background-attachment":"scroll","background-type":"","background-media":"","overlay-type":"","overlay-color":"","overlay-opacity":"","overlay-gradient":""}},"ast-content-background-meta":{"desktop":{"background-color":"var(--ast-global-color-5)","background-image":"","background-repeat":"repeat","background-position":"center center","background-size":"auto","background-attachment":"scroll","background-type":"","background-media":"","overlay-type":"","overlay-color":"","overlay-opacity":"","overlay-gradient":""},"tablet":{"background-color":"var(--ast-global-color-5)","background-image":"","background-repeat":"repeat","background-position":"center center","background-size":"auto","background-attachment":"scroll","background-type":"","background-media":"","overlay-type":"","overlay-color":"","overlay-opacity":"","overlay-gradient":""},"mobile":{"background-color":"var(--ast-global-color-5)","background-image":"","background-repeat":"repeat","background-position":"center center","background-size":"auto","background-attachment":"scroll","background-type":"","background-media":"","overlay-type":"","overlay-color":"","overlay-opacity":"","overlay-gradient":""}},"footnotes":""},"categories":[262,1,29,443,76],"tags":[1633,1442,439,1631,1632,1634],"class_list":["post-16655","post","type-post","status-publish","format-standard","has-post-thumbnail","hentry","category-escoles-verdes","category-general","category-portada","category-primaria","category-recursos","tag-25e-aniversari-de-la-xarxa-descoles-verdes","tag-curs-2024-25","tag-escoles-verdes","tag-maleta-escoles-verdes","tag-meletes-pedagogiques","tag-xarxa-descoles-verdes"],"post_mailing_queue_ids":[],"_links":{"self":[{"href":"https:\/\/serveiseducatius.xtec.cat\/terraalta\/wp-json\/wp\/v2\/posts\/16655","targetHints":{"allow":["GET"]}}],"collection":[{"href":"https:\/\/serveiseducatius.xtec.cat\/terraalta\/wp-json\/wp\/v2\/posts"}],"about":[{"href":"https:\/\/serveiseducatius.xtec.cat\/terraalta\/wp-json\/wp\/v2\/types\/post"}],"author":[{"embeddable":true,"href":"https:\/\/serveiseducatius.xtec.cat\/terraalta\/wp-json\/wp\/v2\/users\/1"}],"replies":[{"embeddable":true,"href":"https:\/\/serveiseducatius.xtec.cat\/terraalta\/wp-json\/wp\/v2\/comments?post=16655"}],"version-history":[{"count":1,"href":"https:\/\/serveiseducatius.xtec.cat\/terraalta\/wp-json\/wp\/v2\/posts\/16655\/revisions"}],"predecessor-version":[{"id":16657,"href":"https:\/\/serveiseducatius.xtec.cat\/terraalta\/wp-json\/wp\/v2\/posts\/16655\/revisions\/16657"}],"wp:featuredmedia":[{"embeddable":true,"href":"https:\/\/serveiseducatius.xtec.cat\/terraalta\/wp-json\/wp\/v2\/media\/16656"}],"wp:attachment":[{"href":"https:\/\/serveiseducatius.xtec.cat\/terraalta\/wp-json\/wp\/v2\/media?parent=16655"}],"wp:term":[{"taxonomy":"category","embeddable":true,"href":"https:\/\/serveiseducatius.xtec.cat\/terraalta\/wp-json\/wp\/v2\/categories?post=16655"},{"taxonomy":"post_tag","embeddable":true,"href":"https:\/\/serveiseducatius.xtec.cat\/terraalta\/wp-json\/wp\/v2\/tags?post=16655"}],"curies":[{"name":"wp","href":"https:\/\/api.w.org\/{rel}","templated":true}]}}