{"id":16448,"date":"2025-02-25T09:59:01","date_gmt":"2025-02-25T08:59:01","guid":{"rendered":"https:\/\/serveiseducatius.xtec.cat\/terraalta\/?p=16448"},"modified":"2025-02-25T09:59:01","modified_gmt":"2025-02-25T08:59:01","slug":"curtmetratge-de-la-bici-de-la-lola","status":"publish","type":"post","link":"https:\/\/serveiseducatius.xtec.cat\/terraalta\/general\/curtmetratge-de-la-bici-de-la-lola\/","title":{"rendered":"Curtmetratge de &#8220;La bici de la Lola&#8221;"},"content":{"rendered":"<p style=\"text-align: justify;\"><a href=\"https:\/\/serveiseducatius.xtec.cat\/terraalta\/wp-content\/uploads\/usu1128\/2025\/02\/Screenshot-1.png\"><img loading=\"lazy\" decoding=\"async\" class=\"aligncenter  wp-image-16449\" src=\"https:\/\/serveiseducatius.xtec.cat\/terraalta\/wp-content\/uploads\/usu1128\/2025\/02\/Screenshot-1-1024x652.png\" alt=\"\" width=\"548\" height=\"349\" srcset=\"https:\/\/serveiseducatius.xtec.cat\/terraalta\/wp-content\/uploads\/usu1128\/2025\/02\/Screenshot-1-1024x652.png 1024w, https:\/\/serveiseducatius.xtec.cat\/terraalta\/wp-content\/uploads\/usu1128\/2025\/02\/Screenshot-1-300x191.png 300w, https:\/\/serveiseducatius.xtec.cat\/terraalta\/wp-content\/uploads\/usu1128\/2025\/02\/Screenshot-1-768x489.png 768w, https:\/\/serveiseducatius.xtec.cat\/terraalta\/wp-content\/uploads\/usu1128\/2025\/02\/Screenshot-1.png 1091w\" sizes=\"auto, (max-width: 548px) 100vw, 548px\" \/><\/a>El conte &#8220;La bici de la Lola\u201d fa el salt a la gran pantalla i ben aviat esdevindr\u00e0 un curtmetratge per veure al cinema.<\/p>\n<p style=\"text-align: justify;\">Aquesta ser\u00e0 una pe\u00e7a en format h\u00edbrid: RealAction&amp;Animation, \u00e9s a dir, tindr\u00e0 escenes d\u2019animaci\u00f3 i escenes rodades amb actrius i actors reals. El finan\u00e7ament que es pugui aconseguir amb el Verkami servir\u00e0 per fer realitat tant el rodatge com les escenes animades de la pel\u00b7l\u00edcula.<\/p>\n<p style=\"text-align: justify;\">Us imagineu com ser\u00e0 veure els dibuixos de la Judit Piella en moviment? Veure a la Lola i la seva bici pedalejant sota l\u2019aigua? Quina cara tindr\u00e0 la Lola, l\u2019Uma i la seva colla com actrius i actors de carn i ossos?<\/p>\n<p style=\"text-align: justify;\">Amb l\u2019adaptaci\u00f3 cinematogr\u00e0fica es vol<strong>\u00a0facilitar encara m\u00e9s la prevenci\u00f3 i detecci\u00f3 de les viol\u00e8ncies sexuals<\/strong>, juntament als m\u00e9s petits i petites de cada casa. I es vol fer, com sempre, amb molt d\u2019art.<\/p>\n<p style=\"text-align: justify;\">Ja s\u00f3n\u00a0m\u00e9s de 15 professionals del m\u00f3n del cinema que s\u2019han sumat a la proposta i s\u2019han ofert a col\u00b7laborar en el projecte, inicialment, de manera altruista.<\/p>\n<p style=\"text-align: justify;\">La intenci\u00f3 d&#8217;aquest curt \u00e9s que &#8220;La bici de la Lola&#8221; arribi encara a m\u00e9s gent per seguir prevenint les viol\u00e8ncies sexuals vers la inf\u00e0ncia i ho faci en diferents formats art\u00edstics per arribar a totes les sensibilitats.<\/p>\n<p style=\"text-align: justify;\">Des del SE de la Terra Alta volem donar suport a aquesta fant\u00e0stica iniciativa compartint aquesta campanya al nostre web i a les nostres xarxes socials. Perqu\u00e8 trencar els tab\u00fas \u00e9s el primer pas per tal que les viol\u00e8ncies sexuals a la inf\u00e0ncia deixin d&#8217;existir.<\/p>\n<p>Podeu trobar m\u00e9s informaci\u00f3 sobre aquesta proposta en aquest <a href=\"https:\/\/www.verkami.com\/projects\/40213-la-bici-de-la-lola-a-la-gran-pantalla-curtmetratge-per-a-la-prevencio-de-les-violencies-sexuals-en-la-infancia-format-hibrid-animacio-i-rodatge-per-a-tots-els-publics\">enlla\u00e7<\/a>.<\/p>\n","protected":false},"excerpt":{"rendered":"<p>El conte &#8220;La bici de la Lola\u201d fa el salt a la gran pantalla i ben aviat esdevindr\u00e0 un curtmetratge [&hellip;]<\/p>\n","protected":false},"author":1,"featured_media":16450,"comment_status":"open","ping_status":"closed","sticky":false,"template":"","format":"standard","meta":{"_bbp_topic_count":0,"_bbp_reply_count":0,"_bbp_total_topic_count":0,"_bbp_total_reply_count":0,"_bbp_voice_count":0,"_bbp_anonymous_reply_count":0,"_bbp_topic_count_hidden":0,"_bbp_reply_count_hidden":0,"_bbp_forum_subforum_count":0,"site-sidebar-layout":"default","site-content-layout":"","ast-site-content-layout":"default","site-content-style":"default","site-sidebar-style":"default","ast-global-header-display":"","ast-banner-title-visibility":"","ast-main-header-display":"","ast-hfb-above-header-display":"","ast-hfb-below-header-display":"","ast-hfb-mobile-header-display":"","site-post-title":"","ast-breadcrumbs-content":"","ast-featured-img":"","footer-sml-layout":"","theme-transparent-header-meta":"default","adv-header-id-meta":"","stick-header-meta":"","header-above-stick-meta":"","header-main-stick-meta":"","header-below-stick-meta":"","astra-migrate-meta-layouts":"set","ast-page-background-enabled":"default","ast-page-background-meta":{"desktop":{"background-color":"var(--ast-global-color-4)","background-image":"","background-repeat":"repeat","background-position":"center center","background-size":"auto","background-attachment":"scroll","background-type":"","background-media":"","overlay-type":"","overlay-color":"","overlay-opacity":"","overlay-gradient":""},"tablet":{"background-color":"","background-image":"","background-repeat":"repeat","background-position":"center center","background-size":"auto","background-attachment":"scroll","background-type":"","background-media":"","overlay-type":"","overlay-color":"","overlay-opacity":"","overlay-gradient":""},"mobile":{"background-color":"","background-image":"","background-repeat":"repeat","background-position":"center center","background-size":"auto","background-attachment":"scroll","background-type":"","background-media":"","overlay-type":"","overlay-color":"","overlay-opacity":"","overlay-gradient":""}},"ast-content-background-meta":{"desktop":{"background-color":"var(--ast-global-color-5)","background-image":"","background-repeat":"repeat","background-position":"center center","background-size":"auto","background-attachment":"scroll","background-type":"","background-media":"","overlay-type":"","overlay-color":"","overlay-opacity":"","overlay-gradient":""},"tablet":{"background-color":"var(--ast-global-color-5)","background-image":"","background-repeat":"repeat","background-position":"center center","background-size":"auto","background-attachment":"scroll","background-type":"","background-media":"","overlay-type":"","overlay-color":"","overlay-opacity":"","overlay-gradient":""},"mobile":{"background-color":"var(--ast-global-color-5)","background-image":"","background-repeat":"repeat","background-position":"center center","background-size":"auto","background-attachment":"scroll","background-type":"","background-media":"","overlay-type":"","overlay-color":"","overlay-opacity":"","overlay-gradient":""}},"footnotes":""},"categories":[713,1,442,29,443,76,446],"tags":[1575,1576],"class_list":["post-16448","post","type-post","status-publish","format-standard","has-post-thumbnail","hentry","category-coeducat","category-general","category-infantil","category-portada","category-primaria","category-recursos","category-secundaria","tag-la-bici-de-la-lola-curtmetratge-stop-violencies-sexuals-tabus","tag-verkami-protegim-la-infancia"],"post_mailing_queue_ids":[],"_links":{"self":[{"href":"https:\/\/serveiseducatius.xtec.cat\/terraalta\/wp-json\/wp\/v2\/posts\/16448","targetHints":{"allow":["GET"]}}],"collection":[{"href":"https:\/\/serveiseducatius.xtec.cat\/terraalta\/wp-json\/wp\/v2\/posts"}],"about":[{"href":"https:\/\/serveiseducatius.xtec.cat\/terraalta\/wp-json\/wp\/v2\/types\/post"}],"author":[{"embeddable":true,"href":"https:\/\/serveiseducatius.xtec.cat\/terraalta\/wp-json\/wp\/v2\/users\/1"}],"replies":[{"embeddable":true,"href":"https:\/\/serveiseducatius.xtec.cat\/terraalta\/wp-json\/wp\/v2\/comments?post=16448"}],"version-history":[{"count":1,"href":"https:\/\/serveiseducatius.xtec.cat\/terraalta\/wp-json\/wp\/v2\/posts\/16448\/revisions"}],"predecessor-version":[{"id":16451,"href":"https:\/\/serveiseducatius.xtec.cat\/terraalta\/wp-json\/wp\/v2\/posts\/16448\/revisions\/16451"}],"wp:featuredmedia":[{"embeddable":true,"href":"https:\/\/serveiseducatius.xtec.cat\/terraalta\/wp-json\/wp\/v2\/media\/16450"}],"wp:attachment":[{"href":"https:\/\/serveiseducatius.xtec.cat\/terraalta\/wp-json\/wp\/v2\/media?parent=16448"}],"wp:term":[{"taxonomy":"category","embeddable":true,"href":"https:\/\/serveiseducatius.xtec.cat\/terraalta\/wp-json\/wp\/v2\/categories?post=16448"},{"taxonomy":"post_tag","embeddable":true,"href":"https:\/\/serveiseducatius.xtec.cat\/terraalta\/wp-json\/wp\/v2\/tags?post=16448"}],"curies":[{"name":"wp","href":"https:\/\/api.w.org\/{rel}","templated":true}]}}