{"id":16436,"date":"2025-02-25T10:12:47","date_gmt":"2025-02-25T09:12:47","guid":{"rendered":"https:\/\/serveiseducatius.xtec.cat\/terraalta\/?p=16436"},"modified":"2025-02-25T10:12:47","modified_gmt":"2025-02-25T09:12:47","slug":"guia-per-acompanyar-les-converses-literaries","status":"publish","type":"post","link":"https:\/\/serveiseducatius.xtec.cat\/terraalta\/general\/guia-per-acompanyar-les-converses-literaries\/","title":{"rendered":"Guia per acompanyar les converses liter\u00e0ries"},"content":{"rendered":"<p style=\"text-align: justify;\"><a href=\"https:\/\/serveiseducatius.xtec.cat\/terraalta\/wp-content\/uploads\/usu1128\/2025\/02\/Guia-per-acompanyar-converses-literaries_Anna-Soler_Escola-Font-rubia.png\"><img loading=\"lazy\" decoding=\"async\" class=\"aligncenter wp-image-16438\" src=\"https:\/\/serveiseducatius.xtec.cat\/terraalta\/wp-content\/uploads\/usu1128\/2025\/02\/Guia-per-acompanyar-converses-literaries_Anna-Soler_Escola-Font-rubia.png\" alt=\"\" width=\"363\" height=\"438\" srcset=\"https:\/\/serveiseducatius.xtec.cat\/terraalta\/wp-content\/uploads\/usu1128\/2025\/02\/Guia-per-acompanyar-converses-literaries_Anna-Soler_Escola-Font-rubia.png 455w, https:\/\/serveiseducatius.xtec.cat\/terraalta\/wp-content\/uploads\/usu1128\/2025\/02\/Guia-per-acompanyar-converses-literaries_Anna-Soler_Escola-Font-rubia-249x300.png 249w\" sizes=\"auto, (max-width: 363px) 100vw, 363px\" \/><\/a>Us presentem aquest material creat per l\u2019Anna Soler per donar resposta a un dels objectius del Pla d\u2019acci\u00f3 de l\u2019<a href=\"http:\/\/www.escolafontrubia.cat\/\" target=\"_blank\" rel=\"noreferrer noopener\">escola Font-r\u00fabia<\/a>\u00a0del projecte 23 Erasmus\u00a0KA120\u00a0<a href=\"https:\/\/projectes.xtec.cat\/cete\/\" target=\"_blank\" rel=\"noreferrer noopener\">CETE+<\/a>, equip BE Puntedu (erasmusbescat), despr\u00e9s del job shadowing fet a Bolzano i cont\u00e9:<\/p>\n<p style=\"text-align: justify;\">-Una guia per als docents per acompanyar les converses liter\u00e0ries (format tr\u00edptic, p\u00e0gines 2 i 3)<br \/>\n-Preguntes per als exploradors literaris (p\u00e0gines 4-9 ). Aquest material est\u00e0 pensat per muntar-lo en forma de clauer amb fitxes plastificades de mida din A5 (a doble cara) i que es pugui utilitzar amb els alumnes despr\u00e9s d\u2019haver llegit un llibre conjuntament.<br \/>\nEs busca que les diferents preguntes de cada llista donin peu a reflexionar i comentar aspectes diversos del llibre i aprofundir en el seu an\u00e0lisi.<\/p>\n<p style=\"text-align: justify;\"><a href=\"https:\/\/drive.google.com\/file\/d\/17g5C01mwIxquukxqOsoHYiRFTknqE_Vm\/view\">Guia per acompanyar les Converses Liter\u00e0ries<\/a><\/p>\n","protected":false},"excerpt":{"rendered":"<p>Us presentem aquest material creat per l\u2019Anna Soler per donar resposta a un dels objectius del Pla d\u2019acci\u00f3 de l\u2019escola [&hellip;]<\/p>\n","protected":false},"author":1,"featured_media":16438,"comment_status":"open","ping_status":"closed","sticky":false,"template":"","format":"standard","meta":{"_bbp_topic_count":0,"_bbp_reply_count":0,"_bbp_total_topic_count":0,"_bbp_total_reply_count":0,"_bbp_voice_count":0,"_bbp_anonymous_reply_count":0,"_bbp_topic_count_hidden":0,"_bbp_reply_count_hidden":0,"_bbp_forum_subforum_count":0,"site-sidebar-layout":"default","site-content-layout":"","ast-site-content-layout":"default","site-content-style":"default","site-sidebar-style":"default","ast-global-header-display":"","ast-banner-title-visibility":"","ast-main-header-display":"","ast-hfb-above-header-display":"","ast-hfb-below-header-display":"","ast-hfb-mobile-header-display":"","site-post-title":"","ast-breadcrumbs-content":"","ast-featured-img":"","footer-sml-layout":"","theme-transparent-header-meta":"default","adv-header-id-meta":"","stick-header-meta":"","header-above-stick-meta":"","header-main-stick-meta":"","header-below-stick-meta":"","astra-migrate-meta-layouts":"set","ast-page-background-enabled":"default","ast-page-background-meta":{"desktop":{"background-color":"var(--ast-global-color-4)","background-image":"","background-repeat":"repeat","background-position":"center center","background-size":"auto","background-attachment":"scroll","background-type":"","background-media":"","overlay-type":"","overlay-color":"","overlay-opacity":"","overlay-gradient":""},"tablet":{"background-color":"","background-image":"","background-repeat":"repeat","background-position":"center center","background-size":"auto","background-attachment":"scroll","background-type":"","background-media":"","overlay-type":"","overlay-color":"","overlay-opacity":"","overlay-gradient":""},"mobile":{"background-color":"","background-image":"","background-repeat":"repeat","background-position":"center center","background-size":"auto","background-attachment":"scroll","background-type":"","background-media":"","overlay-type":"","overlay-color":"","overlay-opacity":"","overlay-gradient":""}},"ast-content-background-meta":{"desktop":{"background-color":"var(--ast-global-color-5)","background-image":"","background-repeat":"repeat","background-position":"center center","background-size":"auto","background-attachment":"scroll","background-type":"","background-media":"","overlay-type":"","overlay-color":"","overlay-opacity":"","overlay-gradient":""},"tablet":{"background-color":"var(--ast-global-color-5)","background-image":"","background-repeat":"repeat","background-position":"center center","background-size":"auto","background-attachment":"scroll","background-type":"","background-media":"","overlay-type":"","overlay-color":"","overlay-opacity":"","overlay-gradient":""},"mobile":{"background-color":"var(--ast-global-color-5)","background-image":"","background-repeat":"repeat","background-position":"center center","background-size":"auto","background-attachment":"scroll","background-type":"","background-media":"","overlay-type":"","overlay-color":"","overlay-opacity":"","overlay-gradient":""}},"footnotes":""},"categories":[449,1295,1,442,29,443,76],"tags":[1578,1577],"class_list":["post-16436","post","type-post","status-publish","format-standard","has-post-thumbnail","hentry","category-biblioteca-escolar-puntedu","category-comprensio-lectora","category-general","category-infantil","category-portada","category-primaria","category-recursos","tag-biblioteca-escolar-puntedu","tag-guia-converses-literaries-preguntes-exploradors-literaris-animacio-a-la-lectura-dinamitzacio"],"post_mailing_queue_ids":[],"_links":{"self":[{"href":"https:\/\/serveiseducatius.xtec.cat\/terraalta\/wp-json\/wp\/v2\/posts\/16436","targetHints":{"allow":["GET"]}}],"collection":[{"href":"https:\/\/serveiseducatius.xtec.cat\/terraalta\/wp-json\/wp\/v2\/posts"}],"about":[{"href":"https:\/\/serveiseducatius.xtec.cat\/terraalta\/wp-json\/wp\/v2\/types\/post"}],"author":[{"embeddable":true,"href":"https:\/\/serveiseducatius.xtec.cat\/terraalta\/wp-json\/wp\/v2\/users\/1"}],"replies":[{"embeddable":true,"href":"https:\/\/serveiseducatius.xtec.cat\/terraalta\/wp-json\/wp\/v2\/comments?post=16436"}],"version-history":[{"count":2,"href":"https:\/\/serveiseducatius.xtec.cat\/terraalta\/wp-json\/wp\/v2\/posts\/16436\/revisions"}],"predecessor-version":[{"id":16452,"href":"https:\/\/serveiseducatius.xtec.cat\/terraalta\/wp-json\/wp\/v2\/posts\/16436\/revisions\/16452"}],"wp:featuredmedia":[{"embeddable":true,"href":"https:\/\/serveiseducatius.xtec.cat\/terraalta\/wp-json\/wp\/v2\/media\/16438"}],"wp:attachment":[{"href":"https:\/\/serveiseducatius.xtec.cat\/terraalta\/wp-json\/wp\/v2\/media?parent=16436"}],"wp:term":[{"taxonomy":"category","embeddable":true,"href":"https:\/\/serveiseducatius.xtec.cat\/terraalta\/wp-json\/wp\/v2\/categories?post=16436"},{"taxonomy":"post_tag","embeddable":true,"href":"https:\/\/serveiseducatius.xtec.cat\/terraalta\/wp-json\/wp\/v2\/tags?post=16436"}],"curies":[{"name":"wp","href":"https:\/\/api.w.org\/{rel}","templated":true}]}}