{"id":16342,"date":"2024-12-16T15:41:29","date_gmt":"2024-12-16T14:41:29","guid":{"rendered":"https:\/\/serveiseducatius.xtec.cat\/terraalta\/?p=16342"},"modified":"2024-12-16T15:42:18","modified_gmt":"2024-12-16T14:42:18","slug":"premis-atrapallibres-i-protagonista-jove","status":"publish","type":"post","link":"https:\/\/serveiseducatius.xtec.cat\/terraalta\/general\/premis-atrapallibres-i-protagonista-jove\/","title":{"rendered":"Premis Atrapallibres i Protagonista Jove"},"content":{"rendered":"<p style=\"text-align: justify;\"><a href=\"https:\/\/www.ibbycat.cat\/programes\/premis-atrapallibres-i-protagonista-jove\/\"><img loading=\"lazy\" decoding=\"async\" class=\"aligncenter wp-image-16346\" src=\"https:\/\/serveiseducatius.xtec.cat\/terraalta\/wp-content\/uploads\/usu1128\/2024\/12\/Ibbycat_Premis25_programa_cara-2-scaled-1-724x1024.jpg\" alt=\"\" width=\"487\" height=\"689\" \/><\/a>El principal objectiu dels Premis Atrapallibres i Protagonista Jove \u00e9s promoure la <strong>lectura\u00a0en llengua catalana<\/strong>\u00a0i fomentar la\u00a0<strong>formaci\u00f3 liter\u00e0ria<\/strong>\u00a0dels infants i els joves. Una tasca imprescindible per a la seva educaci\u00f3 global.<\/p>\n<p style=\"text-align: justify;\">Es tracta d&#8217;uns premis molt consolidats amb una <strong>llarga traject\u00f2ria<\/strong>\u00a0a casa nostra:<\/p>\n<ul style=\"text-align: justify;\">\n<li>Premi Atrapallibres (categories 9, 10 i 11 anys), 20a edici\u00f3<\/li>\n<li>Premi Protagonista Jove (categories 12-14 i 14-16\u00a0anys), 29a edici\u00f3<\/li>\n<\/ul>\n<p style=\"text-align: justify;\">S\u00f3n els \u00fanics guardons amb un\u00a0<strong>jurat format per infants i joves<\/strong>\u00a0d\u2019arreu del territori de parla catalana. \u00c9s a dir, \u00e9s l&#8217;\u00fanic certamen literari en qu\u00e8 s\u00f3n els nens i nenes (i\u00a0no els adults!) els que trien quines s\u00f3n les millors obres d&#8217;aquell any.<\/p>\n<p style=\"text-align: justify;\">La tria dels llibres de cada categoria la fa una <strong>comissi\u00f3 d\u2019especialistes<\/strong> de l\u2019IBBYcat &#8211;\u00a0Consell Catal\u00e0 del Llibre\u00a0Infantil i Juvenil, que es llegeix\u00a0tot el que es publica en catal\u00e0. L\u2019<a href=\"https:\/\/ibbycat.us18.list-manage.com\/track\/click?u=57d5c37e4e968a84867b70545&amp;id=8d720276e0&amp;e=7f7787270d\" target=\"_blank\" rel=\"noopener\" data-saferedirecturl=\"https:\/\/www.google.com\/url?q=https:\/\/ibbycat.us18.list-manage.com\/track\/click?u%3D57d5c37e4e968a84867b70545%26id%3D8d720276e0%26e%3D7f7787270d&amp;source=gmail&amp;ust=1734445209204000&amp;usg=AOvVaw1jazwYtqv2akqmSO1NtPUR\"><strong>IBBYcat <\/strong><\/a>\u00e9s una entitat sense \u00e0nim de lucre, amb 42 anys de traject\u00f2ria,<strong>\u00a0<\/strong>que vetlla per preservar el\u00a0<strong>dret fonamental<\/strong>\u00a0de tots els infants i joves a ser lectors, i per cultivar una literatura infantil i juvenil catalana, i en catal\u00e0, de la m\u00e9s\u00a0<strong>alta qualitat<\/strong>.\u00a0<strong>\u00a0<\/strong><\/p>\n<p style=\"text-align: justify;\">Les inscripcions poden ser\u00a0<strong>grupals<\/strong>\u00a0(escoles, instituts, biblioteques, llibreries, clubs de lectura\u2026) o\u00a0<strong>individuals<\/strong> (fam\u00edlies a t\u00edtol particular). A m\u00e9s, \u00e9s una proposta <strong>gratu\u00efta.<\/strong><\/p>\n<p style=\"text-align: justify;\">Inscriure&#8217;s \u00e9s molt <strong>f\u00e0cil, <\/strong>nom\u00e9s cal que seguiu els passos seg\u00fcents:<\/p>\n<ul style=\"text-align: justify;\">\n<li>Inscriure\u2019s abans del <strong>15\/12\/2024 a les\u00a023:59<\/strong> h!<\/li>\n<li>Llegir les tres obres finalistes de la categoria escollida.<\/li>\n<li>Comentar-les i valorar-les, aprofundint en la lectura cr\u00edtica i practicant la conversa liter\u00e0ria.<\/li>\n<li>Votar<\/li>\n<\/ul>\n<p style=\"text-align: justify;\">L\u2019IBBYcat ofereix recursos per facilitar i acompanyar la\u00a0<strong>mediaci\u00f3 liter\u00e0ria<\/strong>: guies de lectura, trobades amb autors, el Kit Jurat&#8230;<\/p>\n<p style=\"text-align: justify;\">Al final de l&#8217;edici\u00f3, al juny, hi ha una\u00a0<a href=\"https:\/\/ibbycat.us18.list-manage.com\/track\/click?u=57d5c37e4e968a84867b70545&amp;id=3ce179142f&amp;e=7f7787270d\" target=\"_blank\" rel=\"noopener\" data-saferedirecturl=\"https:\/\/www.google.com\/url?q=https:\/\/ibbycat.us18.list-manage.com\/track\/click?u%3D57d5c37e4e968a84867b70545%26id%3D3ce179142f%26e%3D7f7787270d&amp;source=gmail&amp;ust=1734445209204000&amp;usg=AOvVaw2nL2Uzn1d-iZVIx9GiP0pD\"><strong>gala<\/strong><\/a>\u00a0on es donen a con\u00e8ixer les obres guanyadores de l&#8217;edici\u00f3, que \u00e9s una\u00a0<strong>gran festa<\/strong>!<\/p>\n<p style=\"text-align: justify;\">Els membres del jurat formen part d&#8217;una\u00a0<strong>gran comunitat lectora\u00a0<\/strong>que es va creant al llarg de tot el\u00a0curs, i que es materialitza amb les Trobades de Jurats i amb la participaci\u00f3 de les principals fires i festivals literaris com M\u00f3n Llibre o La Setmana del Llibre en Catal\u00e0.<\/p>\n<p style=\"text-align: justify;\">Els Premis donen\u00a0<strong>veu als infants i joves<\/strong>: busquen reivindicar la gran tasca d&#8217;an\u00e0lisi cr\u00edtica que fan els milers de membres del jurat i fer valer la seva tria, tot difonent-la a trav\u00e9s dels mitjans de comunicaci\u00f3. Aquesta tria t\u00e9 un <strong>impacte directe en altres lectors<\/strong>. Aix\u00ed, els nostres petits grans membres del jurat dels Premis es converteixen\u00a0en els millors prescriptors per altres nens i nenes com ells.<\/p>\n<p style=\"text-align: justify;\"><strong>Els Premis s\u00f3n Cultura<\/strong>.\u00a0Al llarg de les darreres edicions, els Premis s&#8217;han consolidat com un\u00a0<strong>esdeveniment literari transversal<\/strong>\u00a0que<strong>\u00a0<\/strong>permet als infants i joves fer els primers passos de la seva vida cultural.<\/p>\n<p>Podeu fer la inscripci\u00f3 clicant <a href=\"https:\/\/www.ibbycat.cat\/programes\/premis-atrapallibres-i-protagonista-jove\/inscripcions\/\">aqu\u00ed<\/a>.<\/p>\n","protected":false},"excerpt":{"rendered":"<p>El principal objectiu dels Premis Atrapallibres i Protagonista Jove \u00e9s promoure la lectura\u00a0en llengua catalana\u00a0i fomentar la\u00a0formaci\u00f3 liter\u00e0ria\u00a0dels infants i [&hellip;]<\/p>\n","protected":false},"author":1,"featured_media":16346,"comment_status":"open","ping_status":"closed","sticky":false,"template":"","format":"standard","meta":{"_bbp_topic_count":0,"_bbp_reply_count":0,"_bbp_total_topic_count":0,"_bbp_total_reply_count":0,"_bbp_voice_count":0,"_bbp_anonymous_reply_count":0,"_bbp_topic_count_hidden":0,"_bbp_reply_count_hidden":0,"_bbp_forum_subforum_count":0,"site-sidebar-layout":"default","site-content-layout":"","ast-site-content-layout":"","site-content-style":"default","site-sidebar-style":"default","ast-global-header-display":"","ast-banner-title-visibility":"","ast-main-header-display":"","ast-hfb-above-header-display":"","ast-hfb-below-header-display":"","ast-hfb-mobile-header-display":"","site-post-title":"","ast-breadcrumbs-content":"","ast-featured-img":"","footer-sml-layout":"","theme-transparent-header-meta":"","adv-header-id-meta":"","stick-header-meta":"","header-above-stick-meta":"","header-main-stick-meta":"","header-below-stick-meta":"","astra-migrate-meta-layouts":"default","ast-page-background-enabled":"default","ast-page-background-meta":{"desktop":{"background-color":"var(--ast-global-color-4)","background-image":"","background-repeat":"repeat","background-position":"center center","background-size":"auto","background-attachment":"scroll","background-type":"","background-media":"","overlay-type":"","overlay-color":"","overlay-opacity":"","overlay-gradient":""},"tablet":{"background-color":"","background-image":"","background-repeat":"repeat","background-position":"center center","background-size":"auto","background-attachment":"scroll","background-type":"","background-media":"","overlay-type":"","overlay-color":"","overlay-opacity":"","overlay-gradient":""},"mobile":{"background-color":"","background-image":"","background-repeat":"repeat","background-position":"center center","background-size":"auto","background-attachment":"scroll","background-type":"","background-media":"","overlay-type":"","overlay-color":"","overlay-opacity":"","overlay-gradient":""}},"ast-content-background-meta":{"desktop":{"background-color":"var(--ast-global-color-5)","background-image":"","background-repeat":"repeat","background-position":"center center","background-size":"auto","background-attachment":"scroll","background-type":"","background-media":"","overlay-type":"","overlay-color":"","overlay-opacity":"","overlay-gradient":""},"tablet":{"background-color":"var(--ast-global-color-5)","background-image":"","background-repeat":"repeat","background-position":"center center","background-size":"auto","background-attachment":"scroll","background-type":"","background-media":"","overlay-type":"","overlay-color":"","overlay-opacity":"","overlay-gradient":""},"mobile":{"background-color":"var(--ast-global-color-5)","background-image":"","background-repeat":"repeat","background-position":"center center","background-size":"auto","background-attachment":"scroll","background-type":"","background-media":"","overlay-type":"","overlay-color":"","overlay-opacity":"","overlay-gradient":""}},"footnotes":""},"categories":[1295,354,1,29,443,446],"tags":[1545,1544],"class_list":["post-16342","post","type-post","status-publish","format-standard","has-post-thumbnail","hentry","category-comprensio-lectora","category-concurs","category-general","category-portada","category-primaria","category-secundaria","tag-literatura-lectors-esperit-critic","tag-llengua-catalana-lectura-jurat-infantil-el-plaer-de-la-lectura-ibbycat-concurs"],"post_mailing_queue_ids":[],"_links":{"self":[{"href":"https:\/\/serveiseducatius.xtec.cat\/terraalta\/wp-json\/wp\/v2\/posts\/16342","targetHints":{"allow":["GET"]}}],"collection":[{"href":"https:\/\/serveiseducatius.xtec.cat\/terraalta\/wp-json\/wp\/v2\/posts"}],"about":[{"href":"https:\/\/serveiseducatius.xtec.cat\/terraalta\/wp-json\/wp\/v2\/types\/post"}],"author":[{"embeddable":true,"href":"https:\/\/serveiseducatius.xtec.cat\/terraalta\/wp-json\/wp\/v2\/users\/1"}],"replies":[{"embeddable":true,"href":"https:\/\/serveiseducatius.xtec.cat\/terraalta\/wp-json\/wp\/v2\/comments?post=16342"}],"version-history":[{"count":4,"href":"https:\/\/serveiseducatius.xtec.cat\/terraalta\/wp-json\/wp\/v2\/posts\/16342\/revisions"}],"predecessor-version":[{"id":16348,"href":"https:\/\/serveiseducatius.xtec.cat\/terraalta\/wp-json\/wp\/v2\/posts\/16342\/revisions\/16348"}],"wp:featuredmedia":[{"embeddable":true,"href":"https:\/\/serveiseducatius.xtec.cat\/terraalta\/wp-json\/wp\/v2\/media\/16346"}],"wp:attachment":[{"href":"https:\/\/serveiseducatius.xtec.cat\/terraalta\/wp-json\/wp\/v2\/media?parent=16342"}],"wp:term":[{"taxonomy":"category","embeddable":true,"href":"https:\/\/serveiseducatius.xtec.cat\/terraalta\/wp-json\/wp\/v2\/categories?post=16342"},{"taxonomy":"post_tag","embeddable":true,"href":"https:\/\/serveiseducatius.xtec.cat\/terraalta\/wp-json\/wp\/v2\/tags?post=16342"}],"curies":[{"name":"wp","href":"https:\/\/api.w.org\/{rel}","templated":true}]}}