{"id":16319,"date":"2024-12-04T13:29:09","date_gmt":"2024-12-04T12:29:09","guid":{"rendered":"https:\/\/serveiseducatius.xtec.cat\/terraalta\/?p=16319"},"modified":"2024-12-04T13:29:09","modified_gmt":"2024-12-04T12:29:09","slug":"xxx-concurs-el-gust-per-la-lectura","status":"publish","type":"post","link":"https:\/\/serveiseducatius.xtec.cat\/terraalta\/general\/xxx-concurs-el-gust-per-la-lectura\/","title":{"rendered":"XXX Concurs El gust per la lectura"},"content":{"rendered":"<p style=\"text-align: justify;\">El Departament d&#8217;Educaci\u00f3 i Formaci\u00f3 Professional juntament amb el Servei de Suports i Recursos Ling\u00fc\u00edstics convoca el <strong>XXX Concurs El Gust per la Lectura<\/strong>, basat en una s\u00e8rie\u00a0<span id=\"m_-9164578322619208106m_3361763618854092734gmail-docs-internal-guid-79b1e8eb-7fff-7aef-5192-9cfdb52bd56e\">de propostes d\u2019obres liter\u00e0ries a les quals s\u2019associen materials did\u00e0ctic<\/span>s, que trobareu a la p\u00e0gina web del Programa \u00ab<a href=\"https:\/\/xtec.gencat.cat\/ca\/projectes\/lectura\/gustperlalectura\/materialdidactic\/curs-actual\/\">El Gust per la Lectura<\/a>\u00bb.<a href=\"https:\/\/xtec.gencat.cat\/ca\/centres\/premis-i-concursos\/concurs-el-gust-per-la-lectura\/\"><img loading=\"lazy\" decoding=\"async\" class=\"aligncenter  wp-image-16320\" src=\"https:\/\/serveiseducatius.xtec.cat\/terraalta\/wp-content\/uploads\/usu1128\/2024\/12\/El-gust-per-la-lectura.png\" alt=\"\" width=\"453\" height=\"243\" srcset=\"https:\/\/serveiseducatius.xtec.cat\/terraalta\/wp-content\/uploads\/usu1128\/2024\/12\/El-gust-per-la-lectura.png 699w, https:\/\/serveiseducatius.xtec.cat\/terraalta\/wp-content\/uploads\/usu1128\/2024\/12\/El-gust-per-la-lectura-300x161.png 300w\" sizes=\"auto, (max-width: 453px) 100vw, 453px\" \/><\/a>Aquesta proposta, adre\u00e7ada a l&#8217;alumnat de prim\u00e0ria i secund\u00e0ria, consisteix a llegir i treballar una de les obres proposades en cada categoria. Les activitats i els treballs que es vulguin presentar al concurs no tindran un format ni unes caracter\u00edstiques predeterminades.\u00a0Els treballs dels centres educatius a partir de la lectura guiada i compartida que es proposa en els <a href=\"https:\/\/xtec.gencat.cat\/ca\/projectes\/lectura\/gustperlalectura\/materialdidactic\/\">dossiers did\u00e0ctics<\/a> publicats en el programa \u00abEl Gust per la Lectura\u00bb tindran un car\u00e0cter obert i creatiu. El treball consistir\u00e0 en una producci\u00f3 liter\u00e0ria\/art\u00edstica que es pot basar o tenir com a punt de partida una de les activitats que proposa el dossier o una altra activitat dissenyada pel docent a partir del llibre segons el que en suggereixi la lectura. En tot cas aquestes produccions han de consistir en evid\u00e8ncies generades per part de l\u2019alumnat i han de respectar, en tot moment, els drets de la propietat intel\u00b7lectual.<\/p>\n<p style=\"text-align: justify;\"><strong>Alguns possibles exemples<\/strong>: la gravaci\u00f3 d\u2019un curtmetratge, la creaci\u00f3 d\u2019una auca, d\u2019un bibliotr\u00e0iler, d\u2019un noticiari, d\u2019un c\u00f2mic, o d\u2019un muntatge fotogr\u00e0fic, la composici\u00f3 d\u2019un poema o d\u2019una narraci\u00f3, la composici\u00f3 (i producci\u00f3) d\u2019una can\u00e7\u00f3 o d\u2019una pe\u00e7a musical, la creaci\u00f3 (i interpretaci\u00f3) d\u2019un petit gui\u00f3 d\u2019una escena teatral, etc. Podeu consultar els treballs premiats en altres edicions clicant <a href=\"https:\/\/xtec.gencat.cat\/ca\/centres\/premis-i-concursos\/concurs-el-gust-per-la-lectura\/\">aqu\u00ed<\/a>.<\/p>\n<p style=\"text-align: justify;\">Per participar en el concurs, els docents hauran de formalitzar la inscripci\u00f3 accedint al\u00a0<strong><a title=\"formulari\" href=\"https:\/\/aplicacions.gestioeducativa.gencat.cat\/pls\/apex\/f?p=2010008:101:11258661828573:::::\" target=\"_blank\" rel=\"noopener\">formulari<\/a>\u00a0<\/strong>mitjan\u00e7ant el portal de centres del Departament d\u2019Educaci\u00f3 i Formaci\u00f3 Professional, on tamb\u00e9 trobaran un tutorial per guiar el proc\u00e9s. El per\u00edode \u00e9s <span class=\"ui-provider ed baw bax bay baz bba bbb bbc bbd bbe bbf bbg bbh bbi bbj bbk bbl bbm bbn bbo bbp bbq bbr bbs bbt bbu bbv bbw bbx bby bbz bca bcb bcc bcd\" dir=\"ltr\"><strong>de<\/strong><\/span><strong><span dir=\"ltr\">l\u00a0<\/span><span dir=\"ltr\">18 de novembre de 2024 al 23 de gener de 2025.<\/span><\/strong><\/p>\n<p>Trobareu tota la informaci\u00f3 clicant <a href=\"https:\/\/xtec.gencat.cat\/ca\/centres\/premis-i-concursos\/concurs-el-gust-per-la-lectura\/\">aqu\u00ed<\/a>.<\/p>\n<p>Us engresquem a participar-hi!!!<\/p>\n","protected":false},"excerpt":{"rendered":"<p>El Departament d&#8217;Educaci\u00f3 i Formaci\u00f3 Professional juntament amb el Servei de Suports i Recursos Ling\u00fc\u00edstics convoca el XXX Concurs El [&hellip;]<\/p>\n","protected":false},"author":1,"featured_media":16320,"comment_status":"open","ping_status":"closed","sticky":false,"template":"","format":"standard","meta":{"_bbp_topic_count":0,"_bbp_reply_count":0,"_bbp_total_topic_count":0,"_bbp_total_reply_count":0,"_bbp_voice_count":0,"_bbp_anonymous_reply_count":0,"_bbp_topic_count_hidden":0,"_bbp_reply_count_hidden":0,"_bbp_forum_subforum_count":0,"site-sidebar-layout":"default","site-content-layout":"","ast-site-content-layout":"","site-content-style":"default","site-sidebar-style":"default","ast-global-header-display":"","ast-banner-title-visibility":"","ast-main-header-display":"","ast-hfb-above-header-display":"","ast-hfb-below-header-display":"","ast-hfb-mobile-header-display":"","site-post-title":"","ast-breadcrumbs-content":"","ast-featured-img":"","footer-sml-layout":"","theme-transparent-header-meta":"","adv-header-id-meta":"","stick-header-meta":"","header-above-stick-meta":"","header-main-stick-meta":"","header-below-stick-meta":"","astra-migrate-meta-layouts":"default","ast-page-background-enabled":"default","ast-page-background-meta":{"desktop":{"background-color":"var(--ast-global-color-4)","background-image":"","background-repeat":"repeat","background-position":"center center","background-size":"auto","background-attachment":"scroll","background-type":"","background-media":"","overlay-type":"","overlay-color":"","overlay-opacity":"","overlay-gradient":""},"tablet":{"background-color":"","background-image":"","background-repeat":"repeat","background-position":"center center","background-size":"auto","background-attachment":"scroll","background-type":"","background-media":"","overlay-type":"","overlay-color":"","overlay-opacity":"","overlay-gradient":""},"mobile":{"background-color":"","background-image":"","background-repeat":"repeat","background-position":"center center","background-size":"auto","background-attachment":"scroll","background-type":"","background-media":"","overlay-type":"","overlay-color":"","overlay-opacity":"","overlay-gradient":""}},"ast-content-background-meta":{"desktop":{"background-color":"var(--ast-global-color-5)","background-image":"","background-repeat":"repeat","background-position":"center center","background-size":"auto","background-attachment":"scroll","background-type":"","background-media":"","overlay-type":"","overlay-color":"","overlay-opacity":"","overlay-gradient":""},"tablet":{"background-color":"var(--ast-global-color-5)","background-image":"","background-repeat":"repeat","background-position":"center center","background-size":"auto","background-attachment":"scroll","background-type":"","background-media":"","overlay-type":"","overlay-color":"","overlay-opacity":"","overlay-gradient":""},"mobile":{"background-color":"var(--ast-global-color-5)","background-image":"","background-repeat":"repeat","background-position":"center center","background-size":"auto","background-attachment":"scroll","background-type":"","background-media":"","overlay-type":"","overlay-color":"","overlay-opacity":"","overlay-gradient":""}},"footnotes":""},"categories":[1295,354,1,29,443,76,446],"tags":[1537,1538],"class_list":["post-16319","post","type-post","status-publish","format-standard","has-post-thumbnail","hentry","category-comprensio-lectora","category-concurs","category-general","category-portada","category-primaria","category-recursos","category-secundaria","tag-el-gust-per-la-lectura-lectura-compartida-activitats-sobre-la-lectura-produccio-literaria-produccio-artistica","tag-lectura-guiada-animacio-a-la-lectura"],"post_mailing_queue_ids":[],"_links":{"self":[{"href":"https:\/\/serveiseducatius.xtec.cat\/terraalta\/wp-json\/wp\/v2\/posts\/16319","targetHints":{"allow":["GET"]}}],"collection":[{"href":"https:\/\/serveiseducatius.xtec.cat\/terraalta\/wp-json\/wp\/v2\/posts"}],"about":[{"href":"https:\/\/serveiseducatius.xtec.cat\/terraalta\/wp-json\/wp\/v2\/types\/post"}],"author":[{"embeddable":true,"href":"https:\/\/serveiseducatius.xtec.cat\/terraalta\/wp-json\/wp\/v2\/users\/1"}],"replies":[{"embeddable":true,"href":"https:\/\/serveiseducatius.xtec.cat\/terraalta\/wp-json\/wp\/v2\/comments?post=16319"}],"version-history":[{"count":1,"href":"https:\/\/serveiseducatius.xtec.cat\/terraalta\/wp-json\/wp\/v2\/posts\/16319\/revisions"}],"predecessor-version":[{"id":16321,"href":"https:\/\/serveiseducatius.xtec.cat\/terraalta\/wp-json\/wp\/v2\/posts\/16319\/revisions\/16321"}],"wp:featuredmedia":[{"embeddable":true,"href":"https:\/\/serveiseducatius.xtec.cat\/terraalta\/wp-json\/wp\/v2\/media\/16320"}],"wp:attachment":[{"href":"https:\/\/serveiseducatius.xtec.cat\/terraalta\/wp-json\/wp\/v2\/media?parent=16319"}],"wp:term":[{"taxonomy":"category","embeddable":true,"href":"https:\/\/serveiseducatius.xtec.cat\/terraalta\/wp-json\/wp\/v2\/categories?post=16319"},{"taxonomy":"post_tag","embeddable":true,"href":"https:\/\/serveiseducatius.xtec.cat\/terraalta\/wp-json\/wp\/v2\/tags?post=16319"}],"curies":[{"name":"wp","href":"https:\/\/api.w.org\/{rel}","templated":true}]}}