{"id":16285,"date":"2024-11-21T10:19:52","date_gmt":"2024-11-21T09:19:52","guid":{"rendered":"https:\/\/serveiseducatius.xtec.cat\/terraalta\/?p=16285"},"modified":"2024-11-21T10:25:14","modified_gmt":"2024-11-21T09:25:14","slug":"4a-jornada-de-les-superheroines-i-dels-superherois","status":"publish","type":"post","link":"https:\/\/serveiseducatius.xtec.cat\/terraalta\/general\/4a-jornada-de-les-superheroines-i-dels-superherois\/","title":{"rendered":"4a Jornada de les Superhero\u00efnes i dels Superherois"},"content":{"rendered":"<p style=\"text-align: justify;\"><a href=\"https:\/\/serveiseducatius.xtec.cat\/terraalta\/wp-content\/uploads\/usu1128\/2024\/11\/CARTELL-jornada-superherois-1-1086x1536-1.png\"><img loading=\"lazy\" decoding=\"async\" class=\"aligncenter wp-image-16287\" src=\"https:\/\/serveiseducatius.xtec.cat\/terraalta\/wp-content\/uploads\/usu1128\/2024\/11\/CARTELL-jornada-superherois-1-1086x1536-1-724x1024.png\" alt=\"\" width=\"534\" height=\"755\" srcset=\"https:\/\/serveiseducatius.xtec.cat\/terraalta\/wp-content\/uploads\/usu1128\/2024\/11\/CARTELL-jornada-superherois-1-1086x1536-1-724x1024.png 724w, https:\/\/serveiseducatius.xtec.cat\/terraalta\/wp-content\/uploads\/usu1128\/2024\/11\/CARTELL-jornada-superherois-1-1086x1536-1-212x300.png 212w, https:\/\/serveiseducatius.xtec.cat\/terraalta\/wp-content\/uploads\/usu1128\/2024\/11\/CARTELL-jornada-superherois-1-1086x1536-1-768x1086.png 768w, https:\/\/serveiseducatius.xtec.cat\/terraalta\/wp-content\/uploads\/usu1128\/2024\/11\/CARTELL-jornada-superherois-1-1086x1536-1.png 1086w\" sizes=\"auto, (max-width: 534px) 100vw, 534px\" \/><\/a>La Fundaci\u00f3 La Nineta dels Ulls us convida a participar a la 4a Jornada de les superhero\u00efnes i dels superherois. L\u2019objectiu principal d\u2019aquesta jornada \u00e9s\u00a0<strong>promoure la inclusi\u00f3<\/strong>\u00a0de tots els infants a les aules, perqu\u00e8 tots som diferents i, per aix\u00f2, tots som especials. Per altra banda, es pret\u00e9n donar a con\u00e8ixer el\u00a0<strong>retinoblastoma<\/strong>\u00a0i els seus s\u00edmptomes per aconseguir un diagn\u00f2stic preco\u00e7 de la malaltia.<\/p>\n<p><iframe loading=\"lazy\" src=\"\/\/www.youtube.com\/embed\/YINX8d_Begs\" width=\"560\" height=\"314\" allowfullscreen=\"allowfullscreen\"><\/iframe><\/p>\n<p style=\"text-align: justify;\">En aquesta 4a jornada, us proposem una\u00a0<strong>nova activitat<\/strong>\u00a0que permeti imaginar a l\u2019alumnat\u00a0<strong>com serien les superhero\u00efnes i els superherois del futur<\/strong>, centrant-se en la inclusi\u00f3 i l\u2019equitat.<\/p>\n<p>La idea \u00e9s treballar amb l\u2019alumnat valors com la\u00a0<strong>inclusi\u00f3<\/strong>, el\u00a0<strong>respecte<\/strong>\u00a0per les difer\u00e8ncies i la\u00a0<strong>cooperaci\u00f3<\/strong>. A trav\u00e9s d\u2019un conte sobre els Superherois de la Inclusi\u00f3 a la ciutat d\u2019Harmonia, els alumnes podran reflexionar sobre com\u00a0<strong>cadasc\u00fa t\u00e9 el poder de fer que el m\u00f3n sigui un lloc millor per a tothom<\/strong>, independentment de les seves habilitats, aparen\u00e7a o origen.<\/p>\n<ul class=\"elementor-icon-list-items\">\n<li class=\"elementor-icon-list-item\" style=\"text-align: justify;\"><span class=\"elementor-icon-list-text\">Per apuntar-vos a la jornada ens heu d&#8217;enviar un correu a: <a href=\"mailto:superpoder@fundaciolaninetadelsulls.org\"><b>superpoder@fundaciolaninetadelsulls.org<\/b><\/a> indicant el <b>nom del centre<\/b>, l\u2019<b>adre\u00e7a<\/b>\u00a0i el\u00a0<b>tel\u00e8fon<\/b>. I, si ja ho sabeu,\u00a0<b>el dia que celebrareu la jornada<\/b>.<\/span><i class=\"fas fa-check\" aria-hidden=\"true\"><\/i><\/li>\n<li class=\"elementor-icon-list-item\" style=\"text-align: justify;\"><span class=\"elementor-icon-list-text\">Us enviarem els documents explicatius de la jornada que contenen les\u00a0<b>propostes did\u00e0ctiques<\/b>\u00a0que us proposem i el<b>\u00a0segell d\u2019&#8221;Escola amb Superpoders<\/b>&#8220;, com el que podeu veure m\u00e9s avall, per tal que el pengeu a les vostres xarxes i\/o web.<\/span><\/li>\n<\/ul>\n<p><a href=\"https:\/\/serveiseducatius.xtec.cat\/terraalta\/wp-content\/uploads\/usu1128\/2024\/11\/sellos-4.png\"><img loading=\"lazy\" decoding=\"async\" class=\"aligncenter wp-image-16286\" src=\"https:\/\/serveiseducatius.xtec.cat\/terraalta\/wp-content\/uploads\/usu1128\/2024\/11\/sellos-4.png\" alt=\"\" width=\"339\" height=\"339\" srcset=\"https:\/\/serveiseducatius.xtec.cat\/terraalta\/wp-content\/uploads\/usu1128\/2024\/11\/sellos-4.png 500w, https:\/\/serveiseducatius.xtec.cat\/terraalta\/wp-content\/uploads\/usu1128\/2024\/11\/sellos-4-300x300.png 300w, https:\/\/serveiseducatius.xtec.cat\/terraalta\/wp-content\/uploads\/usu1128\/2024\/11\/sellos-4-150x150.png 150w\" sizes=\"auto, (max-width: 339px) 100vw, 339px\" \/><\/a><\/p>\n<ul>\n<li><i class=\"fas fa-check\" aria-hidden=\"true\"><\/i><span class=\"elementor-icon-list-text\">Ja podeu gaudir de la jornada, fer\u00a0<b>fotografies i v\u00eddeos<\/b> i penjar-los a les vostres xarxes etiquetant-nos amb els nostres usuaris i\/o amb el nostre hastag:\u00a0<\/span><b>#superhero\u00efnesisuperherois<\/b><\/li>\n<\/ul>\n<p style=\"text-align: center;\">Instagram:\u00a0<b>@fundacio_laninetadelsulls<\/b><br \/>\nTwitter:\u00a0<b><span class=\"atwho-query\">@laninetadelsull<\/span><\/b><br \/>\nFacebook:\u00a0<b>@La-Nineta-dels-Ulls-<\/b><\/p>\n<p>Podeu trobar tota la informaci\u00f3 clicant el seg\u00fcent <a href=\"https:\/\/fundaciolaninetadelsulls.org\/jornada-de-les-superheroines-i-dels-superherois\/\">enlla\u00e7<\/a>.<\/p>\n<p>Encara no us heu apuntat? Animeu-vos! Ho podeu fer durant tot el curs!<\/p>\n","protected":false},"excerpt":{"rendered":"<p>La Fundaci\u00f3 La Nineta dels Ulls us convida a participar a la 4a Jornada de les superhero\u00efnes i dels superherois. [&hellip;]<\/p>\n","protected":false},"author":1,"featured_media":16286,"comment_status":"open","ping_status":"closed","sticky":false,"template":"","format":"standard","meta":{"_bbp_topic_count":0,"_bbp_reply_count":0,"_bbp_total_topic_count":0,"_bbp_total_reply_count":0,"_bbp_voice_count":0,"_bbp_anonymous_reply_count":0,"_bbp_topic_count_hidden":0,"_bbp_reply_count_hidden":0,"_bbp_forum_subforum_count":0,"site-sidebar-layout":"default","site-content-layout":"","ast-site-content-layout":"","site-content-style":"default","site-sidebar-style":"default","ast-global-header-display":"","ast-banner-title-visibility":"","ast-main-header-display":"","ast-hfb-above-header-display":"","ast-hfb-below-header-display":"","ast-hfb-mobile-header-display":"","site-post-title":"","ast-breadcrumbs-content":"","ast-featured-img":"","footer-sml-layout":"","theme-transparent-header-meta":"","adv-header-id-meta":"","stick-header-meta":"","header-above-stick-meta":"","header-main-stick-meta":"","header-below-stick-meta":"","astra-migrate-meta-layouts":"default","ast-page-background-enabled":"default","ast-page-background-meta":{"desktop":{"background-color":"var(--ast-global-color-4)","background-image":"","background-repeat":"repeat","background-position":"center center","background-size":"auto","background-attachment":"scroll","background-type":"","background-media":"","overlay-type":"","overlay-color":"","overlay-opacity":"","overlay-gradient":""},"tablet":{"background-color":"","background-image":"","background-repeat":"repeat","background-position":"center center","background-size":"auto","background-attachment":"scroll","background-type":"","background-media":"","overlay-type":"","overlay-color":"","overlay-opacity":"","overlay-gradient":""},"mobile":{"background-color":"","background-image":"","background-repeat":"repeat","background-position":"center center","background-size":"auto","background-attachment":"scroll","background-type":"","background-media":"","overlay-type":"","overlay-color":"","overlay-opacity":"","overlay-gradient":""}},"ast-content-background-meta":{"desktop":{"background-color":"var(--ast-global-color-5)","background-image":"","background-repeat":"repeat","background-position":"center center","background-size":"auto","background-attachment":"scroll","background-type":"","background-media":"","overlay-type":"","overlay-color":"","overlay-opacity":"","overlay-gradient":""},"tablet":{"background-color":"var(--ast-global-color-5)","background-image":"","background-repeat":"repeat","background-position":"center center","background-size":"auto","background-attachment":"scroll","background-type":"","background-media":"","overlay-type":"","overlay-color":"","overlay-opacity":"","overlay-gradient":""},"mobile":{"background-color":"var(--ast-global-color-5)","background-image":"","background-repeat":"repeat","background-position":"center center","background-size":"auto","background-attachment":"scroll","background-type":"","background-media":"","overlay-type":"","overlay-color":"","overlay-opacity":"","overlay-gradient":""}},"footnotes":""},"categories":[1,442,447,29,443,446],"tags":[1527,1528],"class_list":["post-16285","post","type-post","status-publish","format-standard","has-post-thumbnail","hentry","category-general","category-infantil","category-jornades","category-portada","category-primaria","category-secundaria","tag-diversitat-inclusio-respecte-retinoblastoma-superpoders-valors","tag-sensibilitzacio-solidaritat"],"post_mailing_queue_ids":[],"_links":{"self":[{"href":"https:\/\/serveiseducatius.xtec.cat\/terraalta\/wp-json\/wp\/v2\/posts\/16285","targetHints":{"allow":["GET"]}}],"collection":[{"href":"https:\/\/serveiseducatius.xtec.cat\/terraalta\/wp-json\/wp\/v2\/posts"}],"about":[{"href":"https:\/\/serveiseducatius.xtec.cat\/terraalta\/wp-json\/wp\/v2\/types\/post"}],"author":[{"embeddable":true,"href":"https:\/\/serveiseducatius.xtec.cat\/terraalta\/wp-json\/wp\/v2\/users\/1"}],"replies":[{"embeddable":true,"href":"https:\/\/serveiseducatius.xtec.cat\/terraalta\/wp-json\/wp\/v2\/comments?post=16285"}],"version-history":[{"count":3,"href":"https:\/\/serveiseducatius.xtec.cat\/terraalta\/wp-json\/wp\/v2\/posts\/16285\/revisions"}],"predecessor-version":[{"id":16290,"href":"https:\/\/serveiseducatius.xtec.cat\/terraalta\/wp-json\/wp\/v2\/posts\/16285\/revisions\/16290"}],"wp:featuredmedia":[{"embeddable":true,"href":"https:\/\/serveiseducatius.xtec.cat\/terraalta\/wp-json\/wp\/v2\/media\/16286"}],"wp:attachment":[{"href":"https:\/\/serveiseducatius.xtec.cat\/terraalta\/wp-json\/wp\/v2\/media?parent=16285"}],"wp:term":[{"taxonomy":"category","embeddable":true,"href":"https:\/\/serveiseducatius.xtec.cat\/terraalta\/wp-json\/wp\/v2\/categories?post=16285"},{"taxonomy":"post_tag","embeddable":true,"href":"https:\/\/serveiseducatius.xtec.cat\/terraalta\/wp-json\/wp\/v2\/tags?post=16285"}],"curies":[{"name":"wp","href":"https:\/\/api.w.org\/{rel}","templated":true}]}}