{"id":15778,"date":"2024-02-28T13:48:43","date_gmt":"2024-02-28T12:48:43","guid":{"rendered":"https:\/\/serveiseducatius.xtec.cat\/terraalta\/?p=15778"},"modified":"2024-02-28T13:50:27","modified_gmt":"2024-02-28T12:50:27","slug":"dia-dels-autors-europeus-2024","status":"publish","type":"post","link":"https:\/\/serveiseducatius.xtec.cat\/terraalta\/general\/dia-dels-autors-europeus-2024\/","title":{"rendered":"Dia dels Autors Europeus 2024"},"content":{"rendered":"<p><a href=\"https:\/\/serveiseducatius.xtec.cat\/terraalta\/wp-content\/uploads\/usu1128\/2024\/02\/Discovering-the-European-authors-e1709038168735-300x167-1.png\"><img loading=\"lazy\" decoding=\"async\" class=\"aligncenter size-full wp-image-15779\" src=\"https:\/\/serveiseducatius.xtec.cat\/terraalta\/wp-content\/uploads\/usu1128\/2024\/02\/Discovering-the-European-authors-e1709038168735-300x167-1.png\" alt=\"\" width=\"300\" height=\"167\" \/><\/a>El dia 25 de mar\u00e7 de 2024 tindr\u00e0 lloc la segona edici\u00f3 del \u201c<strong>Dia dels Autors Europeus\u201d.<\/strong><\/p>\n<p style=\"text-align: justify;\">El \u201cDia dels Autors Europeus\u201d \u00e9s una iniciativa de la Comissi\u00f3 Europea que permet explorar la gran diversitat de la literatura europea i fomentar la compet\u00e8ncia lectora. Aquesta iniciativa permet participar en activitats com: con\u00e8ixer autors, compartir experi\u00e8ncies, etc.<\/p>\n<p style=\"text-align: justify;\">Us convidem a unir-vos a la campanya i organitzar activitats per celebrar aquest dia i con\u00e8ixer autors europeus.<\/p>\n<p style=\"text-align: justify;\">En\u00a0<a href=\"https:\/\/culture.ec.europa.eu\/cultural-and-creative-sectors\/books-and-publishing\/day-of-european-authors\" data-saferedirecturl=\"https:\/\/www.google.com\/url?q=https:\/\/culture.ec.europa.eu\/cultural-and-creative-sectors\/books-and-publishing\/day-of-european-authors&amp;source=gmail&amp;ust=1709028425236000&amp;usg=AOvVaw2RhqzCk90JRptj9dkgEjZ9\">aquest espai web<\/a> hi trobareu m\u00e9s informaci\u00f3. Tamb\u00e9 podeu consultar aquest <a href=\"https:\/\/ec.europa.eu\/assets\/eac\/culture\/day-of-european-authors\/factsheet-2023-day-of-eu-authors.pdf\" data-saferedirecturl=\"https:\/\/www.google.com\/url?q=https:\/\/ec.europa.eu\/assets\/eac\/culture\/day-of-european-authors\/factsheet-2023-day-of-eu-authors.pdf&amp;source=gmail&amp;ust=1709028425236000&amp;usg=AOvVaw3zMQqapfIxxfpK-uafXQZ0\">full informatiu<\/a>\u00a0amb algunes\u00a0<a href=\"https:\/\/ec.europa.eu\/assets\/eac\/culture\/day-of-european-authors\/2024-day-of-european-authors-get-inspired.pdf\" data-saferedirecturl=\"https:\/\/www.google.com\/url?q=https:\/\/ec.europa.eu\/assets\/eac\/culture\/day-of-european-authors\/2024-day-of-european-authors-get-inspired.pdf&amp;source=gmail&amp;ust=1709028425236000&amp;usg=AOvVaw30GkFmexZTpnLLE5zBrSgz\">hist\u00f2ries inspiradores<\/a>\u00a0de la primera edici\u00f3.<\/p>\n<p>Teniu aquest\u00a0<a href=\"https:\/\/ec.europa.eu\/eusurvey\/runner\/EuropeanAuthors2024\" data-saferedirecturl=\"https:\/\/www.google.com\/url?q=https:\/\/ec.europa.eu\/eusurvey\/runner\/EuropeanAuthors2024&amp;source=gmail&amp;ust=1709028425236000&amp;usg=AOvVaw0oEGAS8iChYPuLhZ5yylc0\">formulari electr\u00f2nic<\/a> per registrar l\u2019activitat que dugueu a terme.<\/p>\n<p>Des del programa de biblioteques escolars us fem una proposta que queda recollida en aquest <a href=\"https:\/\/view.genial.ly\/64cb8046ab4a9d001823977a\/interactive-image-discovering-the-european-authors\">Genially<\/a>.<\/p>\n<p style=\"text-align: justify;\">Si us uniu a la campanya, podeu etiquetar les publicacions amb els\u00a0<em>hashtags <\/em>#ReadWithEurope i #europeanauthorsbescat<\/p>\n<p>Us animem a participar-hi!<\/p>\n<p><iframe loading=\"lazy\" src=\"\/\/giphy.com\/embed\/9gA3QdIedBzrzBHlT0\" width=\"480\" height=\"391\" frameborder=\"0\" allowfullscreen=\"allowfullscreen\"><\/iframe><\/p>\n","protected":false},"excerpt":{"rendered":"<p>El dia 25 de mar\u00e7 de 2024 tindr\u00e0 lloc la segona edici\u00f3 del \u201cDia dels Autors Europeus\u201d. El \u201cDia dels [&hellip;]<\/p>\n","protected":false},"author":1,"featured_media":15779,"comment_status":"open","ping_status":"closed","sticky":false,"template":"","format":"standard","meta":{"_bbp_topic_count":0,"_bbp_reply_count":0,"_bbp_total_topic_count":0,"_bbp_total_reply_count":0,"_bbp_voice_count":0,"_bbp_anonymous_reply_count":0,"_bbp_topic_count_hidden":0,"_bbp_reply_count_hidden":0,"_bbp_forum_subforum_count":0,"site-sidebar-layout":"default","site-content-layout":"","ast-site-content-layout":"","site-content-style":"default","site-sidebar-style":"default","ast-global-header-display":"","ast-banner-title-visibility":"","ast-main-header-display":"","ast-hfb-above-header-display":"","ast-hfb-below-header-display":"","ast-hfb-mobile-header-display":"","site-post-title":"","ast-breadcrumbs-content":"","ast-featured-img":"","footer-sml-layout":"","theme-transparent-header-meta":"","adv-header-id-meta":"","stick-header-meta":"","header-above-stick-meta":"","header-main-stick-meta":"","header-below-stick-meta":"","astra-migrate-meta-layouts":"default","ast-page-background-enabled":"default","ast-page-background-meta":{"desktop":{"background-color":"var(--ast-global-color-4)","background-image":"","background-repeat":"repeat","background-position":"center center","background-size":"auto","background-attachment":"scroll","background-type":"","background-media":"","overlay-type":"","overlay-color":"","overlay-opacity":"","overlay-gradient":""},"tablet":{"background-color":"","background-image":"","background-repeat":"repeat","background-position":"center center","background-size":"auto","background-attachment":"scroll","background-type":"","background-media":"","overlay-type":"","overlay-color":"","overlay-opacity":"","overlay-gradient":""},"mobile":{"background-color":"","background-image":"","background-repeat":"repeat","background-position":"center center","background-size":"auto","background-attachment":"scroll","background-type":"","background-media":"","overlay-type":"","overlay-color":"","overlay-opacity":"","overlay-gradient":""}},"ast-content-background-meta":{"desktop":{"background-color":"var(--ast-global-color-5)","background-image":"","background-repeat":"repeat","background-position":"center center","background-size":"auto","background-attachment":"scroll","background-type":"","background-media":"","overlay-type":"","overlay-color":"","overlay-opacity":"","overlay-gradient":""},"tablet":{"background-color":"var(--ast-global-color-5)","background-image":"","background-repeat":"repeat","background-position":"center center","background-size":"auto","background-attachment":"scroll","background-type":"","background-media":"","overlay-type":"","overlay-color":"","overlay-opacity":"","overlay-gradient":""},"mobile":{"background-color":"var(--ast-global-color-5)","background-image":"","background-repeat":"repeat","background-position":"center center","background-size":"auto","background-attachment":"scroll","background-type":"","background-media":"","overlay-type":"","overlay-color":"","overlay-opacity":"","overlay-gradient":""}},"footnotes":""},"categories":[449,1,442,29,443,446],"tags":[1389],"class_list":["post-15778","post","type-post","status-publish","format-standard","has-post-thumbnail","hentry","category-biblioteca-escolar-puntedu","category-general","category-infantil","category-portada","category-primaria","category-secundaria","tag-autors-europeus-lectura-el-plaer-de-la-lectura"],"post_mailing_queue_ids":[],"_links":{"self":[{"href":"https:\/\/serveiseducatius.xtec.cat\/terraalta\/wp-json\/wp\/v2\/posts\/15778","targetHints":{"allow":["GET"]}}],"collection":[{"href":"https:\/\/serveiseducatius.xtec.cat\/terraalta\/wp-json\/wp\/v2\/posts"}],"about":[{"href":"https:\/\/serveiseducatius.xtec.cat\/terraalta\/wp-json\/wp\/v2\/types\/post"}],"author":[{"embeddable":true,"href":"https:\/\/serveiseducatius.xtec.cat\/terraalta\/wp-json\/wp\/v2\/users\/1"}],"replies":[{"embeddable":true,"href":"https:\/\/serveiseducatius.xtec.cat\/terraalta\/wp-json\/wp\/v2\/comments?post=15778"}],"version-history":[{"count":2,"href":"https:\/\/serveiseducatius.xtec.cat\/terraalta\/wp-json\/wp\/v2\/posts\/15778\/revisions"}],"predecessor-version":[{"id":15781,"href":"https:\/\/serveiseducatius.xtec.cat\/terraalta\/wp-json\/wp\/v2\/posts\/15778\/revisions\/15781"}],"wp:featuredmedia":[{"embeddable":true,"href":"https:\/\/serveiseducatius.xtec.cat\/terraalta\/wp-json\/wp\/v2\/media\/15779"}],"wp:attachment":[{"href":"https:\/\/serveiseducatius.xtec.cat\/terraalta\/wp-json\/wp\/v2\/media?parent=15778"}],"wp:term":[{"taxonomy":"category","embeddable":true,"href":"https:\/\/serveiseducatius.xtec.cat\/terraalta\/wp-json\/wp\/v2\/categories?post=15778"},{"taxonomy":"post_tag","embeddable":true,"href":"https:\/\/serveiseducatius.xtec.cat\/terraalta\/wp-json\/wp\/v2\/tags?post=15778"}],"curies":[{"name":"wp","href":"https:\/\/api.w.org\/{rel}","templated":true}]}}