{"id":15704,"date":"2024-01-10T09:02:26","date_gmt":"2024-01-10T08:02:26","guid":{"rendered":"https:\/\/serveiseducatius.xtec.cat\/terraalta\/?p=15704"},"modified":"2024-01-10T09:02:26","modified_gmt":"2024-01-10T08:02:26","slug":"3a-jornada-de-les-superheroines-i-dels-superherois","status":"publish","type":"post","link":"https:\/\/serveiseducatius.xtec.cat\/terraalta\/portada\/3a-jornada-de-les-superheroines-i-dels-superherois\/","title":{"rendered":"3a Jornada de les superhero\u00efnes i dels superherois"},"content":{"rendered":"<p><span style=\"color: #000000; font-family: arial, sans-serif;\">La Fundaci\u00f3 La Nineta dels Ulls us convida a participar a la 3a Jornada de les superhero\u00efnes i dels superherois, dirigida\u00a0<\/span>\u00a0a\u00a0<span style=\"font-family: arial, sans-serif;\">escoles bressol, escoles de Prim\u00e0ria i instituts<\/span><span style=\"color: #000000; font-family: arial, sans-serif;\">. En aquesta jornada us suggereixen un seguit de propostes per treballar el\u00a0respecte\u00a0i la\u00a0toler\u00e0ncia cap a la difer\u00e8ncia,\u00a0i l\u2019acceptaci\u00f3\u00a0i\u00a0reconeixement de les pr\u00f2pies capacitats personals\u00a0que sumen cap a un b\u00e9 com\u00fa. I aix\u00ed, reivindicar que\u00a0tots els infants i adolescents poden ser una superhero\u00efna o un superheroi.<\/span><\/p>\n<p><span style=\"color: #000000; font-family: arial, sans-serif;\">Amb la jornada de les superhero\u00efnes i els superherois, la Fundaci\u00f3 La Nineta dels Ulls volen donar a con\u00e8ixer el\u00a0retinoblastoma\u00a0i els seus s\u00edmptomes per aconseguir un diagn\u00f2stic preco\u00e7 de la malaltia. Per altra banda, l\u2019objectiu principal de la jornada \u00e9s\u00a0promoure la inclusi\u00f3\u00a0de tots els infants a les aules, perqu\u00e8 tots som diferents i, per aix\u00f2, tots som especials.<\/span><\/p>\n<p><span style=\"color: #000000; font-family: arial, sans-serif;\">Podeu triar el dia que us vagi millor al llarg de tot el curs escolar. Per exemple, una opci\u00f3 seria aprofitar el dia 20 de novembre, que \u00e9s el dia Mundial de la Inf\u00e0ncia. Disposeu d&#8217;un material amb diferents <a href=\"https:\/\/drive.google.com\/file\/d\/18N10TwTtQxrRUEz4UfNI61fnJw9drzCr\/view?usp=sharing\">propostes did\u00e0ctiques<\/a>.<\/span><\/p>\n<p><span style=\"color: #000000; font-family: arial, sans-serif;\">I si encara no us heu inscrit, animeu-vos! Ho podeu fer\u00a0durant tot el curs!<\/span><\/p>\n<p><span style=\"color: #000000; font-family: arial, sans-serif;\"><a href=\"https:\/\/fundaciolaninetadelsulls.org\/jornada-de-les-superheroines-i-dels-superherois\/\">M\u00e9s informaci\u00f3<\/a><\/span><\/p>\n","protected":false},"excerpt":{"rendered":"<p>La Fundaci\u00f3 La Nineta dels Ulls us convida a participar a la 3a Jornada de les superhero\u00efnes i dels superherois, [&hellip;]<\/p>\n","protected":false},"author":1,"featured_media":15705,"comment_status":"open","ping_status":"closed","sticky":false,"template":"","format":"standard","meta":{"_bbp_topic_count":0,"_bbp_reply_count":0,"_bbp_total_topic_count":0,"_bbp_total_reply_count":0,"_bbp_voice_count":0,"_bbp_anonymous_reply_count":0,"_bbp_topic_count_hidden":0,"_bbp_reply_count_hidden":0,"_bbp_forum_subforum_count":0,"site-sidebar-layout":"default","site-content-layout":"","ast-site-content-layout":"","site-content-style":"default","site-sidebar-style":"default","ast-global-header-display":"","ast-banner-title-visibility":"","ast-main-header-display":"","ast-hfb-above-header-display":"","ast-hfb-below-header-display":"","ast-hfb-mobile-header-display":"","site-post-title":"","ast-breadcrumbs-content":"","ast-featured-img":"","footer-sml-layout":"","theme-transparent-header-meta":"","adv-header-id-meta":"","stick-header-meta":"","header-above-stick-meta":"","header-main-stick-meta":"","header-below-stick-meta":"","astra-migrate-meta-layouts":"default","ast-page-background-enabled":"default","ast-page-background-meta":{"desktop":{"background-color":"var(--ast-global-color-4)","background-image":"","background-repeat":"repeat","background-position":"center center","background-size":"auto","background-attachment":"scroll","background-type":"","background-media":"","overlay-type":"","overlay-color":"","overlay-opacity":"","overlay-gradient":""},"tablet":{"background-color":"","background-image":"","background-repeat":"repeat","background-position":"center center","background-size":"auto","background-attachment":"scroll","background-type":"","background-media":"","overlay-type":"","overlay-color":"","overlay-opacity":"","overlay-gradient":""},"mobile":{"background-color":"","background-image":"","background-repeat":"repeat","background-position":"center center","background-size":"auto","background-attachment":"scroll","background-type":"","background-media":"","overlay-type":"","overlay-color":"","overlay-opacity":"","overlay-gradient":""}},"ast-content-background-meta":{"desktop":{"background-color":"var(--ast-global-color-5)","background-image":"","background-repeat":"repeat","background-position":"center center","background-size":"auto","background-attachment":"scroll","background-type":"","background-media":"","overlay-type":"","overlay-color":"","overlay-opacity":"","overlay-gradient":""},"tablet":{"background-color":"var(--ast-global-color-5)","background-image":"","background-repeat":"repeat","background-position":"center center","background-size":"auto","background-attachment":"scroll","background-type":"","background-media":"","overlay-type":"","overlay-color":"","overlay-opacity":"","overlay-gradient":""},"mobile":{"background-color":"var(--ast-global-color-5)","background-image":"","background-repeat":"repeat","background-position":"center center","background-size":"auto","background-attachment":"scroll","background-type":"","background-media":"","overlay-type":"","overlay-color":"","overlay-opacity":"","overlay-gradient":""}},"footnotes":""},"categories":[29],"tags":[1136,1367,1330,1366],"class_list":["post-15704","post","type-post","status-publish","format-standard","has-post-thumbnail","hentry","category-portada","tag-fundacioninetadelsulls","tag-jornadasuperheroisisuperheroines","tag-respecte","tag-tolerancia"],"post_mailing_queue_ids":[],"_links":{"self":[{"href":"https:\/\/serveiseducatius.xtec.cat\/terraalta\/wp-json\/wp\/v2\/posts\/15704","targetHints":{"allow":["GET"]}}],"collection":[{"href":"https:\/\/serveiseducatius.xtec.cat\/terraalta\/wp-json\/wp\/v2\/posts"}],"about":[{"href":"https:\/\/serveiseducatius.xtec.cat\/terraalta\/wp-json\/wp\/v2\/types\/post"}],"author":[{"embeddable":true,"href":"https:\/\/serveiseducatius.xtec.cat\/terraalta\/wp-json\/wp\/v2\/users\/1"}],"replies":[{"embeddable":true,"href":"https:\/\/serveiseducatius.xtec.cat\/terraalta\/wp-json\/wp\/v2\/comments?post=15704"}],"version-history":[{"count":1,"href":"https:\/\/serveiseducatius.xtec.cat\/terraalta\/wp-json\/wp\/v2\/posts\/15704\/revisions"}],"predecessor-version":[{"id":15706,"href":"https:\/\/serveiseducatius.xtec.cat\/terraalta\/wp-json\/wp\/v2\/posts\/15704\/revisions\/15706"}],"wp:featuredmedia":[{"embeddable":true,"href":"https:\/\/serveiseducatius.xtec.cat\/terraalta\/wp-json\/wp\/v2\/media\/15705"}],"wp:attachment":[{"href":"https:\/\/serveiseducatius.xtec.cat\/terraalta\/wp-json\/wp\/v2\/media?parent=15704"}],"wp:term":[{"taxonomy":"category","embeddable":true,"href":"https:\/\/serveiseducatius.xtec.cat\/terraalta\/wp-json\/wp\/v2\/categories?post=15704"},{"taxonomy":"post_tag","embeddable":true,"href":"https:\/\/serveiseducatius.xtec.cat\/terraalta\/wp-json\/wp\/v2\/tags?post=15704"}],"curies":[{"name":"wp","href":"https:\/\/api.w.org\/{rel}","templated":true}]}}