{"id":15652,"date":"2023-12-12T09:00:06","date_gmt":"2023-12-12T08:00:06","guid":{"rendered":"https:\/\/serveiseducatius.xtec.cat\/terraalta\/?p=15652"},"modified":"2023-12-11T14:07:17","modified_gmt":"2023-12-11T13:07:17","slug":"17a-edicio-del-concurs-educatiu-joves-i-mobilitat","status":"publish","type":"post","link":"https:\/\/serveiseducatius.xtec.cat\/terraalta\/general\/17a-edicio-del-concurs-educatiu-joves-i-mobilitat\/","title":{"rendered":"17a Edici\u00f3 del concurs educatiu Joves i Mobilitat"},"content":{"rendered":"<p style=\"text-align: justify;\"><a href=\"https:\/\/serveiseducatius.xtec.cat\/terraalta\/wp-content\/uploads\/usu1128\/2023\/12\/image002.jpeg\"><img loading=\"lazy\" decoding=\"async\" class=\"wp-image-15655 aligncenter\" src=\"https:\/\/serveiseducatius.xtec.cat\/terraalta\/wp-content\/uploads\/usu1128\/2023\/12\/image002.jpeg\" alt=\"\" width=\"493\" height=\"342\" srcset=\"https:\/\/serveiseducatius.xtec.cat\/terraalta\/wp-content\/uploads\/usu1128\/2023\/12\/image002.jpeg 773w, https:\/\/serveiseducatius.xtec.cat\/terraalta\/wp-content\/uploads\/usu1128\/2023\/12\/image002-300x208.jpeg 300w, https:\/\/serveiseducatius.xtec.cat\/terraalta\/wp-content\/uploads\/usu1128\/2023\/12\/image002-768x533.jpeg 768w\" sizes=\"auto, (max-width: 493px) 100vw, 493px\" \/><\/a>Amb la tem\u00e0tica <strong>\u201cLa conviv\u00e8ncia en mobilitat. Qu\u00e8 en pensen els joves?\u201d<\/strong>, el RACC juntament amb el Servei Catal\u00e0 de Tr\u00e0nsit convoquen la 17a edici\u00f3 del concurs educatiu Joves i Mobilitat per aquest curs 2023-2024.<br \/>\nEs tracta d\u2019una tem\u00e0tica que vol fer valdre el fet de conviure amb altres maneres de transport que estan influint en la mobilitat i la conviv\u00e8ncia. I \u00e9s que cada dia ens movem pels carrers dels nostres pobles i ciutats de diferents maneres: a peu, amb transport p\u00fablic, amb cotxe, amb moto, amb bicicleta, amb patinet, etc.<br \/>\nHo fem compartint un mateix espai urb\u00e0, limitat i cada vegada m\u00e9s compartit, on hem de conviure complint les normes b\u00e0siques, buscant la m\u00e0xima agilitat, garantint la seguretat vi\u00e0ria i donant sempre prioritat als usuaris m\u00e9s vulnerables com s\u00f3n els vianants, els ciclistes i els motoristes.<br \/>\nEs proposa als joves que reflexionin sobre la import\u00e0ncia d\u2019assumir la corresponsabilitat que ens pertoca i posar-se en el lloc dels ciutadans que es desplacen en diferents modes de transport urb\u00e0, ja que en mobilitat tots juguem diferents rols en moments diferents.<br \/>\nEl concurs est\u00e0 adre\u00e7at a alumnes de Secund\u00e0ria, Batxillerat i Cicles Formatius de Grau Mitj\u00e0, aix\u00ed com nois i noies de 12 a 18 anys que s\u00f3n membres de casals de joves o centres de lleure catalans.<br \/>\nEs pot participar de forma individual o en grups de fins a 4 components i tutoritzats pels seus centres educatius, casals o clubs, podran presentar els seus treballs en tres categories: <strong>Anunci gr\u00e0fic, V\u00eddeo per a Instagram i Projecte de millora de la seguretat vi\u00e0ria<\/strong>.<br \/>\nLa presentaci\u00f3 de treballs es pot fer ja mitjan\u00e7ant un tutor o monitor a trav\u00e9s de la web<br \/>\n<a href=\"http:\/\/www.jovesimobilitat.cat\/\">www.jovesimobilitat.cat<\/a> abans del <strong>19 d\u2019abril de 2024<\/strong>.<br \/>\nA part de les millors propostes a les tres categories del concurs, tamb\u00e9 es premiar\u00e0 a la<br \/>\nclasse\/grup que participi amb m\u00e9s treballs i al professor\/monitor que hagi inscrit major nombre de participants. I un any m\u00e9s el concurs premiar\u00e0 tamb\u00e9 el <strong>Millor Projecte Educatiu en Mobilitat Segura<\/strong> en reconeixement a les activitats que realitzen els centres regularment durant el curs escolar.<br \/>\nEl concurs Joves i Mobilitat, que compta tamb\u00e9 amb la col\u00b7laboraci\u00f3 del Departament d\u2019Educaci\u00f3 i diferents patrocinadors, t\u00e9 com a objectiu promoure actituds i valors de mobilitat segura, sostenible i responsable entre els adolescents catalans.<br \/>\nPer tal de treballar-ho a les aules o a casa, \u201cJoves i Mobilitat\u201d aporta diferents <a href=\"https:\/\/www.jovesimobilitat.cat\/recursos\/\">recursos<\/a> informatius sobre la tem\u00e0tica d\u2019enguany, a m\u00e9s de propostes did\u00e0ctiques sobre mobilitat, seguretat vi\u00e0ria i conviv\u00e8ncia.<\/p>\n","protected":false},"excerpt":{"rendered":"<p>Amb la tem\u00e0tica \u201cLa conviv\u00e8ncia en mobilitat. Qu\u00e8 en pensen els joves?\u201d, el RACC juntament amb el Servei Catal\u00e0 de [&hellip;]<\/p>\n","protected":false},"author":1,"featured_media":15655,"comment_status":"open","ping_status":"closed","sticky":false,"template":"","format":"standard","meta":{"_bbp_topic_count":0,"_bbp_reply_count":0,"_bbp_total_topic_count":0,"_bbp_total_reply_count":0,"_bbp_voice_count":0,"_bbp_anonymous_reply_count":0,"_bbp_topic_count_hidden":0,"_bbp_reply_count_hidden":0,"_bbp_forum_subforum_count":0,"site-sidebar-layout":"default","site-content-layout":"","ast-site-content-layout":"","site-content-style":"default","site-sidebar-style":"default","ast-global-header-display":"","ast-banner-title-visibility":"","ast-main-header-display":"","ast-hfb-above-header-display":"","ast-hfb-below-header-display":"","ast-hfb-mobile-header-display":"","site-post-title":"","ast-breadcrumbs-content":"","ast-featured-img":"","footer-sml-layout":"","theme-transparent-header-meta":"","adv-header-id-meta":"","stick-header-meta":"","header-above-stick-meta":"","header-main-stick-meta":"","header-below-stick-meta":"","astra-migrate-meta-layouts":"default","ast-page-background-enabled":"default","ast-page-background-meta":{"desktop":{"background-color":"var(--ast-global-color-4)","background-image":"","background-repeat":"repeat","background-position":"center center","background-size":"auto","background-attachment":"scroll","background-type":"","background-media":"","overlay-type":"","overlay-color":"","overlay-opacity":"","overlay-gradient":""},"tablet":{"background-color":"","background-image":"","background-repeat":"repeat","background-position":"center center","background-size":"auto","background-attachment":"scroll","background-type":"","background-media":"","overlay-type":"","overlay-color":"","overlay-opacity":"","overlay-gradient":""},"mobile":{"background-color":"","background-image":"","background-repeat":"repeat","background-position":"center center","background-size":"auto","background-attachment":"scroll","background-type":"","background-media":"","overlay-type":"","overlay-color":"","overlay-opacity":"","overlay-gradient":""}},"ast-content-background-meta":{"desktop":{"background-color":"var(--ast-global-color-5)","background-image":"","background-repeat":"repeat","background-position":"center center","background-size":"auto","background-attachment":"scroll","background-type":"","background-media":"","overlay-type":"","overlay-color":"","overlay-opacity":"","overlay-gradient":""},"tablet":{"background-color":"var(--ast-global-color-5)","background-image":"","background-repeat":"repeat","background-position":"center center","background-size":"auto","background-attachment":"scroll","background-type":"","background-media":"","overlay-type":"","overlay-color":"","overlay-opacity":"","overlay-gradient":""},"mobile":{"background-color":"var(--ast-global-color-5)","background-image":"","background-repeat":"repeat","background-position":"center center","background-size":"auto","background-attachment":"scroll","background-type":"","background-media":"","overlay-type":"","overlay-color":"","overlay-opacity":"","overlay-gradient":""}},"footnotes":""},"categories":[354,1,29,76,446],"tags":[1357],"class_list":["post-15652","post","type-post","status-publish","format-standard","has-post-thumbnail","hentry","category-concurs","category-general","category-portada","category-recursos","category-secundaria","tag-mobilitat-segura"],"post_mailing_queue_ids":[],"_links":{"self":[{"href":"https:\/\/serveiseducatius.xtec.cat\/terraalta\/wp-json\/wp\/v2\/posts\/15652","targetHints":{"allow":["GET"]}}],"collection":[{"href":"https:\/\/serveiseducatius.xtec.cat\/terraalta\/wp-json\/wp\/v2\/posts"}],"about":[{"href":"https:\/\/serveiseducatius.xtec.cat\/terraalta\/wp-json\/wp\/v2\/types\/post"}],"author":[{"embeddable":true,"href":"https:\/\/serveiseducatius.xtec.cat\/terraalta\/wp-json\/wp\/v2\/users\/1"}],"replies":[{"embeddable":true,"href":"https:\/\/serveiseducatius.xtec.cat\/terraalta\/wp-json\/wp\/v2\/comments?post=15652"}],"version-history":[{"count":3,"href":"https:\/\/serveiseducatius.xtec.cat\/terraalta\/wp-json\/wp\/v2\/posts\/15652\/revisions"}],"predecessor-version":[{"id":15657,"href":"https:\/\/serveiseducatius.xtec.cat\/terraalta\/wp-json\/wp\/v2\/posts\/15652\/revisions\/15657"}],"wp:featuredmedia":[{"embeddable":true,"href":"https:\/\/serveiseducatius.xtec.cat\/terraalta\/wp-json\/wp\/v2\/media\/15655"}],"wp:attachment":[{"href":"https:\/\/serveiseducatius.xtec.cat\/terraalta\/wp-json\/wp\/v2\/media?parent=15652"}],"wp:term":[{"taxonomy":"category","embeddable":true,"href":"https:\/\/serveiseducatius.xtec.cat\/terraalta\/wp-json\/wp\/v2\/categories?post=15652"},{"taxonomy":"post_tag","embeddable":true,"href":"https:\/\/serveiseducatius.xtec.cat\/terraalta\/wp-json\/wp\/v2\/tags?post=15652"}],"curies":[{"name":"wp","href":"https:\/\/api.w.org\/{rel}","templated":true}]}}